{"id":80659,"date":"2025-03-13T11:47:40","date_gmt":"2025-03-13T10:47:40","guid":{"rendered":"https:\/\/www.fedaiisf.it\/?p=80659"},"modified":"2025-03-15T19:35:59","modified_gmt":"2025-03-15T18:35:59","slug":"direttiva-acque-reflue-urbane-le-aziende-dei-generici-la-impugnano-davanti-alla-corte-di-giustizia-ue-il-concetto-di-responsabilita-estesa","status":"publish","type":"post","link":"https:\/\/www.fedaiisf.it\/en\/direttiva-acque-reflue-urbane-le-aziende-dei-generici-la-impugnano-davanti-alla-corte-di-giustizia-ue-il-concetto-di-responsabilita-estesa\/","title":{"rendered":"Direttiva acque reflue urbane: le aziende dei generici la impugnano davanti alla Corte di giustizia UE. Il concetto di &#8220;Responsabilit\u00e0 estesa&#8221;"},"content":{"rendered":"<p><span style=\"font-size: 14pt;\">Secondo la Commissione, \u00e8 dal consumo e dall\u2019errato smaltimento dei relativi prodotti da parte di pazienti e clienti che deriva la gran parte dei residui presenti nelle acque reflue urbane attribuibili a questi settori. In realt\u00e0 si sta ignorando che questi provengono da molteplici altre fonti industriali o agricole.<\/span><\/p>\n<p><span style=\"font-size: 14pt;\"><img loading=\"lazy\" decoding=\"async\" class=\"wp-image-72948 alignright\" src=\"https:\/\/www.fedaiisf.it\/wp-content\/uploads\/2023\/08\/commissione-europea-1.jpeg\" alt=\"\" width=\"264\" height=\"148\" srcset=\"https:\/\/www.fedaiisf.it\/wp-content\/uploads\/2023\/08\/commissione-europea-1.jpeg 300w, https:\/\/www.fedaiisf.it\/wp-content\/uploads\/2023\/08\/commissione-europea-1-18x10.jpeg 18w\" sizes=\"auto, (max-width: 264px) 100vw, 264px\" \/>L\u2019obiettivo dichiarato del sistema EPR (\u201cresponsabilit\u00e0 estesa del produttore&#8221;) di incentivare lo sviluppo di farmaci pi\u00f9 ecologici non tiene conto delle specificit\u00e0 del settore farmaceutico, in cui modificare la composizione dei prodotti \u00e8 un processo estremamente complesso e spesso impraticabile senza compromettere l\u2019efficacia terapeutica.<\/span><\/p>\n<h3>Direttiva acque reflue urbane: le aziende degli off patent la impugnano davanti alla Corte di giustizia UE<\/h3>\n<p><strong>Nel mirino l\u2019introduzione di un sistema di \u201cresponsabilit\u00e0 estesa del produttore\u201d rispetto alla presenza di residui nelle acque reflue delle abitazioni e degli esercizi commerciali a seguito dell\u2019assunzione di medicinali da parte dei pazienti, con tariffe basate sul volume dei medicinali dispensati<\/strong><\/p>\n<p><a href=\"https:\/\/www.egualia.it\/it\/notizie\/5521-direttiva-acque-reflue-urbane-le-aziende-degli-off-patent-la-impugnano-davanti-alla-corte-di-giustizia-ue-2.html\" target=\"_blank\" rel=\"noopener\">Egualia &#8211; 10 marzo 2025<\/a><\/p>\n<p><em>\u201cUna misura abnorme e spropositata che rischia di scatenare uno tsunami di carenze di medicinali per le malattie croniche, principalmente fuori brevetto, con conseguenze molto serie per l\u2019accesso dei pazienti alle cure e per la sostenibilit\u00e0 dei sistemi sanitari europei\u201d.<\/em><\/p>\n<p><img loading=\"lazy\" decoding=\"async\" class=\"size-full wp-image-80662 aligncenter\" src=\"https:\/\/www.fedaiisf.it\/wp-content\/uploads\/2025\/03\/inquinamento-da-farmaci.png\" alt=\"\" width=\"767\" height=\"327\" srcset=\"https:\/\/www.fedaiisf.it\/wp-content\/uploads\/2025\/03\/inquinamento-da-farmaci.png 767w, https:\/\/www.fedaiisf.it\/wp-content\/uploads\/2025\/03\/inquinamento-da-farmaci-300x128.png 300w, https:\/\/www.fedaiisf.it\/wp-content\/uploads\/2025\/03\/inquinamento-da-farmaci-18x8.png 18w\" sizes=\"auto, (max-width: 767px) 100vw, 767px\" \/>L\u2019associazione dei produttori europei di equivalenti, biosimilari e VAM, Medicines for Europe, bolla cos\u00ec la <a href=\"https:\/\/eur-lex.europa.eu\/legal-content\/IT\/TXT\/HTML\/?uri=OJ:L_202403019\" target=\"_blank\" rel=\"noopener\">Direttiva 2024\/3019<\/a> sul trattamento delle acque reflue urbane (UWWTD), in vigore dal 1\u00b0 gennaio e in attesa di recepimento da parte degli Stati membri, appena impugnata davanti alla corte di Corte di giustizia UE da dieci multinazionali del settore dei farmaci fuori brevetto (off patent).<\/p>\n<p>A darne notizia \u00e8 la stessa Medicines for Europe in un <a href=\"https:\/\/www.medicinesforeurope.com\/wp-content\/uploads\/2025\/03\/Medicines-for-Europe-PR-UWWTD-Legal-Case-Press-release.pdf\" target=\"_blank\" rel=\"noopener\">comunicat<\/a><a href=\"https:\/\/www.medicinesforeurope.com\/wp-content\/uploads\/2025\/03\/Medicines-for-Europe-PR-UWWTD-Legal-Case-Press-release.pdf\" target=\"_blank\" rel=\"noopener\">or<\/a> appena diffuso a sostegno dell\u2019azione legale che mira a <em>\u00abevitare un onere di costi discriminatorio e sproporzionato e quindi a salvaguardare l&#8217;accesso dei pazienti ai medicinali essenziali\u00bb.<\/em><\/p>\n<p>L&#8217;UWWTD introduce un sistema di \u201cresponsabilit\u00e0 estesa del produttore&#8221; (EPR) sulla vendita di medicinali e cosmetici come forma di finanziamento degli investimenti necessari all\u2019introduzione del trattamento quaternario delle acque reflue urbane, quello cio\u00e8 che dovrebbe garantire l\u2019eliminazione dello spettro pi\u00f9 ampio possibile di sostanze residue nelle acque delle abitazioni e degli esercizi commerciali urbani.<\/p>\n<p>Orientata ad incoraggiare la pratica del riutilizzo delle acque reflue urbane trattate, in particolare nelle zone soggette a stress idrico, la Direttiva punta da un lato a ridurre pi\u00f9 efficacemente l&#8217;inquinamento alla fonte, con particolare attenzione alle acque reflue industriali che recapitano nella rete fognaria servita da impianto di trattamento finale, mentre introduce dall\u2019altro il trattamento quaternario per la rimozione delle sostanze residue, in particolare nel caso del riutilizzo destinato all&#8217;irrigazione agricola.<\/p>\n<p><img loading=\"lazy\" decoding=\"async\" class=\"wp-image-20208 alignleft\" src=\"https:\/\/www.fedaiisf.it\/wp-content\/uploads\/2015\/07\/depuratore-acqua.jpg\" alt=\"\" width=\"373\" height=\"184\" srcset=\"https:\/\/www.fedaiisf.it\/wp-content\/uploads\/2015\/07\/depuratore-acqua.jpg 640w, https:\/\/www.fedaiisf.it\/wp-content\/uploads\/2015\/07\/depuratore-acqua-300x148.jpg 300w\" sizes=\"auto, (max-width: 373px) 100vw, 373px\" \/>Nonostante il rispetto da parte dei siti di produzione delle severe leggi sulle emissioni, l\u2019EPR introdotta dalla Direttiva punta a far sostenere almeno l\u201980% dei costi di adeguamento degli impianti al trattamento quaternario ai produttori di medicinali per uso umano e di cosmetici, perch\u00e9, sostiene la Commissione, \u00e8 dal consumo e dall\u2019errato smaltimento dei relativi prodotti da parte di pazienti e clienti che deriva la gran parte dei residui presenti nelle acque reflue urbane attribuibili a questi settori. In realt\u00e0 si sta ignorando che questi provengono da molteplici altre fonti industriali o agricole.<\/p>\n<p>Il prezzo dei prodotti della cosmesi potr\u00e0 essere adeguato a far fronte ai nuovi oneri; i produttori di medicinali equivalenti non avranno la possibilit\u00e0 di adeguare liberamente i prezzi per effettuare una compensazione e si ritroveranno con prodotti resi economicamente non sostenibili dalla nuova direttiva, considerando che le tariffe EPR saranno basate sul volume di medicinali dispensati ai pazienti in ogni stato membro. Risultato: il sistema EPR colpisce in modo sproporzionato i produttori di medicinali fuori brevetto, in particolare equivalenti e biosimilari spina dorsale dei sistemi sanitari UE. rappresentando il 70% dei medicinali dispensati e il 90% dei medicinali essenziali, ma solo il 19% della spesa farmaceutica.<\/p>\n<p>La Direttiva stima in 1,2 miliardi di euro l\u2019anno il costo del trattamento delle acque, cifra che sarebbe invece drammaticamente sottostimata secondo le proiezioni basate su stime nazionali di Paesi come la Germania e secondo il raggruppamento europeo degli enti e delle imprese incaricate del trattamento delle acque a livello nazionale, che attesterebbero a una cifra oscillante tra i 5 e gli 11 miliardi di euro all&#8217;anno il costo reale dell\u2019operazione.<\/p>\n<p><img loading=\"lazy\" decoding=\"async\" class=\"wp-image-80663 alignright\" src=\"https:\/\/www.fedaiisf.it\/wp-content\/uploads\/2025\/03\/acque-inquinate.png\" alt=\"\" width=\"300\" height=\"225\" srcset=\"https:\/\/www.fedaiisf.it\/wp-content\/uploads\/2025\/03\/acque-inquinate.png 522w, https:\/\/www.fedaiisf.it\/wp-content\/uploads\/2025\/03\/acque-inquinate-300x225.png 300w, https:\/\/www.fedaiisf.it\/wp-content\/uploads\/2025\/03\/acque-inquinate-16x12.png 16w\" sizes=\"auto, (max-width: 300px) 100vw, 300px\" \/>Anche le cifre pi\u00f9 basse fornite dalla Commissione europea per la Direttiva sarebbero comunque insostenibili secondo le proiezioni di Medicines for Europe: pur assorbendo solo il 19% del mercato a valori l\u2019industria dei farmaci equivalenti e biosimilari si troverebbe a sostenere fino al 60% dei costi dello schema, con un impatto senza precedenti sulle forniture di medicinali utilizzati ogni giorno da milioni di pazienti in Europa. Si rischia che determinati medicinali, come ad esempio la metformina (diabete), l\u2019amoxicillina (antibiotico) o il levetiracetam (epilessia) spariscano progressivamente dal mercato privando i pazienti di cure essenziali e salvavita.<\/p>\n<p>Inoltre, l\u2019obiettivo dichiarato del sistema EPR di incentivare lo sviluppo di farmaci pi\u00f9 ecologici non tiene conto delle specificit\u00e0 del settore farmaceutico, in cui modificare la composizione dei prodotti \u00e8 un processo estremamente complesso e spesso impraticabile senza compromettere l\u2019efficacia terapeutica.<\/p>\n<p><em>\u00abSosteniamo fermamente le azioni legali contro il sistema discriminatorio e sproporzionato di responsabilit\u00e0 estesa del produttore nella direttiva sul trattamento delle acque reflue urbane<\/em> \u2013 commenta il Direttore generale di Medicines for Europe, Adrian van den Hoven \u2013. <em>L&#8217;accesso all&#8217;assistenza sanitaria \u00e8 un diritto fondamentale dei cittadini europei. Questa imposizione impraticabile e insostenibile contraddice questo diritto fondamentale e mette a repentaglio tutti gli sforzi per migliorare l&#8217;accesso ai medicinali\u00bb.<\/em><\/p>\n<p>Note:<\/p>\n<p class=\"text-align-justify\"><em>Il principio delle <strong>Responsabilit\u00e0 Estesa del Produttore<\/strong> promuove la responsabilit\u00e0 condivisa tra produttori, consumatori e autorit\u00e0 regolatorie per garantire uno sviluppo sostenibile e la gestione responsabile delle risorse, spostando il focus da un approccio lineare basato sulla produzione e lo smaltimento a uno circolare e sostenibile che tenga conto delle implicazioni ambientali e sociali dell&#8217;intero ciclo di vita di un prodotto.<\/em><\/p>\n<p class=\"text-align-justify\">Cardine della politica ambientale europea, il principio della <strong>Responsabilit\u00e0 Estesa del Produttore<\/strong> <strong>(EPR, <\/strong><em><strong>Extended Producer Responsibility<\/strong><\/em>) rappresenta una svolta per le politiche ambientali a livello comunitario.<\/p>\n<p class=\"text-align-justify\"><strong>Il principio EPR, infatti, attribuisce una responsabilit\u00e0 nuova ai soggetti definiti \u201cproduttori\u201d, che diventano responsabili dei propri prodotti dal principio alla fine, quindi, da quando sono progettati fino a quando diventano un rifiuto.<\/strong> Peraltro, \u00e8 importante sottolineare che per \u201cproduttore\u201d non si intende solo chi \u201cfabbrica\u201d un prodotto, ma anche chi per primo lo immette nel mercato di un paese europeo. Pertanto, la normativa EPR coinvolge &#8211; ad esempio &#8211; i siti e-commerce e marketplace e riguarda anche chi importa per la prima volta su un nuovo mercato.<\/p>\n<hr \/>\n<p>Related news: <a href=\"https:\/\/www.egualia.it\/it\/notizie\/5523-via-libera-della-commissione-ue-al-critical-medicines-act.html\" target=\"_blank\" rel=\"noopener\">Via libera della Commissione UE alla proposta di Regolamento anti-carenze<\/a><\/p>","protected":false},"excerpt":{"rendered":"<p>Secondo la Commissione, \u00e8 dal consumo e dall\u2019errato smaltimento dei relativi prodotti da parte di pazienti e clienti che deriva la gran parte dei residui presenti nelle acque reflue urbane attribuibili a questi settori. In realt\u00e0 si sta ignorando che questi provengono da molteplici altre fonti industriali o agricole. L\u2019obiettivo dichiarato del sistema EPR (\u201cresponsabilit\u00e0 &hellip;<\/p>","protected":false},"author":4,"featured_media":80664,"comment_status":"closed","ping_status":"closed","sticky":false,"template":"","format":"standard","meta":{"footnotes":""},"categories":[16],"tags":[31],"class_list":["post-80659","post","type-post","status-publish","format-standard","has-post-thumbnail","hentry","category-primo-piano","tag-generici"],"amp_enabled":true,"_links":{"self":[{"href":"https:\/\/www.fedaiisf.it\/en\/wp-json\/wp\/v2\/posts\/80659","targetHints":{"allow":["GET"]}}],"collection":[{"href":"https:\/\/www.fedaiisf.it\/en\/wp-json\/wp\/v2\/posts"}],"about":[{"href":"https:\/\/www.fedaiisf.it\/en\/wp-json\/wp\/v2\/types\/post"}],"author":[{"embeddable":true,"href":"https:\/\/www.fedaiisf.it\/en\/wp-json\/wp\/v2\/users\/4"}],"replies":[{"embeddable":true,"href":"https:\/\/www.fedaiisf.it\/en\/wp-json\/wp\/v2\/comments?post=80659"}],"version-history":[{"count":8,"href":"https:\/\/www.fedaiisf.it\/en\/wp-json\/wp\/v2\/posts\/80659\/revisions"}],"predecessor-version":[{"id":80670,"href":"https:\/\/www.fedaiisf.it\/en\/wp-json\/wp\/v2\/posts\/80659\/revisions\/80670"}],"wp:featuredmedia":[{"embeddable":true,"href":"https:\/\/www.fedaiisf.it\/en\/wp-json\/wp\/v2\/media\/80664"}],"wp:attachment":[{"href":"https:\/\/www.fedaiisf.it\/en\/wp-json\/wp\/v2\/media?parent=80659"}],"wp:term":[{"taxonomy":"category","embeddable":true,"href":"https:\/\/www.fedaiisf.it\/en\/wp-json\/wp\/v2\/categories?post=80659"},{"taxonomy":"post_tag","embeddable":true,"href":"https:\/\/www.fedaiisf.it\/en\/wp-json\/wp\/v2\/tags?post=80659"}],"curies":[{"name":"wp","href":"https:\/\/api.w.org\/{rel}","templated":true}]}}