{"id":80699,"date":"2025-03-14T11:45:14","date_gmt":"2025-03-14T10:45:14","guid":{"rendered":"https:\/\/www.fedaiisf.it\/?p=80699"},"modified":"2025-03-20T20:00:38","modified_gmt":"2025-03-20T19:00:38","slug":"stato-di-agitazione-alla-grunenthal-la-societa-ha-dichiarato-lintenzione-di-cessare-lattivita-di-informazione-scientifica","status":"publish","type":"post","link":"https:\/\/www.fedaiisf.it\/en\/stato-di-agitazione-alla-grunenthal-la-societa-ha-dichiarato-lintenzione-di-cessare-lattivita-di-informazione-scientifica\/","title":{"rendered":"Stato di Agitazione alla Grunenthal. La Societ\u00e0 ha dichiarato l&#8217;intenzione di cessare l&#8217;attivit\u00e0 di informazione scientifica"},"content":{"rendered":"<p><img loading=\"lazy\" decoding=\"async\" class=\"alignnone size-full wp-image-80700\" src=\"https:\/\/www.fedaiisf.it\/wp-content\/uploads\/2025\/03\/comunicati-siondacale.png\" alt=\"\" width=\"890\" height=\"478\" srcset=\"https:\/\/www.fedaiisf.it\/wp-content\/uploads\/2025\/03\/comunicati-siondacale.png 890w, https:\/\/www.fedaiisf.it\/wp-content\/uploads\/2025\/03\/comunicati-siondacale-300x161.png 300w, https:\/\/www.fedaiisf.it\/wp-content\/uploads\/2025\/03\/comunicati-siondacale-768x412.png 768w, https:\/\/www.fedaiisf.it\/wp-content\/uploads\/2025\/03\/comunicati-siondacale-18x10.png 18w\" sizes=\"auto, (max-width: 890px) 100vw, 890px\" \/><\/p>\n<p style=\"font-weight: 400; text-align: justify;\"><span style=\"color: #000000;\">A seguito della comunicazione fatta dall\u2019azienda Gr\u00fcnenthal Italia alla Rsu ed alle OO.SS. Territoriali nella giornata del 6 marzo dove veniva annunciata la volont\u00e0 di cessare l\u2019attivit\u00e0 di informazione scientifica del farmaco, con conseguente ridimensionamento anche della struttura di sede, le lavoratrici e lavoratori della Grunenthal, riuniti in assemblea nella giornata del 7 marzo, <strong>hanno deciso di dichiarare lo stato di agitazione.<\/strong>\u00a0 <\/span><br \/>\n<span style=\"color: #000000;\">Pertanto dalla data odierna sono sospese le ore di lavoro straordinario e supplementari, tutte le disponibilit\u00e0 e le attivit\u00e0 extra lavorative comprese tutte quelle che non possono essere svolte entro l\u2019orario di lavoro giornaliero. <\/span><\/p>\n<p style=\"font-weight: 400; text-align: justify;\"><span style=\"color: #000000;\">Si ritiene che quanto dichiarato dalla societ\u00e0 sia <strong>inaccettabile<\/strong>.\u00a0 <\/span><br \/>\n<span style=\"color: #000000;\">Le lavoratrici ed i lavoratori Grunenthal nel corso di questi anni hanno dimostrato una grande professionalit\u00e0, permettendo all\u2019azienda di ricavare notevoli profitti.\u00a0 Non \u00e8 in nessun modo accettabile che dopo i tanti sacrifici fatti negli ultimi anni, con continue ristrutturazioni e diminuzione del personale che dovevano essere propedeutiche ad un rilancio delle attivit\u00e0, che la societ\u00e0 arrivasse a tanto, dimostrando poca considerazione dell\u2019alto senso di responsabilit\u00e0, dello spirito di attaccamento e della fiducia riposta dalle maestranze nella propria azienda. <\/span><br \/>\n<span style=\"color: #000000;\">Non si pu\u00f2 subire passivamente questa scelta <strong>scellerata<\/strong>. <\/span><\/p>\n<p style=\"font-weight: 400; text-align: justify;\"><span style=\"color: #000000;\">L\u2019assemblea ha dato pieno mandato alla Rsu ed alle OO.SS. Territoriali di intraprendere tutte quelle iniziative idonee a tutelare i legittimi interessi delle lavoratrici e lavoratori, valutando anche di segnalare quanto sta accadendo agli organi di stampa ed alle strutture competenti. <\/span><\/p>\n<p style=\"font-weight: 400; text-align: justify;\"><span style=\"color: #000000;\">Ci aspettiamo che con l\u2019annunciata apertura della procedura di licenziamento collettivo il prossimo 13 marzo, l\u2019azienda sappia cogliere le sollecitazioni che verranno fatte per chiudere in modo positivo questa <strong>triste vicenda<\/strong>.\u00a0 <\/span><br \/>\n<span style=\"color: #000000;\">Non basta pi\u00f9 sbandierare principi come <strong>eticit\u00e0, rispetto delle proprie risorse e delle loro professionalit\u00e0, attenzione alle persone e responsabilit\u00e0 sociale d\u2019impresa<\/strong>, adesso ci vogliono i fatti e misureremo il Gruppo e l\u2019attuale dirigenza proprio su questi valori. <\/span><\/p>\n<p style=\"font-weight: 400; text-align: right;\"><span style=\"color: #000000;\">La Rsu Grunenthal e le OO.SS. Territoriali<\/span><\/p>\n<hr \/>\n<p style=\"text-align: justify;\">Related news: <a href=\"https:\/\/www.fedaiisf.it\/en\/linformatore-rimane-una-figura-centrale-fra-azienda-e-medico-il-parere-di-sterpone-ad\/\" target=\"_blank\" rel=\"noopener\">Does the informant remain a central figure between the company and the doctor? The opinion of Sterpone, AD Gr\u00fcnenthal<\/a><\/p>\n<p style=\"font-weight: 400;\"><a href=\"https:\/\/www.fedaiisf.it\/en\/la-lezione-del-talidomide-il-dramma-che-ha-cambiato-controlli-e-ricerca\/\" target=\"_blank\" rel=\"noopener\">The lesson of thalidomide, the drama that changed controls and research<\/a><\/p>\n<p>Note:<\/p>\n<p style=\"font-weight: 400;\"><em>La Gr\u00fcnenthal GmbH \u00e8 una industria farmaceutica tedesca con sede ad Aquisgrana. Fondata nel 1946 a Stolberg (Rhld.), fu la prima azienda tedesca a produrre e commercializzare la penicillina, sotto il controllo degli Alleati alla fine della seconda guerra mondiale. La societ\u00e0, come Gr\u00fcnenthal Pharma GmbH &amp; Co. Kommanditgesellschaft, appartiene alla famiglia Wirtz.<\/em><\/p>\n<p style=\"font-weight: 400;\"><em>La societ\u00e0 ha consociate in Europa e America latina e USA; il fatturato per il 50% \u00e8 dato dalla produzione di antidolorifici, attraverso lo sviluppo di molecole come Tramadol e Tapentadol. Gr\u00fcnenthal \u00e8 membro della Verband forschender Arzneimittelhersteller tedesca.<\/em><\/p>\n<p style=\"font-weight: 400;\"><em>La societ\u00e0 fu molto nota negli anni&#8217;50-&#8217;60 per la produzione e commercializzazione del farmaco Contergan, che determin\u00f2 lo scandalo omonimo. Il farmaco, basato sulla molecola sviluppata da Gr\u00fcnenthal a nome talidomide, fu commercializzata dal 1957 come neurolettico.<\/em><\/p>","protected":false},"excerpt":{"rendered":"<p>A seguito della comunicazione fatta dall\u2019azienda Gr\u00fcnenthal Italia alla Rsu ed alle OO.SS. Territoriali nella giornata del 6 marzo dove veniva annunciata la volont\u00e0 di cessare l\u2019attivit\u00e0 di informazione scientifica del farmaco, con conseguente ridimensionamento anche della struttura di sede, le lavoratrici e lavoratori della Grunenthal, riuniti in assemblea nella giornata del 7 marzo, hanno &hellip;<\/p>","protected":false},"author":4,"featured_media":80703,"comment_status":"closed","ping_status":"closed","sticky":false,"template":"","format":"standard","meta":{"footnotes":""},"categories":[16],"tags":[227,21,27,44],"class_list":["post-80699","post","type-post","status-publish","format-standard","has-post-thumbnail","hentry","category-primo-piano","tag-comunicato","tag-informatori-scientifici","tag-licenziati","tag-sindacati"],"amp_enabled":true,"_links":{"self":[{"href":"https:\/\/www.fedaiisf.it\/en\/wp-json\/wp\/v2\/posts\/80699","targetHints":{"allow":["GET"]}}],"collection":[{"href":"https:\/\/www.fedaiisf.it\/en\/wp-json\/wp\/v2\/posts"}],"about":[{"href":"https:\/\/www.fedaiisf.it\/en\/wp-json\/wp\/v2\/types\/post"}],"author":[{"embeddable":true,"href":"https:\/\/www.fedaiisf.it\/en\/wp-json\/wp\/v2\/users\/4"}],"replies":[{"embeddable":true,"href":"https:\/\/www.fedaiisf.it\/en\/wp-json\/wp\/v2\/comments?post=80699"}],"version-history":[{"count":6,"href":"https:\/\/www.fedaiisf.it\/en\/wp-json\/wp\/v2\/posts\/80699\/revisions"}],"predecessor-version":[{"id":80707,"href":"https:\/\/www.fedaiisf.it\/en\/wp-json\/wp\/v2\/posts\/80699\/revisions\/80707"}],"wp:featuredmedia":[{"embeddable":true,"href":"https:\/\/www.fedaiisf.it\/en\/wp-json\/wp\/v2\/media\/80703"}],"wp:attachment":[{"href":"https:\/\/www.fedaiisf.it\/en\/wp-json\/wp\/v2\/media?parent=80699"}],"wp:term":[{"taxonomy":"category","embeddable":true,"href":"https:\/\/www.fedaiisf.it\/en\/wp-json\/wp\/v2\/categories?post=80699"},{"taxonomy":"post_tag","embeddable":true,"href":"https:\/\/www.fedaiisf.it\/en\/wp-json\/wp\/v2\/tags?post=80699"}],"curies":[{"name":"wp","href":"https:\/\/api.w.org\/{rel}","templated":true}]}}