{"id":8070,"date":"2015-02-13T11:25:14","date_gmt":"2015-02-13T10:25:14","guid":{"rendered":"http:\/\/www.fedaiisf.it\/?p=8070"},"modified":"2015-02-13T11:25:14","modified_gmt":"2015-02-13T10:25:14","slug":"condanna-per-medicinali-scaduti-lesperto-norma-da-riformulare","status":"publish","type":"post","link":"https:\/\/www.fedaiisf.it\/en\/condanna-per-medicinali-scaduti-lesperto-norma-da-riformulare\/","title":{"rendered":"Conviction for expired medicines, the expert: rule to be reformulated"},"content":{"rendered":"<p><img loading=\"lazy\" decoding=\"async\" class=\"alignleft\" alt=\"Risultati immagini per farmaci scaduti normativa\" src=\"https:\/\/encrypted-tbn0.gstatic.com\/images?q=tbn:ANd9GcSzYvHlXAHMOT4H4p94NrK7kYzIJ6ELsJrpqiiLjegj26bxSZem\" width=\"225\" height=\"225\" \/>Nell&#8217;aprile del 2014 il Senato ha approvato un emendamento che proponeva la depenalizzazione la detenzione medicinali scaduti (<a href=\"http:\/\/www.farmacista33.it\/farmaci-scaduti-senato-approva-depenalizzazione-detenzione\/politica-e-sanita\/news-50556.html\" target=\"_blank\" rel=\"noopener\">cfr. Farmacista33 4 aprile 2014<\/a>) ma una recente sentenza(<a href=\"http:\/\/www.farmacista33.it\/cont\/farmacista33-news\/30371\/farmaci-scaduti-cassetti-della-farmacia-condannato-titolare.aspx\" target=\"_blank\" rel=\"noopener\">cfr. Farmacista33 10 febbraio 2015<\/a>), ha condannato il titolare di farmacia per questo reato. Che cosa \u00e8 successo in questi dieci mesi? Lo spiega in un commento\u00a0<b>Maurice Cini<\/b>, docente dell&#8217;Universit\u00e0 di Bologna con un aggiornamento della situazione del disegno di legge che, sottolinea,\u00a0\u00abnon riguarda solamente i medicinali scaduti ma anche altri illeciti in materia di abusivismo professionale\u00bb e oggi dovrebbe interessare anche le parafarmacie.<\/p>\n<p>Dopo l&#8217;approvazione al Senato del ddl S471, il testo \u00e8 ora alla Camera come C2281 ed ha iniziato il proprio iter con i primi passaggi in Commissione Giustizia il 18 novembre 2014. Il testo \u00e8 il medesimo uscito dal Senato e le osservazioni da me fatte nel precedente articolo sono pertanto confermate.<\/p>\n<p>La norma proposta interviene sull&#8217;art. 123 del Testo Unico delle Leggi Sanitarie che cos\u00ec attualmente recita al 1\u00b0 comma, lettera c): &#8220;Il titolare deve inoltre curare che i medicinali, dei quali la farmacia \u00e8 provvista, non siano n\u00e9 guasti n\u00e9 imperfetti. In caso di trasgressione a tale obbligo si applicano le pene stabilite dall&#8217;articolo 443 del codice penale&#8221;. Con la proposta di legge si vuole invece limitare l&#8217;applicazione della norma penale (art. 443 e 452 del codice penale), sostituendola con la sanzione amministrativa da 500 a 1500 euro ai soli casi in cui &#8220;risulta che per la modesta quantit\u00e0 di farmaci, le modalit\u00e0 di conservazione e l&#8217;ammontare complessivo delle riserve si pu\u00f2 concretamente escludere la loro destinazione al commercio&#8221;.<br \/>\nLodevole il principio di depenalizzare buona parte delle situazioni che molto spesso conducono in tribunale i titolari o i direttori di farmacia, ma la formulazione appare talmente generica e soggetta alla discrezionalit\u00e0 degli organi di vigilanza da suggerirne una riformulazione in fase di discussione alla Camera.<\/p>\n<p>Non vorrei che la discrezionalit\u00e0 conferita ad Asl e Nas portasse a situazioni di parzialit\u00e0 tali da far venire meno il senso stesso di giustizia. Leggendo attentamente la norma, come si potrebbe escludere l&#8217;applicazione della sanzione penale, previa denuncia all&#8217;Autorit\u00e0 Giudiziaria, per un&#8217;aspirina scaduta trovata proprio nel cassetto del banco in una piccola farmacia? Chi potrebbe escludere che i medicinali scaduti presenti nel cassetto del banco non siano destinati al commercio? Una norma senz&#8217;altro da riformulare.<br \/>\nQuanto al caso riportato da Farmacista33 vi \u00e8 ben poco da dire. La legge \u00e8 quella del codice penale del 1930, scritto in un&#8217;epoca in cui di medicinali industriali praticamente non ce n&#8217;erano perch\u00e9 pensata su di una farmacia degli anni &#8217;20. Inoltre &#8211; \u00e8 bene notarlo &#8211; la scadenza fu resa obbligatoria con una disposizione ministeriale del 1983.<br \/>\nLa sanzione applicata al caso di specie di mesi tre e giorni dieci di reclusione si basa sulla convinzione della natura colposa del delitto e quindi partendo da una pena da sei mesi a tre anni di reclusione (art. 443 c.p.) \u00e8 stata ridotta a quella comminata, dopo ricorso in Appello ed alla Cassazione che lo respingeva, in base all&#8217;art. 452 c.p. proprio per avere escluso l&#8217;intenzione di vendere i medicinali scaduti, ascrivendo alla negligenza il comportamento del farmacista.<br \/>\nIl legislatore per\u00f2, nel discutere il testo del ddl dovr\u00e0 considerare l&#8217;esistenza anche delle &#8220;parafarmacie&#8221; estendendo a queste la depenalizzazione e, soprattutto, rivalutando i margini di discrezionalit\u00e0 contenuti nel testo licenziato dal Senato.<\/p>\n<p>Prof.\u00a0<b>Maurice Cini<\/b><br \/>\nPresidente Associazione scientifica farmacisti italiani<\/p>\n<p><i><a href=\"http:\/\/www.farmacista33.it\/condanna-per-medicinali-scaduti-lesperto-norma-da-riformulare\/politica-e-sanita\/news--30420.html?xrtd=LAVVRRPATCSRYRACLCALPSC\" target=\"_blank\" rel=\"noopener\">Venerd\u00ec, 13 Febbraio 2015 \u2013 Farmacista33<\/a><\/i><\/p>\n<p><strong>Related news<\/strong>: <a href=\"http:\/\/www.fedaiisf.it\/en\/governo-matteo-renzi-depenalizzati-112-reati-quali-sono-mezze-verita-e-bufale\/\">Matteo Renzi government: decriminalized 112 crimes, what are they? Truths, half-truths and hoaxes.\u00a0<\/a> Vendere farmaci scaduti e alimenti tossici non sono pi\u00f9 condannabili dalla legge. L\u2019elenco di alcuni dei 112 reati depenalizzati dal Governo Matteo Renzi, vediamo che cosa accadr\u00e0 in Italia. Come spesso capita, sulla \u201cdepenalizzazione\u201d dei reati operata dal Governo si leggono notizie confuse, mezze verit\u00e0 e bufale in quantit\u00e0 industriale. Proviamo a fare un po\u2019 di chiarezza.<\/p>\n<p><strong>Ed<\/strong>.: <em>il decreto \u00e8 stato ritirato in seguito alle polemiche di depenalizzare i reati fiscali fino al 3%<\/em><\/p>","protected":false},"excerpt":{"rendered":"<p>Nell&#8217;aprile del 2014 il Senato ha approvato un emendamento che proponeva la depenalizzazione la detenzione medicinali scaduti (cfr. Farmacista33 4 aprile 2014) ma una recente sentenza(cfr. Farmacista33 10 febbraio 2015), ha condannato il titolare di farmacia per questo reato. Che cosa \u00e8 successo in questi dieci mesi? Lo spiega in un commento\u00a0Maurizio Cini, docente dell&#8217;Universit\u00e0 &hellip;<\/p>","protected":false},"author":4,"featured_media":8074,"comment_status":"closed","ping_status":"closed","sticky":false,"template":"","format":"standard","meta":{"footnotes":""},"categories":[1],"tags":[41],"class_list":["post-8070","post","type-post","status-publish","format-standard","has-post-thumbnail","hentry","category-notizie","tag-leggisentenze"],"amp_enabled":true,"_links":{"self":[{"href":"https:\/\/www.fedaiisf.it\/en\/wp-json\/wp\/v2\/posts\/8070","targetHints":{"allow":["GET"]}}],"collection":[{"href":"https:\/\/www.fedaiisf.it\/en\/wp-json\/wp\/v2\/posts"}],"about":[{"href":"https:\/\/www.fedaiisf.it\/en\/wp-json\/wp\/v2\/types\/post"}],"author":[{"embeddable":true,"href":"https:\/\/www.fedaiisf.it\/en\/wp-json\/wp\/v2\/users\/4"}],"replies":[{"embeddable":true,"href":"https:\/\/www.fedaiisf.it\/en\/wp-json\/wp\/v2\/comments?post=8070"}],"version-history":[{"count":0,"href":"https:\/\/www.fedaiisf.it\/en\/wp-json\/wp\/v2\/posts\/8070\/revisions"}],"wp:featuredmedia":[{"embeddable":true,"href":"https:\/\/www.fedaiisf.it\/en\/wp-json\/wp\/v2\/media\/8074"}],"wp:attachment":[{"href":"https:\/\/www.fedaiisf.it\/en\/wp-json\/wp\/v2\/media?parent=8070"}],"wp:term":[{"taxonomy":"category","embeddable":true,"href":"https:\/\/www.fedaiisf.it\/en\/wp-json\/wp\/v2\/categories?post=8070"},{"taxonomy":"post_tag","embeddable":true,"href":"https:\/\/www.fedaiisf.it\/en\/wp-json\/wp\/v2\/tags?post=8070"}],"curies":[{"name":"wp","href":"https:\/\/api.w.org\/{rel}","templated":true}]}}