{"id":80742,"date":"2025-03-25T06:51:31","date_gmt":"2025-03-25T05:51:31","guid":{"rendered":"https:\/\/www.fedaiisf.it\/?p=80742"},"modified":"2025-03-27T21:29:45","modified_gmt":"2025-03-27T20:29:45","slug":"informatori-scientifici-del-farmaco-un-convegno-a-bologna","status":"publish","type":"post","link":"https:\/\/www.fedaiisf.it\/en\/informatori-scientifici-del-farmaco-un-convegno-a-bologna\/","title":{"rendered":"Informatori scientifici del farmaco, un convegno a Bologna l&#8217;11 aprile"},"content":{"rendered":"<p><i>L&#8217;11 aprile si terr\u00e0 a Bologna, nel corso di Cosmofarma, il convegno della Federazione delle associazioni italiane degli informatori scientifici del farmaco. Tra i temi i potenziali effetti sulla professione dell\u2019intelligenza artificiale<\/i><\/p>\n<p><a href=\"https:\/\/www.farmacista33.it\/aggiornamento-professionale\/30822\/informatori-scientifici-del-farmaco-un-convegno-a-bologna.html\" target=\"_blank\" rel=\"noopener\">Redazione Farmacista33 &#8211; 13 marzo 2025<\/a><\/p>\n<p>Sar\u00e0 incentrato su \u201cInformazione scientifica, presente e futuro\u201d il convegno che si terr\u00e0 a Bologna l\u201911 aprile <img loading=\"lazy\" decoding=\"async\" class=\"wp-image-80710 alignright\" src=\"https:\/\/www.fedaiisf.it\/wp-content\/uploads\/2025\/03\/Antonio-Mazzarella-con-logo.png\" alt=\"\" width=\"200\" height=\"252\" srcset=\"https:\/\/www.fedaiisf.it\/wp-content\/uploads\/2025\/03\/Antonio-Mazzarella-con-logo.png 1066w, https:\/\/www.fedaiisf.it\/wp-content\/uploads\/2025\/03\/Antonio-Mazzarella-con-logo-238x300.png 238w, https:\/\/www.fedaiisf.it\/wp-content\/uploads\/2025\/03\/Antonio-Mazzarella-con-logo-812x1024.png 812w, https:\/\/www.fedaiisf.it\/wp-content\/uploads\/2025\/03\/Antonio-Mazzarella-con-logo-768x968.png 768w, https:\/\/www.fedaiisf.it\/wp-content\/uploads\/2025\/03\/Antonio-Mazzarella-con-logo-10x12.png 10w\" sizes=\"auto, (max-width: 200px) 100vw, 200px\" \/>alle 15, nel contesto di Cosmofarma, organizzato da Fedaiisf (Federazione delle associazioni italiane degli informatori scientifici del farmaco), associazione di categoria che riunisce quasi cinquemila informatori scientifici.<\/p>\n<p>In una ventina di anni sono passati da quasi 35mila ai circa 9mila attuali: un ridimensionamento, quello subito dagli informatori scientifici in Italia, giustificato anzitutto dal progressivo superamento dei brevetti e dal cambiamento delle tipologie di farmaci immessi sul mercato. Ora i timori si estendi \u00a0anche all&#8217;ingresso, di cui si discute molto, dell\u2019intelligenza artificiale anche nel campo sanitario e farmaceutico.<\/p>\n<p>\u00abNegli ultimi anni la ricerca ci ha consegnato sempre pi\u00f9 farmaci biologici e biotecnologici\u00bb, sottolinea il presidente di Fedaiisf <strong>Antonio Mazzarella<\/strong>. \u00abSe da un lato la farmaceutica \u00e8 la massima espressione della tecnologia in ambito chimico, dall\u2019altro lato diventa ancor pi\u00f9 importante avere un quadro di regole certe e di professionisti qualificati e costantemente aggiornati. La Federazione oggi avverte l\u2019esigenza di consolidare i rapporti con i vari stakeholder del farmaco: ministero della Salute, Aifa, Farmindustria, Federfarma, Fofi, che saranno presenti al convegno organizzato nell&#8217;ambito di Cosmofarma, perch\u00e9 tutti facciamo parte dello stesso sistema e siamo orientati al benessere del paziente\u00bb.<\/p>\n<p><strong>I registri regionali<\/strong><\/p>\n<figure id=\"attachment_47877\" aria-describedby=\"caption-attachment-47877\" style=\"width: 319px\" class=\"wp-caption alignleft\"><img loading=\"lazy\" decoding=\"async\" class=\"wp-image-47877\" src=\"https:\/\/www.fedaiisf.it\/wp-content\/uploads\/2020\/02\/Solfrini.jpeg\" alt=\"\" width=\"319\" height=\"244\" srcset=\"https:\/\/www.fedaiisf.it\/wp-content\/uploads\/2020\/02\/Solfrini.jpeg 512w, https:\/\/www.fedaiisf.it\/wp-content\/uploads\/2020\/02\/Solfrini-300x230.jpeg 300w\" sizes=\"auto, (max-width: 319px) 100vw, 319px\" \/><figcaption id=\"caption-attachment-47877\" class=\"wp-caption-text\">dottoressa &#8230;..<\/figcaption><\/figure>\n<p>Tra i relatori del convegno anche il direttore di distretto nell\u2019Asl di Bologna <strong>Valentina Solfrini<\/strong><\/p>\n<p>\u00abDiverse Regioni\u00bb, spiega Mazzarella, \u00abstanno attivando i registri degli informatori scientifici del farmaco e del parafarmaco e rilasciano un \u201ctesserino\u201d agli iscritti. Un modo per conoscere e riconoscere gli informatori che entrano nelle strutture pubbliche e lavorano quotidianamente al fianco dei professionisti della sanit\u00e0. Questi registri, una sorta di albo regionale, sono gi\u00e0 stati istituiti in Basilicata, Calabria, Campania e Marche. L\u2019Emilia Romagna invece ha previsto un applicativo in cui registra medici e informatori scientifici; mentre Molise, Sicilia e altre Regioni hanno avviato l\u2019iter per la creazione dei loro registri\u00bb.<\/p>\n<p>Il convegno Fedaiisf sar\u00e0 l\u2019occasione per fare il punto su questa iniziativa, che potrebbe assumere rilievo nazionale ma sar\u00e0 soprattutto l\u2019occasione per consolidare i rapporti tra gli informatori scientifici e gli altri interlocutori della farmaceutica, nella consapevolezza che la coperta del Servizio sanitario \u00e8 sempre pi\u00f9 corta.<\/p>\n<p>\u00abI farmaci che entreranno sul mercato nei prossimi anni\u00bb, continua Mazzarella, \u00absaranno in gran parte ad alta ricerca biologica, parliamo di anticorpi monoclonali e farmaci biologici che, per loro stessa natura, avranno pochi medici prescrittori e quindi porteranno a una ulteriore riduzione del numero di informatori. Noi vogliamo arrivare preparati a questo appuntamento ma anche a quello con l\u2019applicazione dell\u2019intelligenza artificiale, che \u00e8 un processo inevitabile ma deve essere gestito correttamente affinch\u00e9 diventi un supporto sia per il lavoro dell&#8217;informatore scientifico, sia per l&#8217;operativit\u00e0 delle aziende farmaceutiche e del Servizio Sanitario.<\/p>\n<p><img loading=\"lazy\" decoding=\"async\" class=\"wp-image-80715 alignright\" src=\"https:\/\/www.fedaiisf.it\/wp-content\/uploads\/2025\/03\/empatia-e-AI.png\" alt=\"\" width=\"339\" height=\"228\" srcset=\"https:\/\/www.fedaiisf.it\/wp-content\/uploads\/2025\/03\/empatia-e-AI.png 970w, https:\/\/www.fedaiisf.it\/wp-content\/uploads\/2025\/03\/empatia-e-AI-300x202.png 300w, https:\/\/www.fedaiisf.it\/wp-content\/uploads\/2025\/03\/empatia-e-AI-768x516.png 768w, https:\/\/www.fedaiisf.it\/wp-content\/uploads\/2025\/03\/empatia-e-AI-18x12.png 18w\" sizes=\"auto, (max-width: 339px) 100vw, 339px\" \/>L\u2019intelligenza artificiale pu\u00f2 essere un valido mezzo per aiutare l&#8217;informatore scientifico ad avere maggiori informazioni in tempi pi\u00f9 rapidi, ma non potr\u00e0 ma i sostituirsi al professionista, come \u00e8 emerso di recente anche in Australia dove, dopo aver inizialmente ipotizzato di affidare il ruolo di informatore scientifico all\u2019intelligenza artificiale, si \u00e8 in seguito optato per il \u201cmodello Italia\u201d. Il nostro Paese, infatti, ha una normativa ad hoc sull\u2019informatore scientifico, che viene posto al centro della professione, mentre tutto quello che sta intorno \u00e8 da considerare un mezzo a supporto del lavoro umano\u00bb.<\/p>\n<p>In conclusione, il presidente di Fedaiisf ritiene che la categoria \u00abnon debba temere l&#8217;ingresso dell\u2019intelligenza artificiale, ma non possa farsi trovare impreparata. Come associazione saremo sempre pi\u00f9 presenti con convegni e corsi di formazione per i colleghi, ma anche con l&#8217;adesione a campagne di promozione della salute, per rinsaldare ancor pi\u00f9 il nostro ruolo di ponte all&#8217;interno della filiera del farmaco, anello di congiunzione tra industria del farmaco e Servizio sanitario nazionale\u00bb.<\/p>\n<hr \/>\n<p><img loading=\"lazy\" decoding=\"async\" class=\"size-full wp-image-80650 aligncenter\" src=\"https:\/\/www.fedaiisf.it\/wp-content\/uploads\/2025\/03\/Screenshot-2025-03-12-alle-18.12.26.png\" alt=\"\" width=\"1674\" height=\"224\" srcset=\"https:\/\/www.fedaiisf.it\/wp-content\/uploads\/2025\/03\/Screenshot-2025-03-12-alle-18.12.26.png 1674w, https:\/\/www.fedaiisf.it\/wp-content\/uploads\/2025\/03\/Screenshot-2025-03-12-alle-18.12.26-300x40.png 300w, https:\/\/www.fedaiisf.it\/wp-content\/uploads\/2025\/03\/Screenshot-2025-03-12-alle-18.12.26-1024x137.png 1024w, https:\/\/www.fedaiisf.it\/wp-content\/uploads\/2025\/03\/Screenshot-2025-03-12-alle-18.12.26-768x103.png 768w, https:\/\/www.fedaiisf.it\/wp-content\/uploads\/2025\/03\/Screenshot-2025-03-12-alle-18.12.26-1536x206.png 1536w, https:\/\/www.fedaiisf.it\/wp-content\/uploads\/2025\/03\/Screenshot-2025-03-12-alle-18.12.26-18x2.png 18w\" sizes=\"auto, (max-width: 1674px) 100vw, 1674px\" \/><\/p>\n<p><img loading=\"lazy\" decoding=\"async\" class=\"size-full wp-image-80655 aligncenter\" src=\"https:\/\/www.fedaiisf.it\/wp-content\/uploads\/2025\/03\/planimetria-fiera-bologna-frecce.png\" alt=\"\" width=\"1410\" height=\"1342\" srcset=\"https:\/\/www.fedaiisf.it\/wp-content\/uploads\/2025\/03\/planimetria-fiera-bologna-frecce.png 1410w, https:\/\/www.fedaiisf.it\/wp-content\/uploads\/2025\/03\/planimetria-fiera-bologna-frecce-300x286.png 300w, https:\/\/www.fedaiisf.it\/wp-content\/uploads\/2025\/03\/planimetria-fiera-bologna-frecce-1024x975.png 1024w, https:\/\/www.fedaiisf.it\/wp-content\/uploads\/2025\/03\/planimetria-fiera-bologna-frecce-768x731.png 768w, https:\/\/www.fedaiisf.it\/wp-content\/uploads\/2025\/03\/planimetria-fiera-bologna-frecce-13x12.png 13w\" sizes=\"auto, (max-width: 1410px) 100vw, 1410px\" \/><\/p>","protected":false},"excerpt":{"rendered":"<p>L&#8217;11 aprile si terr\u00e0 a Bologna, nel corso di Cosmofarma, il convegno della Federazione delle associazioni italiane degli informatori scientifici del farmaco. Tra i temi i potenziali effetti sulla professione dell\u2019intelligenza artificiale Redazione Farmacista33 &#8211; 13 marzo 2025 Sar\u00e0 incentrato su \u201cInformazione scientifica, presente e futuro\u201d il convegno che si terr\u00e0 a Bologna l\u201911 aprile &hellip;<\/p>","protected":false},"author":4,"featured_media":80258,"comment_status":"closed","ping_status":"closed","sticky":false,"template":"","format":"standard","meta":{"footnotes":""},"categories":[1],"tags":[45],"class_list":["post-80742","post","type-post","status-publish","format-standard","has-post-thumbnail","hentry","category-notizie","tag-fedaiisf"],"amp_enabled":true,"_links":{"self":[{"href":"https:\/\/www.fedaiisf.it\/en\/wp-json\/wp\/v2\/posts\/80742","targetHints":{"allow":["GET"]}}],"collection":[{"href":"https:\/\/www.fedaiisf.it\/en\/wp-json\/wp\/v2\/posts"}],"about":[{"href":"https:\/\/www.fedaiisf.it\/en\/wp-json\/wp\/v2\/types\/post"}],"author":[{"embeddable":true,"href":"https:\/\/www.fedaiisf.it\/en\/wp-json\/wp\/v2\/users\/4"}],"replies":[{"embeddable":true,"href":"https:\/\/www.fedaiisf.it\/en\/wp-json\/wp\/v2\/comments?post=80742"}],"version-history":[{"count":7,"href":"https:\/\/www.fedaiisf.it\/en\/wp-json\/wp\/v2\/posts\/80742\/revisions"}],"predecessor-version":[{"id":80911,"href":"https:\/\/www.fedaiisf.it\/en\/wp-json\/wp\/v2\/posts\/80742\/revisions\/80911"}],"wp:featuredmedia":[{"embeddable":true,"href":"https:\/\/www.fedaiisf.it\/en\/wp-json\/wp\/v2\/media\/80258"}],"wp:attachment":[{"href":"https:\/\/www.fedaiisf.it\/en\/wp-json\/wp\/v2\/media?parent=80742"}],"wp:term":[{"taxonomy":"category","embeddable":true,"href":"https:\/\/www.fedaiisf.it\/en\/wp-json\/wp\/v2\/categories?post=80742"},{"taxonomy":"post_tag","embeddable":true,"href":"https:\/\/www.fedaiisf.it\/en\/wp-json\/wp\/v2\/tags?post=80742"}],"curies":[{"name":"wp","href":"https:\/\/api.w.org\/{rel}","templated":true}]}}