{"id":80746,"date":"2025-03-28T10:14:32","date_gmt":"2025-03-28T09:14:32","guid":{"rendered":"https:\/\/www.fedaiisf.it\/?p=80746"},"modified":"2025-03-28T11:07:47","modified_gmt":"2025-03-28T10:07:47","slug":"a-cosmofarma-informatori-scientifici-a-confronto-sulle-sfide-dellia","status":"publish","type":"post","link":"https:\/\/www.fedaiisf.it\/en\/a-cosmofarma-informatori-scientifici-a-confronto-sulle-sfide-dellia\/","title":{"rendered":"A Cosmofarma informatori scientifici a confronto sulle sfide dell\u2019IA"},"content":{"rendered":"<p><em>Fedaiisf vi aspetta a Cosmofarma I&#8217;11 aprile per il convegno sulle nuove frontiere della professione di Informatore scientifico. Ne parla <strong>Farma7<\/strong> di cui vi riportiamo il<a href=\"https:\/\/farma7.it\/a-cosmofarma-informatori-scientifici-a-confronto-sulle-sfide-dellia\/\" target=\"_blank\" rel=\"noopener\"> links<\/a><a href=\"https:\/\/farma7.it\/2025\/03\/14\/a-cosmofarma-informatori-scientifici-a-confronto-sulle-sfide-dellia\/\" target=\"_blank\" rel=\"noopener\">.<\/a><\/em><\/p>\n<hr \/>\n<h3>A Cosmofarma informatori scientifici a confronto sulle sfide dell\u2019IA<\/h3>\n<p>In una ventina di anni sono passati da quasi 35mila ai circa 9mila attuali, un ridimensionamento drastico quello subito dagli informatori scientifici in Italia, che ora si preparano ad una nuova rivoluzione della professione con l\u2019ingresso dell\u2019intelligenza artificiale anche nel campo sanitario e farmaceutico.<em>\u00a0<\/em><\/p>\n<h4 style=\"text-align: justify; padding-left: 40px;\">Gli informatori scientifici faranno il punto su questa svolta nel convegno \u201cInformazione scientifica presente e futuro\u201d promossa da Fedaiisf, l\u2019associazione di categoria, che si terr\u00e0 venerd\u00ec 11 aprile, alle ore 14, a Cosmofarma (Bologna Fiere).<\/h4>\n<p><img loading=\"lazy\" decoding=\"async\" class=\"wp-image-80710 alignleft\" src=\"https:\/\/www.fedaiisf.it\/wp-content\/uploads\/2025\/03\/Antonio-Mazzarella-con-logo.png\" alt=\"\" width=\"189\" height=\"238\" srcset=\"https:\/\/www.fedaiisf.it\/wp-content\/uploads\/2025\/03\/Antonio-Mazzarella-con-logo.png 1066w, https:\/\/www.fedaiisf.it\/wp-content\/uploads\/2025\/03\/Antonio-Mazzarella-con-logo-238x300.png 238w, https:\/\/www.fedaiisf.it\/wp-content\/uploads\/2025\/03\/Antonio-Mazzarella-con-logo-812x1024.png 812w, https:\/\/www.fedaiisf.it\/wp-content\/uploads\/2025\/03\/Antonio-Mazzarella-con-logo-768x968.png 768w, https:\/\/www.fedaiisf.it\/wp-content\/uploads\/2025\/03\/Antonio-Mazzarella-con-logo-10x12.png 10w\" sizes=\"auto, (max-width: 189px) 100vw, 189px\" \/>\u00abLa Federazione oggi avverte l\u2019esigenza di consolidare i rapporti con i vari stakeholder del farmaco: ministero della Salute, Aifa, Farmindustria, Federfarma, Fofi, che saranno presenti al convegno organizzato nell\u2019ambito di <a href=\"https:\/\/www.cosmofarma.com\/it\/\" target=\"_blank\" rel=\"noopener\">Cosmofarma<\/a>, perch\u00e9 tutti facciamo parte dello stesso sistema e siamo orientati al benessere del paziente\u00bb ha commentato <strong>Antonio Mazzarella<\/strong>, presidente nazionale Fedaiisf. Il convegno Fedaiisf sar\u00e0 l\u2019occasione per fare il punto su questa iniziativa, che potrebbe assumere rilievo nazionale, ma sar\u00e0 soprattutto l\u2019occasione per consolidare i rapporti tra gli informatori scientifici e gli altri interlocutori della farmaceutica.<\/p>\n<p>\u00abI farmaci che entreranno sul mercato nei prossimi anni saranno in gran parte ad alta ricerca biologica, parliamo di anticorpi monoclonali e farmaci biologici che avranno pochi medici prescrittori e quindi porteranno ad una ulteriore riduzione del numero di informatori\u00bb ha concluso Mazzarella \u00abNoi vogliamo arrivare preparati a questo appuntamento ma anche a quello con l\u2019<strong>applicazione dell\u2019<a href=\"https:\/\/farma7.it\/2024\/11\/18\/al-farma-piace-lintelligenza-artificiale\/\" target=\"_blank\" rel=\"noopener\">artificial intelligence<\/a><\/strong>, che \u00e8 un processo inevitabile ma deve essere gestito correttamente affinch\u00e9 diventi un supporto sia per il lavoro dell\u2019informatore scientifico. <strong>L\u2019intelligenza artificiale pu\u00f2 essere un valido mezzo per aiutare l\u2019informatore scientifico ad avere maggiori informazioni in tempi pi\u00f9 rapidi<\/strong>, ma non potr\u00e0 mai sostituirsi al professionista\u00bb.<\/p>\n<hr \/>\n<p><img loading=\"lazy\" decoding=\"async\" class=\"wp-image-80650 aligncenter\" src=\"https:\/\/www.fedaiisf.it\/wp-content\/uploads\/2025\/03\/Screenshot-2025-03-12-alle-18.12.26.png\" alt=\"\" width=\"606\" height=\"81\" srcset=\"https:\/\/www.fedaiisf.it\/wp-content\/uploads\/2025\/03\/Screenshot-2025-03-12-alle-18.12.26.png 1674w, https:\/\/www.fedaiisf.it\/wp-content\/uploads\/2025\/03\/Screenshot-2025-03-12-alle-18.12.26-300x40.png 300w, https:\/\/www.fedaiisf.it\/wp-content\/uploads\/2025\/03\/Screenshot-2025-03-12-alle-18.12.26-1024x137.png 1024w, https:\/\/www.fedaiisf.it\/wp-content\/uploads\/2025\/03\/Screenshot-2025-03-12-alle-18.12.26-768x103.png 768w, https:\/\/www.fedaiisf.it\/wp-content\/uploads\/2025\/03\/Screenshot-2025-03-12-alle-18.12.26-1536x206.png 1536w, https:\/\/www.fedaiisf.it\/wp-content\/uploads\/2025\/03\/Screenshot-2025-03-12-alle-18.12.26-18x2.png 18w\" sizes=\"auto, (max-width: 606px) 100vw, 606px\" \/><\/p>\n<p>&nbsp;<\/p>\n<p>Note:<\/p>\n<p><em>L&#8217;IA deve essere vista come un supporto, non come un sostituto, per migliorare la sinergia tra Servizio <img loading=\"lazy\" decoding=\"async\" class=\"wp-image-80715 alignleft\" src=\"https:\/\/www.fedaiisf.it\/wp-content\/uploads\/2025\/03\/empatia-e-AI.png\" alt=\"\" width=\"339\" height=\"228\" srcset=\"https:\/\/www.fedaiisf.it\/wp-content\/uploads\/2025\/03\/empatia-e-AI.png 970w, https:\/\/www.fedaiisf.it\/wp-content\/uploads\/2025\/03\/empatia-e-AI-300x202.png 300w, https:\/\/www.fedaiisf.it\/wp-content\/uploads\/2025\/03\/empatia-e-AI-768x516.png 768w, https:\/\/www.fedaiisf.it\/wp-content\/uploads\/2025\/03\/empatia-e-AI-18x12.png 18w\" sizes=\"auto, (max-width: 339px) 100vw, 339px\" \/>Scientifico dell&#8217;azienda e FieldForce e per costruire una comunicazione sempre pi\u00f9 mirata e efficace.<\/em><\/p>\n<p><em>Il ruolo dell\u2019informatore scientifico continua a evolversi. Alberto Malva evidenzia che, mentre l\u2019IA pu\u00f2 automatizzare la veicolazione di contenuti scientifici, il fattore umano nel rapporto tra informatori e medici rimarr\u00e0 insostituibile. <\/em><\/p>\n<p><em>Le capacit\u00e0 di ascolto, confronto e supporto al medico diventeranno sempre pi\u00f9 determinanti. Questa evoluzione richieder\u00e0 alle aziende di adattare le loro strategie, valorizzando ulteriormente il rapporto umano e migliorando continuamente la formazione e <img loading=\"lazy\" decoding=\"async\" class=\"wp-image-80716 alignright\" src=\"https:\/\/www.fedaiisf.it\/wp-content\/uploads\/2025\/03\/etica-e-AI.png\" alt=\"\" width=\"341\" height=\"229\" srcset=\"https:\/\/www.fedaiisf.it\/wp-content\/uploads\/2025\/03\/etica-e-AI.png 970w, https:\/\/www.fedaiisf.it\/wp-content\/uploads\/2025\/03\/etica-e-AI-300x202.png 300w, https:\/\/www.fedaiisf.it\/wp-content\/uploads\/2025\/03\/etica-e-AI-768x516.png 768w, https:\/\/www.fedaiisf.it\/wp-content\/uploads\/2025\/03\/etica-e-AI-18x12.png 18w\" sizes=\"auto, (max-width: 341px) 100vw, 341px\" \/>il supporto agli informatori.<\/em><\/p>\n<p>(Source: <a href=\"https:\/\/www.linkedin.com\/pulse\/lia-sostituir\u00e0-gli-informatori-scientifici-gunpowdereu-nvelf\/\" target=\"_blank\" rel=\"noopener\">Alberto Malva, di MedQuestio<\/a>)<\/p>\n<p>Related news:<a href=\"https:\/\/www.linkedin.com\/in\/rahul-pandita-marketing\/\" target=\"_blank\" rel=\"noopener\">\u00a0<strong>Rahul Pandita <\/strong><\/a>21st Feb, 2024 &#8211; <a href=\"https:\/\/www.teqfocus.com\/blog\/empower-your-pharma-sales-force-with-ai-navigating-the-future-together\/#:~:text=The%20integration%20of%20AI%20could,than%20replacing%20the%20human%20touch.\" target=\"_blank\" rel=\"noopener\">Teqfocus<\/a><\/p>\n<hr \/>\n<div class=\"wpb_text_column wpb_content_element\">\n<div class=\"wpb_wrapper\">\n<p><strong>\u00c8 possibile <a href=\"https:\/\/bestunion.queue-it.net\/?c=bestunion&amp;e=fierabologna&amp;t=https:\/\/bolognafiere.vivaticket.com\/COSMOFARMA2025\/Presale?Setlanguage=it-IT\" target=\"_blank\" rel=\"noopener\">acquistare il biglietto<\/a> per accedere a Cosmofarma Exhibition 2025 <u>solamente online<\/u>. <\/strong><\/p>\n<p><strong>REGISTRATI E ACQUISTA IL TUO BIGLIETTO DI COSMOFARMA 2025:<\/strong><\/p>\n<\/div>\n<\/div>\n<div class=\"wpb_text_column wpb_content_element\">\n<div class=\"wpb_wrapper\">\n<p><strong>Dal 15 gennaio al 31 marzo (compreso) <\/strong><strong>20,00\u20ac<\/strong><\/p>\n<\/div>\n<\/div>\n<div class=\"wpb_text_column wpb_content_element\">\n<div class=\"wpb_wrapper\">\n<p><strong>Dal 1 aprile 2025 <\/strong><strong>\u00a025,00 \u20ac<\/strong><\/p>\n<p><strong>Si segnala che i laureati in farmacia possono accedere GRATUITAMENTE alla fiera e ricevere il proprio biglietto valido per tutti i giorni di manifestazione soltanto previa registrazione da effettuare <a href=\"https:\/\/www.cosmofarma.com\/it\/sei-un-farmacista\/\" target=\"_blank\" rel=\"noopener\">esclusivamente on-line<\/a> e utilizzando l\u2019apposito codice omaggio secondo le indicazioni che saranno fornite dalla Federazione<\/strong><\/p>\n<\/div>\n<\/div>\n<hr \/>\n<h3>Indicazioni per raggiungere la fiera<\/h3>\n<p>L\u2019area fieristica di Bologna \u00e8 facilmente raggiungibile dall\u2019Italia e dall\u2019estero in aereo, in treno, in bus o in automobile. Il quartiere \u00e8 ben servito dai mezzi pubblici locali e dispone di un\u2019ampia area destinata al parcheggio auto.<\/p>\n<h3><span style=\"font-size: 24px; font-weight: bold;\">Auto<\/span><\/h3>\n<div class=\"wpb_text_column wpb_content_element\">\n<div class=\"wpb_wrapper\">\n<p>Dalle autostrade A1 (Milano, Firenze, Roma) e A14 (Rimini, Ancona, Bari): uscire direttamente al casello \u201cBOLOGNA FIERA\u201d sull\u2019Autostrada A14 per Ingresso Nord e Parcheggio Michelino.<\/p>\n<p>Dall\u2019autostrada A13 (Ferrara, Padova, Venezia): uscita \u201cBOLOGNA ARCOVEGGIO\u201d poi tangenziale uscita 8 per Ingresso Nord e Parcheggio Multipiano Est Michelino (Via Ondina Valla).<\/p>\n<p>Dal centro citt\u00e0: ingresso Ovest Costituzione e parcheggio Piazza Costituzione.<\/p>\n<p>Parcheggio: tariffa unica giornaliera 20,00 euro IVA inclusa.<\/p>\n<p>Per informazioni: <strong><a href=\"http:\/\/www.bfparking.it\/\" target=\"_blank\" rel=\"noopener noreferrer\">www.bfparking.it<\/a><\/strong><\/p>\n<\/div>\n<\/div>\n<div class=\"wpb_text_column wpb_content_element\">\n<div class=\"wpb_wrapper\">\n<h3 class=\"my-1\">Bus, taxi e servizi urbani<\/h3>\n<p><strong>Taxi: Radio Taxi CAT <\/strong>051.4590 e app it taxi<strong>, Radio Taxi COTABO<\/strong>\u00a0051.372727 e \u00a0<strong>Taxiclic easy <\/strong><\/p>\n<p><strong>Bus<\/strong>: La fermata dei bus si trova all\u2019ingresso Ovest Costituzione, le linee 28 \u2013 35 e 38 collegano il quartiere fieristico con il centro storico in 10 minuti.<\/p>\n<p>Per informazioni: <strong><a href=\"http:\/\/www.tper.it\/\" target=\"_blank\" rel=\"noopener noreferrer\">www.tper.it<\/a><\/strong><\/p>\n<\/div>\n<\/div>\n<p><img loading=\"lazy\" decoding=\"async\" class=\"wp-image-80655 aligncenter\" src=\"https:\/\/www.fedaiisf.it\/wp-content\/uploads\/2025\/03\/planimetria-fiera-bologna-frecce.png\" alt=\"\" width=\"576\" height=\"548\" srcset=\"https:\/\/www.fedaiisf.it\/wp-content\/uploads\/2025\/03\/planimetria-fiera-bologna-frecce.png 1410w, https:\/\/www.fedaiisf.it\/wp-content\/uploads\/2025\/03\/planimetria-fiera-bologna-frecce-300x286.png 300w, https:\/\/www.fedaiisf.it\/wp-content\/uploads\/2025\/03\/planimetria-fiera-bologna-frecce-1024x975.png 1024w, https:\/\/www.fedaiisf.it\/wp-content\/uploads\/2025\/03\/planimetria-fiera-bologna-frecce-768x731.png 768w, https:\/\/www.fedaiisf.it\/wp-content\/uploads\/2025\/03\/planimetria-fiera-bologna-frecce-13x12.png 13w\" sizes=\"auto, (max-width: 576px) 100vw, 576px\" \/><\/p>\n<p>&nbsp;<\/p>","protected":false},"excerpt":{"rendered":"<p>Fedaiisf vi aspetta a Cosmofarma I&#8217;11 aprile per il convegno sulle nuove frontiere della professione di Informatore scientifico. Ne parla Farma7 di cui vi riportiamo il link. A Cosmofarma informatori scientifici a confronto sulle sfide dell\u2019IA In una ventina di anni sono passati da quasi 35mila ai circa 9mila attuali, un ridimensionamento drastico quello subito &hellip;<\/p>","protected":false},"author":4,"featured_media":80749,"comment_status":"closed","ping_status":"closed","sticky":false,"template":"","format":"standard","meta":{"footnotes":""},"categories":[1,14],"tags":[45,21],"class_list":["post-80746","post","type-post","status-publish","format-standard","has-post-thumbnail","hentry","category-notizie","category-news-fedaiisf","tag-fedaiisf","tag-informatori-scientifici"],"amp_enabled":true,"_links":{"self":[{"href":"https:\/\/www.fedaiisf.it\/en\/wp-json\/wp\/v2\/posts\/80746","targetHints":{"allow":["GET"]}}],"collection":[{"href":"https:\/\/www.fedaiisf.it\/en\/wp-json\/wp\/v2\/posts"}],"about":[{"href":"https:\/\/www.fedaiisf.it\/en\/wp-json\/wp\/v2\/types\/post"}],"author":[{"embeddable":true,"href":"https:\/\/www.fedaiisf.it\/en\/wp-json\/wp\/v2\/users\/4"}],"replies":[{"embeddable":true,"href":"https:\/\/www.fedaiisf.it\/en\/wp-json\/wp\/v2\/comments?post=80746"}],"version-history":[{"count":12,"href":"https:\/\/www.fedaiisf.it\/en\/wp-json\/wp\/v2\/posts\/80746\/revisions"}],"predecessor-version":[{"id":80917,"href":"https:\/\/www.fedaiisf.it\/en\/wp-json\/wp\/v2\/posts\/80746\/revisions\/80917"}],"wp:featuredmedia":[{"embeddable":true,"href":"https:\/\/www.fedaiisf.it\/en\/wp-json\/wp\/v2\/media\/80749"}],"wp:attachment":[{"href":"https:\/\/www.fedaiisf.it\/en\/wp-json\/wp\/v2\/media?parent=80746"}],"wp:term":[{"taxonomy":"category","embeddable":true,"href":"https:\/\/www.fedaiisf.it\/en\/wp-json\/wp\/v2\/categories?post=80746"},{"taxonomy":"post_tag","embeddable":true,"href":"https:\/\/www.fedaiisf.it\/en\/wp-json\/wp\/v2\/tags?post=80746"}],"curies":[{"name":"wp","href":"https:\/\/api.w.org\/{rel}","templated":true}]}}