{"id":80777,"date":"2025-03-19T06:35:53","date_gmt":"2025-03-19T05:35:53","guid":{"rendered":"https:\/\/www.fedaiisf.it\/?p=80777"},"modified":"2025-03-18T18:59:25","modified_gmt":"2025-03-18T17:59:25","slug":"oggi-giornata-in-memoria-delle-vittime-del-covid-bandiere-a-mezzasta","status":"publish","type":"post","link":"https:\/\/www.fedaiisf.it\/en\/oggi-giornata-in-memoria-delle-vittime-del-covid-bandiere-a-mezzasta\/","title":{"rendered":"Il 18 marzo giornata in memoria delle vittime del Covid. Bandiere a mezz&#8217;asta"},"content":{"rendered":"<p>Si \u00e8 celebrato il 18 marzo la Giornata nazionale in memoria delle vittime dell&#8217;epidemia di Covid. Bandiere a mezz&#8217;asta in Senato.<\/p>\n<p><img loading=\"lazy\" decoding=\"async\" class=\"wp-image-50549 alignright\" src=\"https:\/\/www.fedaiisf.it\/wp-content\/uploads\/2020\/05\/vaccino-covid.jpg\" alt=\"\" width=\"287\" height=\"164\" srcset=\"https:\/\/www.fedaiisf.it\/wp-content\/uploads\/2020\/05\/vaccino-covid.jpg 812w, https:\/\/www.fedaiisf.it\/wp-content\/uploads\/2020\/05\/vaccino-covid-300x171.jpg 300w, https:\/\/www.fedaiisf.it\/wp-content\/uploads\/2020\/05\/vaccino-covid-768x439.jpg 768w\" sizes=\"auto, (max-width: 287px) 100vw, 287px\" \/>&#8220;<em>Sono trascorsi cinque anni dall&#8217;inizio della pandemia da Covid 19, un evento che ha segnato profondamente il nostro Paese e il mondo intero. Oggi rendiamo omaggio alla memoria di tutte le vittime e ci stringiamo con rispetto e commozione alle loro famiglie<\/em>&#8221; ha scritto il ministro della Difesa Guido Crosetto sul profilo X del dicastero<\/p>\n<p><em>\u201cOggi, nella Giornata Nazionale in Memoria delle Vittime dell\u2019epidemia da Coronavirus,<\/em>\u00a0vogliamo ricordare i\u00a0<strong><em>383<\/em><\/strong><em> medici e odontoiatri che hanno perso la vita per il Covid, e ai 514mila operatori che si sono contagiati, soprattutto nella prima fase della pandemia, quando ancora non erano disponibili i vaccini e mancavano anche i pi\u00f9 elementari \u00a0dispositivi di protezione. Del loro operato, della loro abnegazione deve rimanere memoria, perch\u00e9 solo attraverso la memoria di ci\u00f2 che \u00e8 accaduto pu\u00f2 passare la ricostruzione del nostro Servizio Sanitario Nazionale e delle nostre stesse esistenze\u201d.<\/em><\/p>\n<p>Cos\u00ec il Presidente della Federazione Nazionale degli Ordini dei Medici Chirurghi e Odontoiatri, Filippo <strong>Rings<\/strong>.<\/p>\n<p><em>\u201c\u00c8 per loro, \u00e8 per gli oltre 197mila cittadini deceduti<\/em>\u00a0\u2013 he concludes\u00a0<strong>Rings<\/strong>\u00a0\u2013\u00a0<em>ma anche per i 25milioni e quattrocentomila guariti: \u00e8 per tutti noi che non dobbiamo arrenderci. Dobbiamo <img loading=\"lazy\" decoding=\"async\" class=\"wp-image-971 alignleft\" src=\"https:\/\/www.fedaiisf.it\/wp-content\/uploads\/2014\/07\/vaccini.bambini.jpg\" alt=\"\" width=\"270\" height=\"143\" srcset=\"https:\/\/www.fedaiisf.it\/wp-content\/uploads\/2014\/07\/vaccini.bambini.jpg 500w, https:\/\/www.fedaiisf.it\/wp-content\/uploads\/2014\/07\/vaccini.bambini-300x158.jpg 300w\" sizes=\"auto, (max-width: 270px) 100vw, 270px\" \/>mantenere fede alla grande promessa fatta durante il Covid e continuare a sostenere il nostro Servizio Sanitario Nazionale&#8221; (Fonte: <a href=\"https:\/\/portale.fnomceo.it\/giornata-memoria-vittime-covid-anelli-fnomceo-mantenere-la-grande-promessa-e-sostenere-ssn\/\" target=\"_blank\" rel=\"noopener\">FNOMCeO<\/a>)<\/em><\/p>\n<p>Prendendo spunto del quinto anniversario della diagnosi di COVID-19 nel nostro Paese, la Commissione Salute dell\u2019Accademia dei Lincei esprime forte preoccupazione per il calo della copertura vaccinale in Italia. La Commissione Salute dell\u2019Accademia dei Lincei lancia &#8220;Un Segnale di Allarme e Preoccupazione&#8221; pubblicando un <a href=\"https:\/\/www.lincei.it\/sites\/default\/files\/2025\/Documento_Vaccini_Lincei_Revised11-03-25_fin.pdf\" target=\"_blank\" rel=\"noopener\">document<\/a> in merito frutto di un lavoro del Gruppo di Lavoro composto da Alberto Mantovani, Guido Forni, Giuseppe Ippolito, Rino Rappuoli.<\/p>\n<p>Ne riportiamo alcuni stralci:<\/p>\n<p class=\"p1\">In Italia la copertura vaccinale per alcuni vaccini dell\u2019infanzia \u00e8 al di sotto della soglia raccomandata e vi sono motivi di forte preoccupazione. Ad esempio, nel 2024 in Italia sono stati segnalati 1045 casi di morbillo mentre nel 2023 i casi erano 44. \u00c8 bene ricordare che il morbillo pu\u00f2 avere gravi conseguenze.<\/p>\n<p class=\"p1\">Inoltre, nella maggior parte dei Paesi Europei, Italia compresa, c&#8217;\u00e8 stato un incremento esponenziale nell&#8217;incidenza di pertosse tra la fine del 2023 e il primo trimestre 2024.<\/p>\n<p class=\"p1\">Nel nostro Paese la copertura per i vaccini dell\u2019et\u00e0 adulta \u00e8 ancora peggiore. Ad esempio, nella stagione 2023\/2024 la copertura vaccinale per l\u2019influenza \u00e8 scesa al 18,9% rispetto alla stagione precedente quando era del 20,2%. Negli anziani, la copertura \u00e8 diminuita di 3,4 punti percentuali rispetto alla stagione precedente scendendo al 53,3% rispetto al 56,7% della stagione 2022-23.<\/p>\n<p class=\"p1\">Dopo il picco raggiunto nella stagione pandemica 2020-21 con 65,3%, si osserva un costante andamento in diminuzione portandosi a valori ben al di sotto dell\u2019obiettivo minimo del 75% e di quello ottimale del 90%. La percentuale di copertura vaccinale varia significativamente tra le regioni.<\/p>\n<p class=\"p1\">Nonostante i vaccini abbiano contribuito in modo straordinario al miglioramento della salute globale, oltre un milione di bambini muore ogni anno nei Paesi a basso reddito a causa della <img loading=\"lazy\" decoding=\"async\" class=\"wp-image-80784 alignright\" src=\"https:\/\/www.fedaiisf.it\/wp-content\/uploads\/2025\/03\/covid-imorti-bergamo.jpeg\" alt=\"\" width=\"214\" height=\"214\" srcset=\"https:\/\/www.fedaiisf.it\/wp-content\/uploads\/2025\/03\/covid-imorti-bergamo.jpeg 1080w, https:\/\/www.fedaiisf.it\/wp-content\/uploads\/2025\/03\/covid-imorti-bergamo-300x300.jpeg 300w, https:\/\/www.fedaiisf.it\/wp-content\/uploads\/2025\/03\/covid-imorti-bergamo-1024x1024.jpeg 1024w, https:\/\/www.fedaiisf.it\/wp-content\/uploads\/2025\/03\/covid-imorti-bergamo-150x150.jpeg 150w, https:\/\/www.fedaiisf.it\/wp-content\/uploads\/2025\/03\/covid-imorti-bergamo-768x768.jpeg 768w, https:\/\/www.fedaiisf.it\/wp-content\/uploads\/2025\/03\/covid-imorti-bergamo-12x12.jpeg 12w\" sizes=\"auto, (max-width: 214px) 100vw, 214px\" \/>mancata disponibilit\u00e0 di vaccini fondamentali, come quelli contro morbillo, tetano e pertosse.<\/p>\n<p class=\"p1\">La pandemia di COVID-19 ha dimostrato ancora una volta che i vaccini sono una fondamentale cintura di sicurezza per l\u2019Umanit\u00e0. La Commissione Salute auspica che il centro Biotecnopolo possa diventare pienamente operativo il prima possibile, a beneficio della salute pubblica nazionale.<\/p>\n<p class=\"p1\"><span style=\"font-size: 14pt;\"><strong>Un appello<\/strong><\/span><\/p>\n<p class=\"p1\">Alla luce di questi dati, la Commissione Salute dell\u2019Accademia dei Lincei manifesta la propria preoccupazione per il calo della copertura vaccinale in Italia e invita a promuovere una campagna di sensibilizzazione sull\u2019importanza della ricerca scientifica e, in particolare, sui benefici dei vaccini.<\/p>\n<p class=\"p1\"><a href=\"https:\/\/www.lincei.it\/sites\/default\/files\/2025\/Documento_Vaccini_Lincei_Revised11-03-25_fin.pdf\" target=\"_blank\" rel=\"noopener\">Commissione Salute dell\u2019Accademia dei Lincei. Vaccini e Salute Pubblica<\/a><\/p>\n<p>Related news: <a href=\"https:\/\/portale.fnomceo.it\/elenco-dei-medici-caduti-nel-corso-dellepidemia-di-covid-19\/\" target=\"_blank\" rel=\"noopener\">Elenco dei Medici caduti nel corso dell\u2019epidemia di Covid-19<\/a><\/p>\n<p class=\"p1\"><a href=\"https:\/\/www.lincei.it\/sites\/default\/files\/2025\/Lincei_SSN_comunicato_finale_ANL_032025.pdf\" target=\"_blank\" rel=\"noopener\">Accademia Nazionale dei Lincei. <b>La crisi dei servizi sanitari universalistici<\/b><\/a><\/p>\n<p>Note: <em><strong>Storia dell&#8217;Accademia dei Lincei<\/strong><\/em><\/p>\n<p><em>Federico Cesi (1586-1630) era un patrizio umbro-romano, appassionato studioso di scienze naturali, soprattutto di botanica. Per promuovere e coltivare questi studi naturalistici, egli fond\u00f2 <img loading=\"lazy\" decoding=\"async\" class=\"wp-image-80786 alignleft\" src=\"https:\/\/www.fedaiisf.it\/wp-content\/uploads\/2025\/03\/palazzo-corsini-lincei.png\" alt=\"\" width=\"282\" height=\"242\" srcset=\"https:\/\/www.fedaiisf.it\/wp-content\/uploads\/2025\/03\/palazzo-corsini-lincei.png 590w, https:\/\/www.fedaiisf.it\/wp-content\/uploads\/2025\/03\/palazzo-corsini-lincei-300x258.png 300w, https:\/\/www.fedaiisf.it\/wp-content\/uploads\/2025\/03\/palazzo-corsini-lincei-14x12.png 14w\" sizes=\"auto, (max-width: 282px) 100vw, 282px\" \/>a Roma nel 1603 un sodalizio con tre giovani amici, l&#8217;olandese Giovanni Heckius (italianizzato in &#8220;Ecchio&#8221;), il marchigiano Francesco Stelluti e l&#8217;umbro Anastasio de Filiis, denominando la loro compagnia come Accademia dei Lincei, per l&#8217;eccezionale acutezza di sguardo attribuita alla lince, un felino di ancor non estinta specie, preso a simbolo della dotta compagnia di studiosi. Oggetto del suo studio, nel disegno del Cesi, erano tutte le scienze della natura, da indagarsi con libera osservazione sperimentale.<\/em><\/p>\n<p><em>Alla morte prematura del Cesi, la sua creatura prediletta, l&#8217;Accademia, sband\u00f2 e si isteril\u00ec, nonostante gli sforzi generosi di dotti quali lo Stelluti e Cassiano dal Pozzo per salvarne il materiale e ideale patrimonio nell&#8217;avversa fortuna.<\/em><\/p>\n<p><em>Un deciso ricollegarsi ai Lincei cesiani si ebbe solo ad opera di Pio IX, che nel 1847 ristabil\u00ec la seicentesca Accademia con l&#8217;antico nome, come &#8220;Pontificia Accademia dei Nuovi Lincei&#8221;.<\/em><\/p>\n<p><em>La sede dell&#8217;Accademia Nazionale dei Lincei \u00e8 Palazzo Corsini, in via della Lungara, 10, a Roma, nel rione di Trastevere.<\/em><\/p>\n<p>&nbsp;<\/p>","protected":false},"excerpt":{"rendered":"<p>Si \u00e8 celebrato il 18 marzo la Giornata nazionale in memoria delle vittime dell&#8217;epidemia di Covid. Bandiere a mezz&#8217;asta in Senato. &#8220;Sono trascorsi cinque anni dall&#8217;inizio della pandemia da Covid 19, un evento che ha segnato profondamente il nostro Paese e il mondo intero. Oggi rendiamo omaggio alla memoria di tutte le vittime e ci &hellip;<\/p>","protected":false},"author":4,"featured_media":80787,"comment_status":"closed","ping_status":"closed","sticky":false,"template":"","format":"standard","meta":{"footnotes":""},"categories":[1],"tags":[39],"class_list":["post-80777","post","type-post","status-publish","format-standard","has-post-thumbnail","hentry","category-notizie","tag-vaccini"],"amp_enabled":true,"_links":{"self":[{"href":"https:\/\/www.fedaiisf.it\/en\/wp-json\/wp\/v2\/posts\/80777","targetHints":{"allow":["GET"]}}],"collection":[{"href":"https:\/\/www.fedaiisf.it\/en\/wp-json\/wp\/v2\/posts"}],"about":[{"href":"https:\/\/www.fedaiisf.it\/en\/wp-json\/wp\/v2\/types\/post"}],"author":[{"embeddable":true,"href":"https:\/\/www.fedaiisf.it\/en\/wp-json\/wp\/v2\/users\/4"}],"replies":[{"embeddable":true,"href":"https:\/\/www.fedaiisf.it\/en\/wp-json\/wp\/v2\/comments?post=80777"}],"version-history":[{"count":9,"href":"https:\/\/www.fedaiisf.it\/en\/wp-json\/wp\/v2\/posts\/80777\/revisions"}],"predecessor-version":[{"id":80789,"href":"https:\/\/www.fedaiisf.it\/en\/wp-json\/wp\/v2\/posts\/80777\/revisions\/80789"}],"wp:featuredmedia":[{"embeddable":true,"href":"https:\/\/www.fedaiisf.it\/en\/wp-json\/wp\/v2\/media\/80787"}],"wp:attachment":[{"href":"https:\/\/www.fedaiisf.it\/en\/wp-json\/wp\/v2\/media?parent=80777"}],"wp:term":[{"taxonomy":"category","embeddable":true,"href":"https:\/\/www.fedaiisf.it\/en\/wp-json\/wp\/v2\/categories?post=80777"},{"taxonomy":"post_tag","embeddable":true,"href":"https:\/\/www.fedaiisf.it\/en\/wp-json\/wp\/v2\/tags?post=80777"}],"curies":[{"name":"wp","href":"https:\/\/api.w.org\/{rel}","templated":true}]}}