{"id":80969,"date":"2025-03-31T20:02:01","date_gmt":"2025-03-31T18:02:01","guid":{"rendered":"https:\/\/www.fedaiisf.it\/?p=80969"},"modified":"2025-04-19T19:51:21","modified_gmt":"2025-04-19T17:51:21","slug":"rimini-incentivi-ai-medici-per-ridurre-prescrizioni-e-quindi-spesa-scoppia-la-polemica","status":"publish","type":"post","link":"https:\/\/www.fedaiisf.it\/en\/rimini-incentivi-ai-medici-per-ridurre-prescrizioni-e-quindi-spesa-scoppia-la-polemica\/","title":{"rendered":"Rimini, incentivi ai medici per ridurre prescrizioni e quindi spesa: scoppia la polemica"},"content":{"rendered":"<p>SNAMI: \u00ab<span style=\"text-decoration: underline;\"><strong>La proposta avanzata da Ausl suona come una sorta di un comparaggio al contrario\u00bb<\/strong><\/span><\/p>\n<p>In Romagna si accende il dibattito sulla proposta dell\u2019Ausl di incentivare i medici di famiglia a limitare la prescrizione di farmaci. L\u2019iniziativa prevede un fondo di 550mila euro per il 2025, destinato a ridurre l\u2019uso di antibiotici e la somministrazione eccessiva di farmaci agli anziani. Tuttavia, la misura incontra forti resistenze da parte del Sindacato nazionale autonomo medici italiani (Snami), che la considera in contrasto con l\u2019etica professionale.<\/p>\n<p><a href=\"https:\/\/giornalesm.com\/rimini-incentivi-ai-medici-per-ridurre-prescrizioni-e-quindi-spesa-scoppia-la-polemica\/\" target=\"_blank\" rel=\"noopener\">Giornalesm &#8211; 31 marzo 2025<\/a><\/p>\n<h4>L\u2019obiettivo della misura<\/h4>\n<p><img loading=\"lazy\" decoding=\"async\" class=\"wp-image-80976 alignright\" src=\"https:\/\/www.fedaiisf.it\/wp-content\/uploads\/2025\/03\/Mappa_dellAUSL_Romagna.png\" alt=\"\" width=\"399\" height=\"408\" srcset=\"https:\/\/www.fedaiisf.it\/wp-content\/uploads\/2025\/03\/Mappa_dellAUSL_Romagna.png 587w, https:\/\/www.fedaiisf.it\/wp-content\/uploads\/2025\/03\/Mappa_dellAUSL_Romagna-294x300.png 294w, https:\/\/www.fedaiisf.it\/wp-content\/uploads\/2025\/03\/Mappa_dellAUSL_Romagna-12x12.png 12w\" sizes=\"auto, (max-width: 399px) 100vw, 399px\" \/>L\u2019Ausl Romagna, da tempo impegnata nel controllo della spesa farmaceutica e nella promozione di un uso pi\u00f9 appropriato dei medicinali, ha individuato due aree critiche. Da un lato, un utilizzo elevato di antibiotici, che contribuisce alla crescente resistenza batterica; dall\u2019altro, il trattamento farmacologico eccessivo tra gli over 75, con il 12,08% dei pazienti che assumono nove o pi\u00f9 farmaci al giorno. Per affrontare il problema, 230mila euro saranno destinati alla promozione degli antibiotici a spettro ridotto, mentre 140mila euro serviranno a ridurre il numero di anziani sottoposti a terapie con mix di medicinali.<\/p>\n<h4>Le critiche dei medici<\/h4>\n<p>Nonostante l\u2019intento dichiarato di migliorare la qualit\u00e0 delle prescrizioni, lo Snami Rimini ha gi\u00e0 annunciato la sua opposizione alla proposta, come avviene dal 2023. Secondo il sindacato, incentivi di questo tipo rischiano di compromettere l\u2019indipendenza dei medici, inducendoli a modificare le prescrizioni non solo per ragioni cliniche, ma anche per ottenere il premio economico. La polemica si inserisce in un contesto pi\u00f9 ampio di attenzione ai rapporti tra sanit\u00e0 pubblica e dinamiche economiche, richiamando alla memoria episodi passati di ingerenze dell\u2019industria farmaceutica sulle scelte terapeutiche.<\/p>\n<h4>Un investimento che potrebbe essere destinato altrove<\/h4>\n<p>Oltre ai dubbi di natura etica, gli oppositori sottolineano che i fondi stanziati potrebbero essere utilizzati in modo diverso. La proposta alternativa avanzata dallo Snami \u00e8 quella di impiegare queste risorse per migliorare la formazione dei medici o per l\u2019acquisto di nuove attrezzature sanitarie, come ambulanze o strumenti diagnostici avanzati.<\/p>\n<p>La discussione resta aperta e l\u2019Ausl Romagna dovr\u00e0 ora valutare come procedere di fronte a un fronte di medici contrari a quella che considerano un\u2019interferenza nelle loro scelte terapeutiche.<\/p>\n<p>Note<\/p>\n<p><em><img loading=\"lazy\" decoding=\"async\" class=\"wp-image-80977 alignleft\" src=\"https:\/\/www.fedaiisf.it\/wp-content\/uploads\/2025\/03\/Pietro-Pesaresi-Rimini.png\" alt=\"\" width=\"252\" height=\"270\" srcset=\"https:\/\/www.fedaiisf.it\/wp-content\/uploads\/2025\/03\/Pietro-Pesaresi-Rimini.png 306w, https:\/\/www.fedaiisf.it\/wp-content\/uploads\/2025\/03\/Pietro-Pesaresi-Rimini-280x300.png 280w, https:\/\/www.fedaiisf.it\/wp-content\/uploads\/2025\/03\/Pietro-Pesaresi-Rimini-11x12.png 11w\" sizes=\"auto, (max-width: 252px) 100vw, 252px\" \/>\u00abIo non firmer\u00f2<\/em> \u2013 spiega il presidente riminese SNAMI <strong>Pietro Pesaresi<\/strong> \u2013 <em>E\u2019 giusto prescrivere farmaci appropriatamente? S\u00ec! E\u2019 deontologico dare premi in denaro ai medici per prescrivere \u201cmeglio\u201d certi farmaci ? Ne dubito fortemente\u2026.\u00bb<\/em><\/p>\n<p>\u00ab<em>\u00c8 giusto prescrivere farmaci con appropriatezza ma dubito con forza che sia deontologico dispensare premi in denaro ai medici perch\u00e9 compilino meglio le ricette\u00bb.<\/em><\/p>\n<p><em>\u00ab<span style=\"text-decoration: underline;\"><strong>La proposta avanzata da Ausl suona invece come una sorta di un comparaggio al contrario<\/strong><\/span>. Tutto parte dall\u2019analisi di dati da cui \u00e8 emerso, tra l\u2019altro, che a Rimini si prescrivono troppi antibiotici rispetto alla media regionale. Il che provoca gravi conseguenze perch\u00e9 pi\u00f9 antibiotici si usano, teniamolo a mente, pi\u00f9 i microbi diventano resistenti agli antibiotici stessi. Ecco perch\u00e9 si tratta di medicinali da prescrivere con criterio e solo qualora sia necessario.<\/em><\/p>\n<p><em><a href=\"https:\/\/portale.fnomceo.it\/wp-content\/uploads\/2023\/08\/Indirizzi_applicativi_allegati_-_Art._30_acc.pdf\" target=\"_blank\" rel=\"noopener\"><img loading=\"lazy\" decoding=\"async\" class=\"wp-image-80974 alignleft\" src=\"https:\/\/www.fedaiisf.it\/wp-content\/uploads\/2025\/03\/deontologia.png\" alt=\"\" width=\"584\" height=\"46\" srcset=\"https:\/\/www.fedaiisf.it\/wp-content\/uploads\/2025\/03\/deontologia.png 1224w, https:\/\/www.fedaiisf.it\/wp-content\/uploads\/2025\/03\/deontologia-300x24.png 300w, https:\/\/www.fedaiisf.it\/wp-content\/uploads\/2025\/03\/deontologia-1024x80.png 1024w, https:\/\/www.fedaiisf.it\/wp-content\/uploads\/2025\/03\/deontologia-768x60.png 768w, https:\/\/www.fedaiisf.it\/wp-content\/uploads\/2025\/03\/deontologia-18x1.png 18w\" sizes=\"auto, (max-width: 584px) 100vw, 584px\" \/><\/a>Ma da qui a proporre premi in caso di tagli alle ricette, ce ne corre. \u00c8 nostro dovere rispettare il codice deontologico secondo cui il medico non pu\u00f2 essere influenzato da nulla che non siano la sua scelta, la coscienza e l\u2019utilizzo delle risorse.<\/em><\/p>\n<p><em>Zero intromissioni, dunque, e a maggior ragione zero pressioni. In ambulatorio, in buona sostanza, non deve aleggiare alcun retro pensiero, si valutano solo le priorit\u00e0 del paziente<\/em>\u00bb.<\/p>\n<p>(Source: <a href=\"https:\/\/www.corriereromagna.it\/rimini\/incentivi-ai-medici-di-base-dall-ausl-romagna-per-tagliare-i-farmaci-rifiutiamo-non-e-deontologico-quei-soldi-andrebbero-investiti-in-altro-CX1330004\" target=\"_blank\" rel=\"noopener\">Corriere di Romagna<\/a>)<\/p>\n<p>&nbsp;<\/p>\n<p>Related news: <a href=\"https:\/\/www.snami.org\/wp-content\/uploads\/Comunicato-stampa-31-marzo-2025-1.pdf\" target=\"_blank\" rel=\"noopener\">SNAMI. Sanit\u00e0 alla deriva: fermate il Titanic prima dell\u2019impatto<\/a><\/p>","protected":false},"excerpt":{"rendered":"<p>SNAMI: \u00abLa proposta avanzata da Ausl suona come una sorta di un comparaggio al contrario\u00bb In Romagna si accende il dibattito sulla proposta dell\u2019Ausl di incentivare i medici di famiglia a limitare la prescrizione di farmaci. L\u2019iniziativa prevede un fondo di 550mila euro per il 2025, destinato a ridurre l\u2019uso di antibiotici e la somministrazione &hellip;<\/p>","protected":false},"author":4,"featured_media":73939,"comment_status":"closed","ping_status":"closed","sticky":false,"template":"","format":"standard","meta":{"footnotes":""},"categories":[16],"tags":[41,26,79],"class_list":["post-80969","post","type-post","status-publish","format-standard","has-post-thumbnail","hentry","category-primo-piano","tag-leggisentenze","tag-spesa-farmaceutica","tag-ssn"],"amp_enabled":true,"_links":{"self":[{"href":"https:\/\/www.fedaiisf.it\/en\/wp-json\/wp\/v2\/posts\/80969","targetHints":{"allow":["GET"]}}],"collection":[{"href":"https:\/\/www.fedaiisf.it\/en\/wp-json\/wp\/v2\/posts"}],"about":[{"href":"https:\/\/www.fedaiisf.it\/en\/wp-json\/wp\/v2\/types\/post"}],"author":[{"embeddable":true,"href":"https:\/\/www.fedaiisf.it\/en\/wp-json\/wp\/v2\/users\/4"}],"replies":[{"embeddable":true,"href":"https:\/\/www.fedaiisf.it\/en\/wp-json\/wp\/v2\/comments?post=80969"}],"version-history":[{"count":10,"href":"https:\/\/www.fedaiisf.it\/en\/wp-json\/wp\/v2\/posts\/80969\/revisions"}],"predecessor-version":[{"id":80982,"href":"https:\/\/www.fedaiisf.it\/en\/wp-json\/wp\/v2\/posts\/80969\/revisions\/80982"}],"wp:featuredmedia":[{"embeddable":true,"href":"https:\/\/www.fedaiisf.it\/en\/wp-json\/wp\/v2\/media\/73939"}],"wp:attachment":[{"href":"https:\/\/www.fedaiisf.it\/en\/wp-json\/wp\/v2\/media?parent=80969"}],"wp:term":[{"taxonomy":"category","embeddable":true,"href":"https:\/\/www.fedaiisf.it\/en\/wp-json\/wp\/v2\/categories?post=80969"},{"taxonomy":"post_tag","embeddable":true,"href":"https:\/\/www.fedaiisf.it\/en\/wp-json\/wp\/v2\/tags?post=80969"}],"curies":[{"name":"wp","href":"https:\/\/api.w.org\/{rel}","templated":true}]}}