{"id":81197,"date":"2025-04-13T11:49:40","date_gmt":"2025-04-13T09:49:40","guid":{"rendered":"https:\/\/www.fedaiisf.it\/?p=81197"},"modified":"2025-04-14T19:32:21","modified_gmt":"2025-04-14T17:32:21","slug":"elezioni-fonchim-gli-eletti","status":"publish","type":"post","link":"https:\/\/www.fedaiisf.it\/en\/elezioni-fonchim-gli-eletti\/","title":{"rendered":"Elezioni Fonchim. Gli eletti"},"content":{"rendered":"<p><img loading=\"lazy\" decoding=\"async\" class=\"alignnone size-full wp-image-81203\" src=\"https:\/\/www.fedaiisf.it\/wp-content\/uploads\/2025\/04\/titolo-fonchim-2025.png\" alt=\"\" width=\"1754\" height=\"460\" srcset=\"https:\/\/www.fedaiisf.it\/wp-content\/uploads\/2025\/04\/titolo-fonchim-2025.png 1754w, https:\/\/www.fedaiisf.it\/wp-content\/uploads\/2025\/04\/titolo-fonchim-2025-300x79.png 300w, https:\/\/www.fedaiisf.it\/wp-content\/uploads\/2025\/04\/titolo-fonchim-2025-1024x269.png 1024w, https:\/\/www.fedaiisf.it\/wp-content\/uploads\/2025\/04\/titolo-fonchim-2025-768x201.png 768w, https:\/\/www.fedaiisf.it\/wp-content\/uploads\/2025\/04\/titolo-fonchim-2025-1536x403.png 1536w, https:\/\/www.fedaiisf.it\/wp-content\/uploads\/2025\/04\/titolo-fonchim-2025-18x5.png 18w\" sizes=\"auto, (max-width: 1754px) 100vw, 1754px\" \/><\/p>\n<p style=\"text-align: center;\"><span style=\"font-family: 'times new roman', times, serif; font-size: 18pt;\"><strong>Relazione della Commissione Elettorale<\/strong><\/span><\/p>\n<p><span style=\"font-family: 'times new roman', times, serif; font-size: 14pt;\">La Commissione Elettorale, costituita in conformit\u00e0 al regolamento, si \u00e8 riunita per la prima volta il giorno 10 ottobre 2024, definendo i tempi e le modalit\u00e0 operative delle votazioni per l&#8217;elezione dell&#8217;assemblea dei rappresentanti degli iscritti, fissando la data delle elezioni nei giorni 11\/12 marzo 2025.<\/span><br \/>\n<span style=\"font-family: 'times new roman', times, serif; font-size: 14pt;\">Entro il termine prefissato sono state presentate sei liste di candidati per concorrere all&#8217;elezione dei 31 rappresentanti dei lavoratori iscritti.<\/span><\/p>\n<p><span style=\"font-family: 'times new roman', times, serif; font-size: 14pt;\">Le elezioni si sono regolarmente svolte con le seguenti modalit\u00e0:<\/span><\/p>\n<p><span style=\"font-family: 'times new roman', times, serif; font-size: 14pt;\">\u2022 nelle unit\u00e0 con 30 o pi\u00f9 iscritti attraverso la costituzione di un seggio elettorale;<\/span><br \/>\n<span style=\"font-family: 'times new roman', times, serif; font-size: 14pt;\">\u2022 nelle realt\u00e0 con meno di 30 iscritti a mezzo votazioni per posta salvaguardando la segretezza del voto;<\/span><br \/>\n<span style=\"font-family: 'times new roman', times, serif; font-size: 14pt;\">\u2022 per consentire la massima partecipazione al voto, inoltre, \u00e8 stato stabilito che il personale esterno potesse comunque effettuare la votazione per posta.<\/span><\/p>\n<p><span style=\"font-family: 'times new roman', times, serif; font-size: 14pt;\">Trascorsi i 15 giorni dalla data della votazione previsti dal regolamento per permettere l&#8217;afflusso alla sede di Fonchim delle espressioni di voto, la Commissione elettorale si \u00e8 riunita il giorno 31 marzo e seguenti ed ha provveduto ad effettuare lo scrutinio dei voti espressi dagli iscritti, pervenuti entro i termini previsti dal regolamento.<\/span><\/p>\n<p><span style=\"font-family: 'times new roman', times, serif; font-size: 14pt;\">Si sono esaminati n\u00b0 877 verbali relativi ai seggi aziendali dove sono affluiti 52.921 soci e si \u00e8 proceduto allo spoglio diretto di 7.487 schede ricevute per posta; hanno pertanto partecipato al voto 60.408 iscritti.<\/span><\/p>\n<p><img loading=\"lazy\" decoding=\"async\" class=\"alignnone size-full wp-image-81198\" src=\"https:\/\/www.fedaiisf.it\/wp-content\/uploads\/2025\/04\/risultato-elettorale-fonchim-2025.png\" alt=\"\" width=\"1818\" height=\"704\" srcset=\"https:\/\/www.fedaiisf.it\/wp-content\/uploads\/2025\/04\/risultato-elettorale-fonchim-2025.png 1818w, https:\/\/www.fedaiisf.it\/wp-content\/uploads\/2025\/04\/risultato-elettorale-fonchim-2025-300x116.png 300w, https:\/\/www.fedaiisf.it\/wp-content\/uploads\/2025\/04\/risultato-elettorale-fonchim-2025-1024x397.png 1024w, https:\/\/www.fedaiisf.it\/wp-content\/uploads\/2025\/04\/risultato-elettorale-fonchim-2025-768x297.png 768w, https:\/\/www.fedaiisf.it\/wp-content\/uploads\/2025\/04\/risultato-elettorale-fonchim-2025-1536x595.png 1536w, https:\/\/www.fedaiisf.it\/wp-content\/uploads\/2025\/04\/risultato-elettorale-fonchim-2025-18x7.png 18w\" sizes=\"auto, (max-width: 1818px) 100vw, 1818px\" \/><span style=\"font-family: 'times new roman', times, serif; font-size: 14pt;\">Consequently, the distribution of the 31 seats is as follows:<\/span><\/p>\n<p><img loading=\"lazy\" decoding=\"async\" class=\"alignnone size-full wp-image-81199\" src=\"https:\/\/www.fedaiisf.it\/wp-content\/uploads\/2025\/04\/ripartizione-seggi.png\" alt=\"\" width=\"1346\" height=\"338\" srcset=\"https:\/\/www.fedaiisf.it\/wp-content\/uploads\/2025\/04\/ripartizione-seggi.png 1346w, https:\/\/www.fedaiisf.it\/wp-content\/uploads\/2025\/04\/ripartizione-seggi-300x75.png 300w, https:\/\/www.fedaiisf.it\/wp-content\/uploads\/2025\/04\/ripartizione-seggi-1024x257.png 1024w, https:\/\/www.fedaiisf.it\/wp-content\/uploads\/2025\/04\/ripartizione-seggi-768x193.png 768w, https:\/\/www.fedaiisf.it\/wp-content\/uploads\/2025\/04\/ripartizione-seggi-18x5.png 18w\" sizes=\"auto, (max-width: 1346px) 100vw, 1346px\" \/><\/p>\n<p><img loading=\"lazy\" decoding=\"async\" class=\"alignnone size-full wp-image-81200\" src=\"https:\/\/www.fedaiisf.it\/wp-content\/uploads\/2025\/04\/eletti-fonchim.png\" alt=\"\" width=\"1666\" height=\"904\" srcset=\"https:\/\/www.fedaiisf.it\/wp-content\/uploads\/2025\/04\/eletti-fonchim.png 1666w, https:\/\/www.fedaiisf.it\/wp-content\/uploads\/2025\/04\/eletti-fonchim-300x163.png 300w, https:\/\/www.fedaiisf.it\/wp-content\/uploads\/2025\/04\/eletti-fonchim-1024x556.png 1024w, https:\/\/www.fedaiisf.it\/wp-content\/uploads\/2025\/04\/eletti-fonchim-768x417.png 768w, https:\/\/www.fedaiisf.it\/wp-content\/uploads\/2025\/04\/eletti-fonchim-1536x833.png 1536w, https:\/\/www.fedaiisf.it\/wp-content\/uploads\/2025\/04\/eletti-fonchim-18x10.png 18w\" sizes=\"auto, (max-width: 1666px) 100vw, 1666px\" \/><\/p>\n<p><span style=\"font-family: 'times new roman', times, serif; font-size: 14pt;\">Con il presente verbale la Commissione Elettorale dichiara formalmente valide le elezioni per il rinnovo dell&#8217;assemblea dei rappresentanti dei lavoratori.<\/span><\/p>\n<p><span style=\"font-family: 'times new roman', times, serif;\"><a href=\"https:\/\/www.fonchim.it\/cms\/resource\/open\/5115\/lavoratori-verbaleelezioni-2025.pdf\" target=\"_blank\" rel=\"noopener\">Fonchim &#8211; Milano 04\/04\/2025<\/a><\/span><\/p>\n<hr \/>\n<p>Editor&#039;s note: <em>Abbiamo riportato il verbale Fonchim con la dichiarazione ufficiale degli eletti. Il risultato vede, ad oggi, solo due ISF eletti nell\u2019assemblea, entrambe nella lista FILCTEM che ha candidato due ISF in posizione eleggibile. (Almeno cos\u00ec ci risulta). Le liste erano bloccate senza preferenze per cui vengono eletti i candidati in base alla loro posizione nella lista.<\/em><br \/>\n<em>Cisl, stando ai nominativi forniti da loro, Zangara Laura e Varano Marco, rispettivamente numero 9 e 12 della lista, non sono stati eletti. Per la UIL, Ugl e le liste dell\u2019autonomia non abbiamo nominativi di candidati.<\/em><\/p>\n<p>Related news: <a href=\"https:\/\/www.filctemcgil.it\/images\/comunicati_stampa\/250407_CS_Fonchim_e_Faschim.pdf\" target=\"_blank\" rel=\"noopener\">Elezioni Fonchim e Faschim 2025. Filctem 1\u00b0 sindacato!<\/a><\/p>","protected":false},"excerpt":{"rendered":"<p>Relazione della Commissione Elettorale La Commissione Elettorale, costituita in conformit\u00e0 al regolamento, si \u00e8 riunita per la prima volta il giorno 10 ottobre 2024, definendo i tempi e le modalit\u00e0 operative delle votazioni per l&#8217;elezione dell&#8217;assemblea dei rappresentanti degli iscritti, fissando la data delle elezioni nei giorni 11\/12 marzo 2025. Entro il termine prefissato sono &hellip;<\/p>","protected":false},"author":4,"featured_media":62276,"comment_status":"closed","ping_status":"closed","sticky":false,"template":"","format":"standard","meta":{"footnotes":""},"categories":[1],"tags":[82],"class_list":["post-81197","post","type-post","status-publish","format-standard","has-post-thumbnail","hentry","category-notizie","tag-fonchimfaschim"],"amp_enabled":true,"_links":{"self":[{"href":"https:\/\/www.fedaiisf.it\/en\/wp-json\/wp\/v2\/posts\/81197","targetHints":{"allow":["GET"]}}],"collection":[{"href":"https:\/\/www.fedaiisf.it\/en\/wp-json\/wp\/v2\/posts"}],"about":[{"href":"https:\/\/www.fedaiisf.it\/en\/wp-json\/wp\/v2\/types\/post"}],"author":[{"embeddable":true,"href":"https:\/\/www.fedaiisf.it\/en\/wp-json\/wp\/v2\/users\/4"}],"replies":[{"embeddable":true,"href":"https:\/\/www.fedaiisf.it\/en\/wp-json\/wp\/v2\/comments?post=81197"}],"version-history":[{"count":6,"href":"https:\/\/www.fedaiisf.it\/en\/wp-json\/wp\/v2\/posts\/81197\/revisions"}],"predecessor-version":[{"id":81241,"href":"https:\/\/www.fedaiisf.it\/en\/wp-json\/wp\/v2\/posts\/81197\/revisions\/81241"}],"wp:featuredmedia":[{"embeddable":true,"href":"https:\/\/www.fedaiisf.it\/en\/wp-json\/wp\/v2\/media\/62276"}],"wp:attachment":[{"href":"https:\/\/www.fedaiisf.it\/en\/wp-json\/wp\/v2\/media?parent=81197"}],"wp:term":[{"taxonomy":"category","embeddable":true,"href":"https:\/\/www.fedaiisf.it\/en\/wp-json\/wp\/v2\/categories?post=81197"},{"taxonomy":"post_tag","embeddable":true,"href":"https:\/\/www.fedaiisf.it\/en\/wp-json\/wp\/v2\/tags?post=81197"}],"curies":[{"name":"wp","href":"https:\/\/api.w.org\/{rel}","templated":true}]}}