{"id":81213,"date":"2024-04-16T17:12:14","date_gmt":"2024-04-16T15:12:14","guid":{"rendered":"https:\/\/www.fedaiisf.it\/?p=81213"},"modified":"2025-04-17T10:27:12","modified_gmt":"2025-04-17T08:27:12","slug":"albo-e-ordine-degli-informatori-scientifici-una-storia-infinita","status":"publish","type":"post","link":"https:\/\/www.fedaiisf.it\/en\/albo-e-ordine-degli-informatori-scientifici-una-storia-infinita\/","title":{"rendered":"Albo e Ordine degli Informatori Scientifici, una storia infinita"},"content":{"rendered":"<p>L&#8217;Albo e l&#8217;Ordine degli Informatori scientifici del farmaco ha una storia che potremo definire &#8220;antica&#8221;.<\/p>\n<p>Del riconiscimento giuridico dell\u2019Informatore Scientifico del Farmaco se ne parlava gi\u00e0 alla fine degli anni \u201850 ma si \u00e8 passati ai fatti con diverse proposte di legge negli anni \u201960.<\/p>\n<p>La storia dell&#8217;Albo si intreccia con quella dell&#8217;Associazione degli informatori che da sempre ne ha ispirato l&#8217;istituzione. Prima dell&#8217;istituzione del SSN nel 1978 gli informatori venivano chiamati &#8220;propagandisti&#8221;<\/p>\n<p style=\"font-weight: 400;\"><img loading=\"lazy\" decoding=\"async\" class=\"wp-image-81244 alignright\" src=\"https:\/\/www.fedaiisf.it\/wp-content\/uploads\/2025\/04\/ancsif-tessera.png\" alt=\"\" width=\"245\" height=\"168\" srcset=\"https:\/\/www.fedaiisf.it\/wp-content\/uploads\/2025\/04\/ancsif-tessera.png 752w, https:\/\/www.fedaiisf.it\/wp-content\/uploads\/2025\/04\/ancsif-tessera-300x206.png 300w, https:\/\/www.fedaiisf.it\/wp-content\/uploads\/2025\/04\/ancsif-tessera-18x12.png 18w, https:\/\/www.fedaiisf.it\/wp-content\/uploads\/2025\/04\/ancsif-tessera-220x150.png 220w\" sizes=\"auto, (max-width: 245px) 100vw, 245px\" \/>TO\u00a0<strong>Florence<\/strong>, il 25 ottobre 1964 con apposito documento, i dirigenti responsabili del <strong>National College of Propagandists<\/strong>, dello\u00a0<strong>SNAPIM extension<\/strong>\u00a0and of\u00a0<strong>SNELPIF<\/strong>, \u201cnella convinzione della necessit\u00e0 di riunire tutti gli operatori del settore, perch\u00e9 possa essere una sola la voce in difesa dell\u2019attivit\u00e0 di informazione scientifica dei farmaci\u201d dichiarano la propria comune volont\u00e0 di<strong>\u00a0<\/strong><strong>dare vita ad un\u2019unica Associazione a carattere professionale.<\/strong><\/p>\n<p style=\"font-weight: 400;\">Thus was born there<strong>\u2018ANCSIF \u2013 Associazione Nazionale Collaboratori Scientifici Industria Farmaceutica<\/strong>\u00a0con l\u2019obiettivo di conseguire un \u201cfronte unico\u201d dei collaboratori scientifici, capace di perseguire concreti obiettivi a vantaggio di tutti gli interessati. In data 27 febbraio 1965 viene firmato a\u00a0<strong>Florence<\/strong>before the notary\u00a0<strong>Tita Mauro, l\u2019atto costitutivo dell\u2019Associazione.<\/strong><\/p>\n<p style=\"font-weight: 400;\">On April 9th l<strong>\u2018On.le De Maria (DC)<\/strong>\u00a0presents in Parliament the\u00a0<strong>first bill<\/strong>, sul quale concordano gli organismi firmatari dell\u2019accordo del 25 ottobre 1964. E\u2019 la proposta\u00a0<strong>n.2256<\/strong>\u00a0che prevede tra l\u2019altro l\u2019istituzione di un albo dei collaboratori scientifici: si contrappongono alla proposta De Maria,<strong>\u00a0<\/strong><strong>la proposta Storti (n.2798) e la proposta Patrini (n.974)<\/strong>\u00a0supported by some representatives\u00a0<strong>FOFI. L\u2019On. Matteo Agosta presenta la proposta di Legge n.931 <\/strong>di Iniziativa dei deputati Agosta, Savio Emanuela, Buffone, Gasco, Tantalo, Bologna, Lucchesi, Giglia, Valiante, Castellucci: \u201cDisciplina della professione di propagandista scientifico di specialit\u00e0 medicinali\u201d<strong>.<\/strong><\/p>\n<p style=\"font-weight: 400;\">L\u2019Associazione\u00a0<strong>MEPIF \u2013 Associazione Meridionale Esperti di Propaganda dell\u2019Industria Farmaceutica<\/strong>,\u00a0<strong>\u201cal fine di condurre un\u2019azione unitaria in campo nazionale di tutte le forze di propaganda\u201d, decide di aderire all\u2019ANCSIF<\/strong>\u00a0(5 settembre 1965).<\/p>\n<p style=\"font-weight: 400;\">In data 18 novembre 1972 il Ministro della Sanit\u00e0,\u00a0<strong>Hon Gaspari<\/strong>, issues the Circular\u00a0<strong>no. 157<\/strong>\u00a0con la quale si danno \u2013 per la prima volta \u2013<strong>\u201cIstruzioni sull\u2019informazione tecnico-scientifica del farmaco<\/strong>\u201c.\u00a0<strong>Alla stesura di tale Circolare, che <span style=\"text-decoration: underline;\">costituisce la pietra miliare di tutta la successiva normativa sull\u2019informazione scientifica<\/span>, hanno collaborato, in maniera determinante, il Presidente ed il Vice Presidente dell\u2019ANCSIF, G. Conti e E. Aiuti.<\/strong><\/p>\n<p style=\"font-weight: 400;\">Il 23 dicembre 1978 viene varata la Legge quadro\u00a0<strong>n.833<\/strong>\u00a0on the\u00a0<strong>\u201cIstituzione del Servizio <img loading=\"lazy\" decoding=\"async\" class=\"wp-image-74593 alignleft\" src=\"https:\/\/www.fedaiisf.it\/wp-content\/uploads\/2023\/12\/istituzione-ssn-23-12-78.jpeg\" alt=\"\" width=\"248\" height=\"168\" srcset=\"https:\/\/www.fedaiisf.it\/wp-content\/uploads\/2023\/12\/istituzione-ssn-23-12-78.jpeg 600w, https:\/\/www.fedaiisf.it\/wp-content\/uploads\/2023\/12\/istituzione-ssn-23-12-78-300x203.jpeg 300w, https:\/\/www.fedaiisf.it\/wp-content\/uploads\/2023\/12\/istituzione-ssn-23-12-78-18x12.jpeg 18w, https:\/\/www.fedaiisf.it\/wp-content\/uploads\/2023\/12\/istituzione-ssn-23-12-78-220x150.jpeg 220w\" sizes=\"auto, (max-width: 248px) 100vw, 248px\" \/>Sanitario Nazionale<\/strong>\u201c.\u00a0<strong>L&#039;<a href=\"https:\/\/www.normattiva.it\/uri-res\/N2Ls?urn:nir:stato:legge:1978-12-23;833~art31\" target=\"_blank\" rel=\"noopener\">Art.31 <\/a><\/strong>introduce nel SSN la pubblicit\u00e0 e l&#8217;informazione scientifica sui farmaci.\u00a0L\u2019<a href=\"https:\/\/www.normattiva.it\/uri-res\/N2Ls?urn:nir:stato:legge:1978-12-23;833~art31\" target=\"_blank\" rel=\"noopener\">Article 29<\/a> rimanda ad apposita legge la regolamentazione del servizio di informazione sui farmaci e della attivit\u00e0 degli informatori scientifici.\u00a0<strong>Di rilievo \u00e8 che \u2013 grazie agli interventi associativi \u2013 per la prima volta una legge dello Stato prevede la nostra figura professionale: L\u2019INFORMATORE SCIENTIFICO DEL FARMACO.<\/strong><\/p>\n<p style=\"font-weight: 400;\">Dal 16 al 18 novembre <strong>1979<\/strong> si\u00a0 svolge\u00a0 a\u00a0\u00a0<strong>Rome<\/strong>\u00a0 l\u2019VIII Congresso\u00a0 Nazionale\u00a0 della Associazione,\u00a0 che,\u00a0 a partire da tale data, sar\u00e0 denominata\u00a0<strong><span style=\"text-decoration: underline;\">Associazione Italiana Informatori Scientifici del Farmaco (AIISF)<\/span>.<\/strong><\/p>\n<p style=\"font-weight: 400;\"><strong>L\u2019On.le Roberto Barontini (PRI)<\/strong>\u00a0nel 1985 <strong>presenta la proposta di legge per l\u2019ordinamento della professione di informatore scientifico del farmaco con la quale viene recepito il pensiero dell\u2019AIISF espresso in occasione del X Congresso Nazionale.<\/strong><\/p>\n<p>Da allora in tutte le legislature \u00e8 presenta una o pi\u00f9 proposte di legge che istituisce l&#8217;Albo e l&#8217;ordine degli Informatori scientifici.<\/p>\n<p>Nel 2006 sembrava cosa fatta quando in Commissione Sanit\u00e0 al Senato in sede deliberante si era arrivati all&#8217;ultimo voto per l&#8217;approvazione dell&#8217;Albo (PdL 404-B). Senonch\u00e9 \u00a0una misteriosa lobby \u201cconvinse\u201d il Presidente della Commissione, il pregiudicato Sen. Tomassini, a trasformare la sede deliberante in sede referente e <a href=\"https:\/\/www.senato.it\/japp\/bgt\/showdoc\/frame.jsp?tipodoc=SommComm&amp;leg=14&amp;id=00176639&amp;aj=no&amp;part=doc_dc-sedetit_isr\" target=\"_blank\" rel=\"noopener\">rinviare il progetto di legge<\/a> in Aula che per\u00f2 era stata sciolta per nuove elezioni, in sostanza si affossava all\u2019ultimo voto la legge che avrebbe istituito l\u2019Albo.<\/p>\n<p>Arrivando ai giorni nostri, \u00e8 arrivata la notizia, da lui stesso annunciata, che l&#8217;On. Francesco Cannizzaro ha presentato il 10 aprile 2025 <a href=\"https:\/\/www.fedaiisf.it\/wp-content\/uploads\/2025\/04\/pdl-Ordine-professionale-Informatori-Farmaceutici-15.20-3.04.25.pdf\" target=\"_blank\" rel=\"noopener\">il PdL <\/a><strong>2350 &#8220;Modifiche al decreto legislativo del Capo provvisorio dello Stato 13 settembre 1946, n. 233, e al decreto legislativo 24 aprile 2006, n. 219, e altre disposizioni in materia di istituzione dell\u2019ordine degli informatori scientifici del farmaco e di disciplina della professione&#8221;\u00a0<\/strong><\/p>\n<p>Related news: <a href=\"https:\/\/www.senato.it\/japp\/bgt\/showdoc\/frame.jsp?tipodoc=SommComm&amp;leg=14&amp;id=00176639&amp;aj=no&amp;part=doc_dc-sedetit_isr\" target=\"_blank\" rel=\"noopener\">The reason for a Register of ISF<\/a><\/p>\n<hr \/>\n<p><em><strong>Per albo <\/strong>si intende\u00a0l\u2019<strong>elenco ufficiale dei nominativi dei professionisti abilitati<\/strong> allo svolgimento di una determinata professione.<\/em><\/p>\n<p><em><img loading=\"lazy\" decoding=\"async\" class=\"wp-image-66724 alignright\" src=\"https:\/\/www.fedaiisf.it\/wp-content\/uploads\/2022\/08\/2-Professioni-in-Italia.png\" alt=\"\" width=\"289\" height=\"227\" srcset=\"https:\/\/www.fedaiisf.it\/wp-content\/uploads\/2022\/08\/2-Professioni-in-Italia.png 483w, https:\/\/www.fedaiisf.it\/wp-content\/uploads\/2022\/08\/2-Professioni-in-Italia-300x236.png 300w\" sizes=\"auto, (max-width: 289px) 100vw, 289px\" \/>Secondo il nostro Codice Penale,<strong> coloro che esercitano una professione per la quale esista un albo<\/strong> ed il relativo ordine professionale <strong>senza essere iscritti, commettono esercizio abusivo della professione<\/strong> stessa. Si tratta di un reato, secondo quanto disposto dall\u2019<a href=\"https:\/\/www.brocardi.it\/codice-penale\/libro-secondo\/titolo-ii\/capo-ii\/art348.html\" target=\"_blank\" rel=\"noopener\">art. 348 del Codice Penale.<\/a> L\u2019iscrizione agli albi rende anche possibile, da parte degli ordini professionali, la verifica dei requisiti relativi al titolo di studio necessario per svolgere un determinato lavoro. Pu\u00f2 esistere un albo senza ordine, come nel caso dell&#8217;albo dei promotori finanziari, oltre alle &#8220;associazioni professionali&#8221; di recente (2013) istituzione per le professioni concernenti attivit\u00e0 non riservate agli iscritti agli albi (o &#8220;ordini&#8221; o &#8220;collegi&#8221;) regolamentati con legge.<\/em><\/p>\n<p><em><strong>Per ordini professionali <\/strong>si intendono\u00a0<strong>istituzioni riconosciute dallo Stato, che devono garantire per l\u2019attivit\u00e0 dei professionisti <\/strong>che esercitano una determinata professione. Compito dell&#8217;ordine \u00e8 quello di <strong>stilare, aggiornare e applicare il codice deontologico<\/strong> della professione. In questo modo non viene solo tutelata la professione stessa, ma anche coloro che fruiscono dei professionisti. L\u2019attivit\u00e0 di controllo degli ordini professionali \u00e8 possibile anche perch\u00e9, per la legge italiana, <strong>ogni ordine \u00e8 un vero e proprio ente pubblico<\/strong>. Ente dotato di autonomia, ma che deve comunque render conto al Ministero della Giustizia o, per le professioni sanitarie, al Ministero della Salute<\/em><\/p>\n<p><em>Summing up: <b>Le Leggi dello Stato pongono i sindacati a tutela dei diritti dei lavoratori e gli Ordini a salvaguardia dei diritti dei cittadini, correlati con l\u2019esercizio della professione. I<\/b>l fine ultimo degli Ordini \u00e8 la garanzia dei diritti, costituzionalmente protetti, dei cittadini, da attuarsi tramite la garanzia del corretto esercizio della Professione<\/em><\/p>","protected":false},"excerpt":{"rendered":"<p>L&#8217;Albo e l&#8217;Ordine degli Informatori scientifici del farmaco ha una storia che potremo definire &#8220;antica&#8221;. Del riconiscimento giuridico dell\u2019Informatore Scientifico del Farmaco se ne parlava gi\u00e0 alla fine degli anni \u201850 ma si \u00e8 passati ai fatti con diverse proposte di legge negli anni \u201960. La storia dell&#8217;Albo si intreccia con quella dell&#8217;Associazione degli informatori &hellip;<\/p>","protected":false},"author":4,"featured_media":81245,"comment_status":"closed","ping_status":"closed","sticky":false,"template":"","format":"standard","meta":{"footnotes":""},"categories":[1],"tags":[],"class_list":["post-81213","post","type-post","status-publish","format-standard","has-post-thumbnail","hentry","category-notizie"],"amp_enabled":true,"_links":{"self":[{"href":"https:\/\/www.fedaiisf.it\/en\/wp-json\/wp\/v2\/posts\/81213","targetHints":{"allow":["GET"]}}],"collection":[{"href":"https:\/\/www.fedaiisf.it\/en\/wp-json\/wp\/v2\/posts"}],"about":[{"href":"https:\/\/www.fedaiisf.it\/en\/wp-json\/wp\/v2\/types\/post"}],"author":[{"embeddable":true,"href":"https:\/\/www.fedaiisf.it\/en\/wp-json\/wp\/v2\/users\/4"}],"replies":[{"embeddable":true,"href":"https:\/\/www.fedaiisf.it\/en\/wp-json\/wp\/v2\/comments?post=81213"}],"version-history":[{"count":13,"href":"https:\/\/www.fedaiisf.it\/en\/wp-json\/wp\/v2\/posts\/81213\/revisions"}],"predecessor-version":[{"id":81315,"href":"https:\/\/www.fedaiisf.it\/en\/wp-json\/wp\/v2\/posts\/81213\/revisions\/81315"}],"wp:featuredmedia":[{"embeddable":true,"href":"https:\/\/www.fedaiisf.it\/en\/wp-json\/wp\/v2\/media\/81245"}],"wp:attachment":[{"href":"https:\/\/www.fedaiisf.it\/en\/wp-json\/wp\/v2\/media?parent=81213"}],"wp:term":[{"taxonomy":"category","embeddable":true,"href":"https:\/\/www.fedaiisf.it\/en\/wp-json\/wp\/v2\/categories?post=81213"},{"taxonomy":"post_tag","embeddable":true,"href":"https:\/\/www.fedaiisf.it\/en\/wp-json\/wp\/v2\/tags?post=81213"}],"curies":[{"name":"wp","href":"https:\/\/api.w.org\/{rel}","templated":true}]}}