{"id":81250,"date":"2025-04-17T06:21:38","date_gmt":"2025-04-17T04:21:38","guid":{"rendered":"https:\/\/www.fedaiisf.it\/?p=81250"},"modified":"2025-04-23T19:34:59","modified_gmt":"2025-04-23T17:34:59","slug":"la-stampa-ne-parla-convegno-fedaiisf-a-cosmofarma-informazione-scientifica-presente-e-futuro","status":"publish","type":"post","link":"https:\/\/www.fedaiisf.it\/en\/la-stampa-ne-parla-convegno-fedaiisf-a-cosmofarma-informazione-scientifica-presente-e-futuro\/","title":{"rendered":"La stampa ne parla. Convegno Fedaiisf a Cosmofarma: &#8220;Informazione scientifica, presente e futuro&#8221;"},"content":{"rendered":"<p><em>N.d.R.: Riportiamo il comunicato stampa Fedaiisf ripreso da molte testate giornalistiche<\/em><\/p>\n<p style=\"text-align: center;\">PRESS RELEASE<\/p>\n<p><b>Cosmofarma, al convegno Fedaiisf presentata la proposta di legge per l&#8217;Ordine degli informatori scientifici del farmaco<\/b><\/p>\n<p>Cannizzaro: &#8220;L&#8217;iter sar\u00e0 veloce&#8221;. Gemmato: &#8220;Isf risorsa per SSN&#8221;<\/p>\n<p>&#8220;Ho presentato una proposta di legge per istituire l&#8217;albo degli informatori scientifici italiani&#8221;. <img loading=\"lazy\" decoding=\"async\" class=\"wp-image-81234 alignright\" src=\"https:\/\/www.fedaiisf.it\/wp-content\/uploads\/2025\/04\/Schermata-2025-04-14-alle-18.38.05.png\" alt=\"\" width=\"221\" height=\"279\" srcset=\"https:\/\/www.fedaiisf.it\/wp-content\/uploads\/2025\/04\/Schermata-2025-04-14-alle-18.38.05.png 539w, https:\/\/www.fedaiisf.it\/wp-content\/uploads\/2025\/04\/Schermata-2025-04-14-alle-18.38.05-238x300.png 238w, https:\/\/www.fedaiisf.it\/wp-content\/uploads\/2025\/04\/Schermata-2025-04-14-alle-18.38.05-10x12.png 10w\" sizes=\"auto, (max-width: 221px) 100vw, 221px\" \/>Lo ha annunciato l&#8217;on. <b>Francesco Cannizzaro<\/b>, vicecapogruppo di Forza Italia alla Camera dei deputati, intervenendo in videocollegamento al convegno &#8220;Informazione scientifica, presente e futuro&#8221; organizzato da Fedaiisf a Cosmofarma 2025.<\/p>\n<p>La notizia, attesa da tempo, \u00e8 stata accolta con un lungo applauso da una platea gremita di informatori scientifici del farmaco arrivati da tutta Italia per partecipare all&#8217;incontro sulle nuove sfide della professione. E di un nuovo inizio per la categoria, anche alla luce del riordino delle professioni sanitarie, hanno parlato non solo Cannizzaro ma anche il sottosegretario alla Salute Marcello Gemmato e il presidente Fofi Andrea Mandelli, intervenuti al convegno voluto dal presidente Fedaiisf Antonio Mazzarella. Al tavolo dei relatori, tra gli altri, il presidente di Federfarma Marco Cossolo, il vicepresidente di Egualia Salvatore Butti,<span class=\"Apple-converted-space\">\u00a0 <\/span>il delegato FNOMCeO e presidente dell&#8217;Ordine dei medici di Bologna Luigi Bagnoli e il direttore del distretto Appennino bolognese Azienda Usl Bologna Valentina Solfrini.<span class=\"Apple-converted-space\">\u00a0<\/span><\/p>\n<p><img loading=\"lazy\" decoding=\"async\" class=\"wp-image-81402 alignleft\" src=\"https:\/\/www.fedaiisf.it\/wp-content\/uploads\/2025\/04\/pdl-cannizzaro.png\" alt=\"\" width=\"418\" height=\"138\" srcset=\"https:\/\/www.fedaiisf.it\/wp-content\/uploads\/2025\/04\/pdl-cannizzaro.png 1392w, https:\/\/www.fedaiisf.it\/wp-content\/uploads\/2025\/04\/pdl-cannizzaro-300x99.png 300w, https:\/\/www.fedaiisf.it\/wp-content\/uploads\/2025\/04\/pdl-cannizzaro-1024x338.png 1024w, https:\/\/www.fedaiisf.it\/wp-content\/uploads\/2025\/04\/pdl-cannizzaro-768x254.png 768w, https:\/\/www.fedaiisf.it\/wp-content\/uploads\/2025\/04\/pdl-cannizzaro-18x6.png 18w\" sizes=\"auto, (max-width: 418px) 100vw, 418px\" \/>&#8220;La categoria degli informatori scientifici \u00e8 straordinaria, non esiste territorio del nostro paese dove non c&#8217;\u00e8 la presenza degli informatori del farmaco, che sono in contatto costante con medici di base, ospedali pubblici, operatori sanitari &#8211; ha aggiunto Cannizzaro -. Lo dice una norma nazionale, lo dice il ministero della Salute che \u00e8 una categoria indispensabile e gi\u00e0 normata, per\u00f2 credo che questa norma vada assolutamente arricchita e noi stiamo lavorando in questa direzione&#8221;. Cannizzaro ha spiegato con orgoglio che la proposta di legge \u00e8 nata nella &#8220;sua&#8221; Calabria, dove, in assenza di un albo degli informatori, \u00e8 stato istituito un registro degli Isf che ha fatto da modello alla proposta di legge depositata a Montecitorio. &#8220;Ci ritroveremo nei prossimi giorni per lavorare al raggiungimento di questo obiettivo. Il percorso legislativo deve essere veloce, visto che arriviamo un po&#8217; tardi come legislatore. Finalmente &#8211; ha concluso il deputato &#8211; anche l&#8217;Italia potr\u00e0 avere un Ordine degli Isf istituito per legge, come per tutti i professionisti, e questo contribuir\u00e0 a migliorare la Sanit\u00e0&#8221;.<\/p>\n<p><img loading=\"lazy\" decoding=\"async\" class=\"wp-image-81236 alignleft\" src=\"https:\/\/www.fedaiisf.it\/wp-content\/uploads\/2025\/04\/Schermata-2025-04-14-alle-18.43.12.png\" alt=\"\" width=\"252\" height=\"356\" srcset=\"https:\/\/www.fedaiisf.it\/wp-content\/uploads\/2025\/04\/Schermata-2025-04-14-alle-18.43.12.png 342w, https:\/\/www.fedaiisf.it\/wp-content\/uploads\/2025\/04\/Schermata-2025-04-14-alle-18.43.12-212x300.png 212w, https:\/\/www.fedaiisf.it\/wp-content\/uploads\/2025\/04\/Schermata-2025-04-14-alle-18.43.12-8x12.png 8w\" sizes=\"auto, (max-width: 252px) 100vw, 252px\" \/>Prima di Cannizzaro \u00e8 stato il sottosegretario <b>Marcellus Gemmato <\/b>a porre l&#8217;accento sul ruolo degli Isf esprimendo la vicinanza &#8220;mia e del Ministero che rappresento all&#8217;informazione scientifica, che ritengo sia una professione non superata ma che potrebbe avere un&#8217;enorme prospettiva&#8221;. Il riordino delle professioni sanitarie all&#8217;esame del Ministero d\u00e0 spazio anche agli informatori scientifici, ma ancor pi\u00f9 spazio \u00e8 previsto con il ritorno di nuovi farmaci complessi dalla distribuzione diretta alla convenzionata, come<span class=\"Apple-converted-space\">\u00a0 <\/span>ha annunciato il sottosegretario alla Salute. &#8220;E&#8217; mia intenzione superare la legge 405 del 2001 sulla distribuzione diretta e tornare allo schema classico secondo cui il farmaco viene prescritto dal medico di base, anche grazie al supporto degli informatori scientifici, e poi erogato nelle farmacie di comunit\u00e0 che rendono il farmaco sempre accessibile ai pazienti: in qualunque giorno, orario e localit\u00e0, anche piccola. Questo modello, che io chiamo &#8216;win win&#8217;, fa vincere il cittadino, che non deve fare il sacrificio di andare a prendere il farmaco nelle farmacie ospedaliere, con il rischio di far saltare l&#8217;aderenza terapeutica, non svilisce la professione del medico e del farmacista e recupera anche la figura degli Isf&#8221;.<span class=\"Apple-converted-space\">\u00a0<\/span><\/p>\n<p>Parole accolte con grande entusiasmo dal presidente Fedaiisf <b>Antonio Mazzarella<\/b>: &#8220;L&#8217;informazione scientifica \u00e8 importante, \u00e8 parte del nostro Servizio Sanitario, tanto che \u00e8 <img loading=\"lazy\" decoding=\"async\" class=\"wp-image-80710 alignright\" src=\"https:\/\/www.fedaiisf.it\/wp-content\/uploads\/2025\/03\/Antonio-Mazzarella-con-logo.png\" alt=\"\" width=\"201\" height=\"254\" srcset=\"https:\/\/www.fedaiisf.it\/wp-content\/uploads\/2025\/03\/Antonio-Mazzarella-con-logo.png 1066w, https:\/\/www.fedaiisf.it\/wp-content\/uploads\/2025\/03\/Antonio-Mazzarella-con-logo-238x300.png 238w, https:\/\/www.fedaiisf.it\/wp-content\/uploads\/2025\/03\/Antonio-Mazzarella-con-logo-812x1024.png 812w, https:\/\/www.fedaiisf.it\/wp-content\/uploads\/2025\/03\/Antonio-Mazzarella-con-logo-768x968.png 768w, https:\/\/www.fedaiisf.it\/wp-content\/uploads\/2025\/03\/Antonio-Mazzarella-con-logo-10x12.png 10w\" sizes=\"auto, (max-width: 201px) 100vw, 201px\" \/>stata creata dalla stessa legge istitutiva del SSN. Il riconoscimento dell&#8217;albo \u00e8 necessario per garantire al nostro interlocutore, che \u00e8 il medico, quella seriet\u00e0, quell&#8217;etica, quell&#8217;indipendenza intellettuale che adesso c&#8217;\u00e8, ma che \u00e8 sempre a rischio, perch\u00e9 pu\u00f2 essere soggetta a dei condizionamenti. La presenza di un Ordine, se si dovesse arrivare all&#8217;obiettivo, come mi auguro, sarebbe un valido supporto per i colleghi e un argine a tentativi di ingerenze sulla nostra professione e sulla professionalit\u00e0 di ognuno di noi&#8221;.<\/p>\n<p>L&#8217;Emilia Romagna, al pari di altre regioni, si \u00e8 attrezzata da tempo con l&#8217;istituzione di un registro degli Isf, come ha ricordato il direttore del distretto Asl Appennino bolognese <b>Valentina Solfrini<\/b>. &#8220;Non \u00e8 solo la creazione del registro, a cui abbiamo lavorato dal 2019, ma le ragioni che stanno dietro. La parte relativa agli informatori scientifici sui farmaci e sui dispositivi \u00e8 un ambito che rientra fra le attivit\u00e0 che devono orientare verso appropriatezza e qualit\u00e0, e ritengo che ci debba essere un Ordine per questa professione&#8221;.<\/p>\n<p>Dello stesso avviso il delegato FNOMCeO <b>Luigi Bagnoli<\/b>, che ha sottolineato come &#8220;l&#8217;Ordine non rappresenta l&#8217;interesse del singolo ma quello della popolazione e della professione in rapporto alla popolazione. L&#8217;Ordine vincola, volente o nolente, a un codice etico e a una deontologia, anche se si \u00e8 dipendenti di un&#8217;azienda. E questo per gli Isf vuol dire libert\u00e0 e obbligo di mantenere l&#8217;indipendenza&#8221;.<\/p>\n<p><img loading=\"lazy\" decoding=\"async\" class=\"wp-image-81275 alignleft\" src=\"https:\/\/www.fedaiisf.it\/wp-content\/uploads\/2025\/04\/mandello-mazzarella-cossolo.png\" alt=\"\" width=\"350\" height=\"188\" srcset=\"https:\/\/www.fedaiisf.it\/wp-content\/uploads\/2025\/04\/mandello-mazzarella-cossolo.png 618w, https:\/\/www.fedaiisf.it\/wp-content\/uploads\/2025\/04\/mandello-mazzarella-cossolo-300x161.png 300w, https:\/\/www.fedaiisf.it\/wp-content\/uploads\/2025\/04\/mandello-mazzarella-cossolo-18x10.png 18w\" sizes=\"auto, (max-width: 350px) 100vw, 350px\" \/>Dal canto suo il presidente Fofi <b>Andrea Mandelli <\/b>ha sottolineato come &#8220;all&#8217;interno della rivoluzione della Federazione, come abbiamo scritto nel 2005, c&#8217;\u00e8 posto per ogni anima della nostra professione. Abbiamo la stessa laurea e la stessa dignit\u00e0 nel voler rappresentare un ruolo importante che abbiamo. Non esistono separazioni in una categoria, ma c&#8217;\u00e8 la necessit\u00e0 di fare quadrato e di andare a ragionare della nostra capacit\u00e0 di essere protagonisti di una Sanit\u00e0 che ha sempre pi\u00f9 bisogno di professionisti della salute&#8221;. Mandelli ha anche anticipato i risultati del progetto sull&#8217;intelligenza artificiale voluto da Fofi e che da luned\u00ec sar\u00e0 consegnato agli Ordini, che potranno cos\u00ec rispondere in tempi brevi ai quesiti degli iscritti.<\/p>\n<p>Il presidente di Federfarma <b>Marco Cossolo <\/b>ha invece posto l&#8217;accento sull&#8217;ingresso nella categoria anche degli informatori del parafarmaco &#8220;che non sempre viene usato in modo corretto&#8221; ha sottolineato. &#8220;Noi farmacisti abbiamo bisogno di ulteriori informazioni per questi prodotti che dispensiamo senza ricetta, perch\u00e9 alcuni sono efficaci su determinate patologie croniche, e se funzionano vuol dire che agiscono e quindi interagiscono&#8221;.<\/p>\n<p>A tirare le fila sul futuro dell&#8217;informazione scientifica, tra gli altri, il vicepresidente di Egualia <b>Salvatore Butti<\/b>, secondo cui &#8220;il ritorno al flusso farmaco-medico-farmacia-paziente finale&#8221;, come anticipato dal sottosegretario Gemmato con la fine della legge 405\/2001, rappresenta una grande opportunit\u00e0 per gli informatori scientifici. &#8220;Se dovesse tornare tutto sul territorio ci sar\u00e0 un gran bisogno di informatori, anche da parte di aziende che<span class=\"Apple-converted-space\">\u00a0 <\/span>qualche anno fa hanno fatto scelte diverse&#8221; ha concluso.<\/p>\n<p>Bologna, 13 aprile 2025<\/p>\n<p>La stampa ne parla:<\/p>\n<p><a href=\"https:\/\/www.socialfarma.it\/informatori-scientifici-presentata-una-proposta-di-legge-per-istituire-lalbo-degli-informatori-scientifici-italiani\/\" target=\"_blank\" rel=\"noopener\">Socialfarma. Informatori Scientifici: presentata una proposta di legge per istituire l\u2019Ordine degli Informatori Scientifici Italiani<\/a><\/p>\n<p><a href=\"https:\/\/www.quicosenza.it\/news\/calabria\/cosmofarma-cannizzaro-lancia-la-proposta-di-legge-per-lordine-degli-informatori-scientifici\" target=\"_blank\" rel=\"noopener\">Qui Cosenza. Cosmofarma, Cannizzaro lancia la proposta di legge per l\u2019Ordine degli Informatori Scientifici<\/a><\/p>\n<p class=\"post-title single-post-title entry-title\">L<a href=\"https:\/\/progettotouring.it\/radiotouring104\/2025\/04\/11\/lon-cannizzaro-fi-presenta-proposta-di-legge-per-listituzione-dellordine-degli-informatori-scientifici\/\" target=\"_blank\" rel=\"noopener\">\u2019On. Cannizzaro (fi) presenta proposta di legge per l\u2019istituzione dell\u2019ordine degli informatori scientifici<\/a><\/p>\n<p><a href=\"https:\/\/www.farmacista33.it\/aggiornamento-professionale\/31018\/informatori-scientifici-del-farmaco-proposta-legge-per-istituire-l-ordine.html\" target=\"_blank\" rel=\"noopener\">Pharmacist33<\/a><\/p>\n<p><a href=\"https:\/\/www.jobinpharma.com\/informatori-scientifici-verso-listituzione-di-un-albo-professionale-cannizzaro-fi-presentata-proposta-di-legge\" target=\"_blank\" rel=\"noopener\">Job in Pharma. Informatori scientifici, verso l\u2019istituzione di un Albo professionale. Cannizzaro (FI): \u201cPresentata proposta di legge\u201d<\/a><\/p>\n<p><a href=\"https:\/\/www.fpress.it\/attualita\/a-cosmofarma-annunciata-pdl-per-un-ordine-degli-informatori-scientifici\/\" target=\"_blank\" rel=\"noopener\">F PRESS. A Cosmofarma annunciata pdl per un Ordine degli informatori scientifici<\/a><\/p>\n<p><a href=\"https:\/\/farmaciavirtuale.it\/informatori-scientifici-del-farmaco-la-proposta-di-legge-per-listituzione-dellalbo\/\" target=\"_blank\" rel=\"noopener\">Farmacia Virtuale. Informatori scientifici del farmaco, la proposta di legge per l\u2019istituzione dell\u2019Albo<\/a><\/p>\n<p style=\"text-align: center;\"><span style=\"color: #ff0000;\"><strong>_____________________________________________________________<\/strong><\/span><\/p>\n<p style=\"font-weight: 400; text-align: center;\"><a href=\"https:\/\/www.fedaiisf.it\/en\/albo-e-ordine-degli-informatori-scientifici-una-storia-infinita\/\" target=\"_blank\" rel=\"noopener\"><strong><span style=\"font-size: 14pt;\">Albo e Ordine degli Informatori Scientifici, una storia infinita<\/span><\/strong><\/a><\/p>\n<p style=\"text-align: center;\"><span style=\"color: #ff0000;\"><strong>____________________________________________________________<\/strong><\/span><\/p>\n<p style=\"text-align: center;\">","protected":false},"excerpt":{"rendered":"<p>N.d.R.: Riportiamo il comunicato stampa Fedaiisf ripreso da molte testate giornalistiche COMUNICATO STAMPA Cosmofarma, al convegno Fedaiisf presentata la proposta di legge per l&#8217;Ordine degli informatori scientifici del farmaco Cannizzaro: &#8220;L&#8217;iter sar\u00e0 veloce&#8221;. Gemmato: &#8220;Isf risorsa per SSN&#8221; &#8220;Ho presentato una proposta di legge per istituire l&#8217;albo degli informatori scientifici italiani&#8221;. Lo ha annunciato l&#8217;on. &hellip;<\/p>","protected":false},"author":4,"featured_media":81184,"comment_status":"closed","ping_status":"closed","sticky":false,"template":"","format":"standard","meta":{"footnotes":""},"categories":[1],"tags":[45,41],"class_list":["post-81250","post","type-post","status-publish","format-standard","has-post-thumbnail","hentry","category-notizie","tag-fedaiisf","tag-leggisentenze"],"amp_enabled":true,"_links":{"self":[{"href":"https:\/\/www.fedaiisf.it\/en\/wp-json\/wp\/v2\/posts\/81250","targetHints":{"allow":["GET"]}}],"collection":[{"href":"https:\/\/www.fedaiisf.it\/en\/wp-json\/wp\/v2\/posts"}],"about":[{"href":"https:\/\/www.fedaiisf.it\/en\/wp-json\/wp\/v2\/types\/post"}],"author":[{"embeddable":true,"href":"https:\/\/www.fedaiisf.it\/en\/wp-json\/wp\/v2\/users\/4"}],"replies":[{"embeddable":true,"href":"https:\/\/www.fedaiisf.it\/en\/wp-json\/wp\/v2\/comments?post=81250"}],"version-history":[{"count":13,"href":"https:\/\/www.fedaiisf.it\/en\/wp-json\/wp\/v2\/posts\/81250\/revisions"}],"predecessor-version":[{"id":81403,"href":"https:\/\/www.fedaiisf.it\/en\/wp-json\/wp\/v2\/posts\/81250\/revisions\/81403"}],"wp:featuredmedia":[{"embeddable":true,"href":"https:\/\/www.fedaiisf.it\/en\/wp-json\/wp\/v2\/media\/81184"}],"wp:attachment":[{"href":"https:\/\/www.fedaiisf.it\/en\/wp-json\/wp\/v2\/media?parent=81250"}],"wp:term":[{"taxonomy":"category","embeddable":true,"href":"https:\/\/www.fedaiisf.it\/en\/wp-json\/wp\/v2\/categories?post=81250"},{"taxonomy":"post_tag","embeddable":true,"href":"https:\/\/www.fedaiisf.it\/en\/wp-json\/wp\/v2\/tags?post=81250"}],"curies":[{"name":"wp","href":"https:\/\/api.w.org\/{rel}","templated":true}]}}