{"id":81307,"date":"2025-04-15T10:02:05","date_gmt":"2025-04-15T08:02:05","guid":{"rendered":"https:\/\/www.fedaiisf.it\/?p=81307"},"modified":"2025-04-22T19:34:49","modified_gmt":"2025-04-22T17:34:49","slug":"buona-pasqua-da-fedaiisf","status":"publish","type":"post","link":"https:\/\/www.fedaiisf.it\/en\/buona-pasqua-da-fedaiisf\/","title":{"rendered":"Buona Pasqua da Fedaiisf"},"content":{"rendered":"<p>Nella societ\u00e0 mediatica bisogna seguire la deriva, allineando tutte le banalit\u00e0 senza dimenticarne alcuna. La competitivit\u00e0, il merito (anche se lo valutano degli incompetenti), il mercato: tutti valori che ci aiutano a sopravvivere. La Pasqua ci indica la speranza di superare le meschinit\u00e0 umane, di andare oltre.<\/p>\n<p>Pasqua \u00e8 il passaggio, nell&#8217;antico testamento era il passaggio di Mos\u00e8 e del suo popolo nel mar Rosso, dalla schiavit\u00f9 alla libert\u00e0, nel nuovo testamento \u00e8 il passaggio di Cristo dalla terra al cielo: una rinascita alla vita, una risurrezione. Anche per i non credenti la Pasqua ha un forte significato simbolico. La risurrezione di Cristo \u00e8 la nostra risurrezione! La speranza di Cristo \u00e8 la nostra speranza!<\/p>\n<p><img loading=\"lazy\" decoding=\"async\" class=\"wp-image-81316 alignright\" src=\"https:\/\/www.fedaiisf.it\/wp-content\/uploads\/2025\/04\/san-tommaso.png\" alt=\"\" width=\"214\" height=\"154\" srcset=\"https:\/\/www.fedaiisf.it\/wp-content\/uploads\/2025\/04\/san-tommaso.png 590w, https:\/\/www.fedaiisf.it\/wp-content\/uploads\/2025\/04\/san-tommaso-300x216.png 300w, https:\/\/www.fedaiisf.it\/wp-content\/uploads\/2025\/04\/san-tommaso-18x12.png 18w\" sizes=\"auto, (max-width: 214px) 100vw, 214px\" \/>Per noi informatori la speranza oggi \u00e8 un progetto di legge dell&#8217;on. Cannizzaro sull&#8217;istituzione di un Ordine Professionale degli Informatori Scientifici, di un passaggio dalla soggezione alla valorizzazione di un ruolo. Anche se noi &#8220;anziani&#8221; manchiamo di entusiasmo perch\u00e9 abbiamo visto tanti tentativi di legge per l&#8217;istituzione dell&#8217;Ordine degli Informatori sparire nel &#8220;porto delle nebbie&#8221; del Parlamento. Saremo tentati di ripetere con San Tommaso: &#8220;non ci credo se non vedo&#8221;. Ma l&#8217;uomo vuol credere a tutto ci\u00f2 che desidera, speriamo che questa volta, ancora una volta, il desiderio di tanti ISF non vada deluso. La speranza \u00e8 l&#8217;ultima a morire.<\/p>\n<p>Buona Pasqua!<\/p>\n<p><img loading=\"lazy\" decoding=\"async\" class=\"alignnone size-full wp-image-25194\" src=\"https:\/\/www.fedaiisf.it\/wp-content\/uploads\/2016\/03\/auguri-buona-pasqua.jpg\" alt=\"\" width=\"718\" height=\"463\" srcset=\"https:\/\/www.fedaiisf.it\/wp-content\/uploads\/2016\/03\/auguri-buona-pasqua.jpg 718w, https:\/\/www.fedaiisf.it\/wp-content\/uploads\/2016\/03\/auguri-buona-pasqua-300x193.jpg 300w, https:\/\/www.fedaiisf.it\/wp-content\/uploads\/2016\/03\/auguri-buona-pasqua-179x116.jpg 179w, https:\/\/www.fedaiisf.it\/wp-content\/uploads\/2016\/03\/auguri-buona-pasqua-367x237.jpg 367w\" sizes=\"auto, (max-width: 718px) 100vw, 718px\" \/><\/p>","protected":false},"excerpt":{"rendered":"<p>Nella societ\u00e0 mediatica bisogna seguire la deriva, allineando tutte le banalit\u00e0 senza dimenticarne alcuna. La competitivit\u00e0, il merito (anche se lo valutano degli incompetenti), il mercato: tutti valori che ci aiutano a sopravvivere. La Pasqua ci indica la speranza di superare le meschinit\u00e0 umane, di andare oltre. Pasqua \u00e8 il passaggio, nell&#8217;antico testamento era il &hellip;<\/p>","protected":false},"author":4,"featured_media":81310,"comment_status":"closed","ping_status":"closed","sticky":false,"template":"","format":"standard","meta":{"footnotes":""},"categories":[1],"tags":[],"class_list":["post-81307","post","type-post","status-publish","format-standard","has-post-thumbnail","hentry","category-notizie"],"amp_enabled":true,"_links":{"self":[{"href":"https:\/\/www.fedaiisf.it\/en\/wp-json\/wp\/v2\/posts\/81307","targetHints":{"allow":["GET"]}}],"collection":[{"href":"https:\/\/www.fedaiisf.it\/en\/wp-json\/wp\/v2\/posts"}],"about":[{"href":"https:\/\/www.fedaiisf.it\/en\/wp-json\/wp\/v2\/types\/post"}],"author":[{"embeddable":true,"href":"https:\/\/www.fedaiisf.it\/en\/wp-json\/wp\/v2\/users\/4"}],"replies":[{"embeddable":true,"href":"https:\/\/www.fedaiisf.it\/en\/wp-json\/wp\/v2\/comments?post=81307"}],"version-history":[{"count":4,"href":"https:\/\/www.fedaiisf.it\/en\/wp-json\/wp\/v2\/posts\/81307\/revisions"}],"predecessor-version":[{"id":81317,"href":"https:\/\/www.fedaiisf.it\/en\/wp-json\/wp\/v2\/posts\/81307\/revisions\/81317"}],"wp:featuredmedia":[{"embeddable":true,"href":"https:\/\/www.fedaiisf.it\/en\/wp-json\/wp\/v2\/media\/81310"}],"wp:attachment":[{"href":"https:\/\/www.fedaiisf.it\/en\/wp-json\/wp\/v2\/media?parent=81307"}],"wp:term":[{"taxonomy":"category","embeddable":true,"href":"https:\/\/www.fedaiisf.it\/en\/wp-json\/wp\/v2\/categories?post=81307"},{"taxonomy":"post_tag","embeddable":true,"href":"https:\/\/www.fedaiisf.it\/en\/wp-json\/wp\/v2\/tags?post=81307"}],"curies":[{"name":"wp","href":"https:\/\/api.w.org\/{rel}","templated":true}]}}