{"id":81539,"date":"2025-05-04T19:08:10","date_gmt":"2025-05-04T17:08:10","guid":{"rendered":"https:\/\/www.fedaiisf.it\/?p=81539"},"modified":"2025-05-04T19:22:17","modified_gmt":"2025-05-04T17:22:17","slug":"aiisf-foggia-corso-blsd-e-donazione-di-un-defibrillatore-in-memoria-di-antoine-morto-per-mancanza-dello-strumento","status":"publish","type":"post","link":"https:\/\/www.fedaiisf.it\/en\/aiisf-foggia-corso-blsd-e-donazione-di-un-defibrillatore-in-memoria-di-antoine-morto-per-mancanza-dello-strumento\/","title":{"rendered":"AIISF Foggia. Corso BLSD e donazione di un defibrillatore in memoria di Antoine, morto per mancanza dello strumento"},"content":{"rendered":"<p style=\"font-weight: 400;\">Battiti per la vita \u00e8 un progetto sempre in cammino, per cosi dire, visto che una prima iniziativa, il defibrillatore messo nei pressi della Cattedrale di San Severo &#8211; una delle prime parrocchie cardio protette della diocesi &#8211; \u00e8 stato il primo esempio.<\/p>\n<p style=\"font-weight: 400;\"><img loading=\"lazy\" decoding=\"async\" class=\"wp-image-81544 alignright\" src=\"https:\/\/www.fedaiisf.it\/wp-content\/uploads\/2025\/05\/foggia-blsd-1.png\" alt=\"\" width=\"281\" height=\"418\" srcset=\"https:\/\/www.fedaiisf.it\/wp-content\/uploads\/2025\/05\/foggia-blsd-1.png 706w, https:\/\/www.fedaiisf.it\/wp-content\/uploads\/2025\/05\/foggia-blsd-1-201x300.png 201w, https:\/\/www.fedaiisf.it\/wp-content\/uploads\/2025\/05\/foggia-blsd-1-687x1024.png 687w, https:\/\/www.fedaiisf.it\/wp-content\/uploads\/2025\/05\/foggia-blsd-1-8x12.png 8w\" sizes=\"auto, (max-width: 281px) 100vw, 281px\" \/>Il progetto, quindi, \u00e8 ripartito e la presentazione della nuova iniziativa per il corso BLSD &#8211; corso teorico pratico di rianimazione cardio-polmonare &#8211; tenuto dal dottor Francesco Lapolla, \u00e8 avvenuta sabato 26 aprile, alle ore 16.00, nella sede della Caritas della diocesi di San Severo,<\/p>\n<p style=\"font-weight: 400;\">Eranno presenti: il vescovo, mons. Giuseppe Mengoli: il parroco della cattedrale, don Giuseppe Clavarella; il direttore della Caritas diocesana, don Andrea Pupilla e il presidente dell&#8217;AlISF Foggia, Cosimo Grossano.<\/p>\n<p style=\"font-weight: 400;\">L&#8217;iniziativa nasce in memoria della morte di Antoine, per infarto, avvenuta nel cosiddetto &#8216;Ghetto di Rignano&#8217;, dovuta a un ritardo dei soccorsi, data la difficolt\u00e0 a raggiungere il luogo per l&#8217;impraticabilit\u00e0 della strada, tra l&#8217;altro, e alla mancanza di un defibrillatore. Su sollecitazione dell&#8217;AllSF (Associazione italiana informatori scientifici del farmaco e parafarmaco, federata Fedaiisf) e dalla parrocchia Cattedrale di San Severo &#8211; ha detto il gruppo promotori dell&#8217;iniziativa, tra cui Attilio Celeste e Claudio laffaidano -. L&#8217;AIISF sezione di Foggia si far\u00e0 carico della formazione indispensabile per l&#8217;utilizzo corretto del defibrillatore, attraverso l&#8217;organizzazione del corso di rianimazione cardiopolmonare tenuto dal dottor Francesco Lapolla&#8221;.<\/p>\n<p style=\"font-weight: 400;\"><img loading=\"lazy\" decoding=\"async\" class=\"wp-image-81545 aligncenter\" src=\"https:\/\/www.fedaiisf.it\/wp-content\/uploads\/2025\/05\/foggia-blsd-2.png\" alt=\"\" width=\"486\" height=\"256\" srcset=\"https:\/\/www.fedaiisf.it\/wp-content\/uploads\/2025\/05\/foggia-blsd-2.png 1612w, https:\/\/www.fedaiisf.it\/wp-content\/uploads\/2025\/05\/foggia-blsd-2-300x158.png 300w, https:\/\/www.fedaiisf.it\/wp-content\/uploads\/2025\/05\/foggia-blsd-2-1024x540.png 1024w, https:\/\/www.fedaiisf.it\/wp-content\/uploads\/2025\/05\/foggia-blsd-2-768x405.png 768w, https:\/\/www.fedaiisf.it\/wp-content\/uploads\/2025\/05\/foggia-blsd-2-1536x810.png 1536w, https:\/\/www.fedaiisf.it\/wp-content\/uploads\/2025\/05\/foggia-blsd-2-18x9.png 18w\" sizes=\"auto, (max-width: 486px) 100vw, 486px\" \/>L&#8217;idea della donazione di un defibrillatore \u00e8 stata promossa da don Giuseppe Ciavarella, parroco della Cattedrale di San Severo, accolta dall&#8217;intera comunit\u00e0 parrocchiale che ha partecipato in modo sentito alla raccolta fondi per l&#8217;acquisto del defibrillatore.<\/p>\n<p style=\"font-weight: 400;\">&#8220;Il corso si \u00e8 tenuto presso la Caritas di San Severo, diretta da don Andrea Pupilla che ha reso possibile l&#8217;individuazione di alcuni ragazzi volenterosi del &#8216;ghetto&#8217; a cui \u00e8 stato rilasciato il brevetto BLS-D&#8221;, ha dichiarato al quotidiano &#8220;l&#8217;Attacco&#8221;, il presidente provinciale AllSF, Cosimo Grossano. &#8220;Quest&#8217;iniziativa, sempre nel progetto &#8216;Battiti per la vita&#8217;, \u00e8 nata dopo la morte di Antoine deceduto nella baraccopoli del &#8216;Ghetto&#8217; alcune settimane fa &#8211; hanno riferito i promotori, per il tramite di Celeste e laffaldano -.<\/p>\n<p style=\"font-weight: 400;\">Purtroppo, le condizioni disumane in cui versa l&#8217;intera area, in cui vivono pi\u00f9 di duemila persone, hanno contributo alla dipartita di Antoine. Ha senz&#8217;altro influito il ritardo dei soccorsi, non per colpa degli operatori, e la mancanza di un defibrillatore che, probabilmente, avrebbe potuto salvare la vita di questa persona&#8221;<\/p>\n<p style=\"font-weight: 400;\"><img loading=\"lazy\" decoding=\"async\" class=\"wp-image-81546 alignleft\" src=\"https:\/\/www.fedaiisf.it\/wp-content\/uploads\/2025\/05\/quotidiano-lattacco.png\" alt=\"\" width=\"255\" height=\"440\" srcset=\"https:\/\/www.fedaiisf.it\/wp-content\/uploads\/2025\/05\/quotidiano-lattacco.png 858w, https:\/\/www.fedaiisf.it\/wp-content\/uploads\/2025\/05\/quotidiano-lattacco-174x300.png 174w, https:\/\/www.fedaiisf.it\/wp-content\/uploads\/2025\/05\/quotidiano-lattacco-594x1024.png 594w, https:\/\/www.fedaiisf.it\/wp-content\/uploads\/2025\/05\/quotidiano-lattacco-768x1323.png 768w, https:\/\/www.fedaiisf.it\/wp-content\/uploads\/2025\/05\/quotidiano-lattacco-7x12.png 7w\" sizes=\"auto, (max-width: 255px) 100vw, 255px\" \/>In Italia ogni anno sono oltre 60.000 le persone vittime di arresto cardiaco ed \u00e8 stato constatato che un tempestivo e adeguato intervento di primo soccorso aiuta a ridurre il tasso di mortalit\u00e0 del 30%. &#8220;L&#8217;idea della donazione del defibrillatore anche ai residenti di Torretta Antonacci (ndr: <em>noto come Ghetto di Rignano)<\/em>, \u00e8 stata promossa da don Giuseppe Ciavarella, parroco della Cattedrale di San Severo, ed \u00e8 stata sposata dall&#8217;intera comunit\u00e0 parrocchiale che ha partecipato alla raccolta fondi per l&#8217;acquisto del defibrillatore &#8211; hanno ripreso Attilio Celeste e Claudio laffaldano a &#8216;l&#8217;Attacco&#8217; -, In seguito, abbiamo coinvolto la nostra associazione, quella degli Informatori scientifici del farmaco di Foggia, per continuare nella divulgazione della cultura dell&#8217;emergenza in caso di arresto cardiaco&#8221;.<\/p>\n<p style=\"font-weight: 400;\">L&#8217;AIISF sezione di Foggia, s&#8217;\u00e8 fatta carico della formazione indispensabile, come nella precedente circostanza, per l&#8217;utilizzo corretto del defibrillatore attraverso l&#8217;organizzazione di un corso di rianimazione cardiopolmonare. Chiaramente, siccome l&#8217;intento \u00e8 quello di donare e lasciare il defibrillatore all&#8217;interno di Torretta Antonacci, grazie a don Andrea Pupilia, sono stati individuati alcuni ragazzi volenterosi e pi\u00f9 predisposti, che vivono nel cosiddetto &#8220;ghetto&#8221; a <img loading=\"lazy\" decoding=\"async\" class=\"wp-image-81551 alignright\" src=\"https:\/\/www.fedaiisf.it\/wp-content\/uploads\/2025\/05\/torretta-antonacci.png\" alt=\"\" width=\"315\" height=\"216\" srcset=\"https:\/\/www.fedaiisf.it\/wp-content\/uploads\/2025\/05\/torretta-antonacci.png 956w, https:\/\/www.fedaiisf.it\/wp-content\/uploads\/2025\/05\/torretta-antonacci-300x205.png 300w, https:\/\/www.fedaiisf.it\/wp-content\/uploads\/2025\/05\/torretta-antonacci-768x525.png 768w, https:\/\/www.fedaiisf.it\/wp-content\/uploads\/2025\/05\/torretta-antonacci-18x12.png 18w, https:\/\/www.fedaiisf.it\/wp-content\/uploads\/2025\/05\/torretta-antonacci-220x150.png 220w\" sizes=\"auto, (max-width: 315px) 100vw, 315px\" \/>cui \u00e8 stato rilasciato il brevetto BLS-D. Inoltre, a loro, \u00e8 stato consegnato direttamente un defibrillatore che \u00e8 stato collocato nella postazione &#8220;medica&#8221; di Torretta Antonacci.<\/p>\n<p style=\"font-weight: 400;\">Le conclusioni di laffaldano e Celeste: &#8220;Vorremo fare un appello alle autorit\u00e0 competenti, non solo per quella che \u00e8 la realt\u00e0 del &#8216;ghetto&#8217; ma per il fatto che abbiamo provato, non solo noi, nei giorni scorsi, a raggiungere il luogo ma c&#8217;\u00e8 un tratto di strada provinciale di circa mezzo chilometro, che \u00e8 impercorribile per le automobili &#8216;normali&#8217; e ci\u00f2 pu\u00f2 essere un ostacolo anche per i soccorsi, di qualsiasi natura, che devono raggiungere il luogo&#8221;.<\/p>\n<p style=\"font-weight: 400;\"><img loading=\"lazy\" decoding=\"async\" class=\"wp-image-81547 aligncenter\" src=\"https:\/\/www.fedaiisf.it\/wp-content\/uploads\/2025\/05\/foggia-locandina-blsd.png\" alt=\"\" width=\"505\" height=\"683\" srcset=\"https:\/\/www.fedaiisf.it\/wp-content\/uploads\/2025\/05\/foggia-locandina-blsd.png 976w, https:\/\/www.fedaiisf.it\/wp-content\/uploads\/2025\/05\/foggia-locandina-blsd-222x300.png 222w, https:\/\/www.fedaiisf.it\/wp-content\/uploads\/2025\/05\/foggia-locandina-blsd-757x1024.png 757w, https:\/\/www.fedaiisf.it\/wp-content\/uploads\/2025\/05\/foggia-locandina-blsd-768x1039.png 768w, https:\/\/www.fedaiisf.it\/wp-content\/uploads\/2025\/05\/foggia-locandina-blsd-9x12.png 9w\" sizes=\"auto, (max-width: 505px) 100vw, 505px\" \/><\/p>\n<hr \/>\n<p style=\"font-weight: 400;\">Related news: <a href=\"https:\/\/www.fedaiisf.it\/en\/parlano-di-noi-una-iniziativa-altamente-meritoria-che-ripara-la-vergogna-di-una-morte-evitabile\/\" target=\"_blank\" rel=\"noopener\">Parlano di noi. Una iniziativa altamente meritoria che \u2018ripara\u2019 la vergogna di una morte evitabile<\/a><\/p>\n<p style=\"font-weight: 400;\"><a href=\"https:\/\/www.lagazzettadisansevero.it\/una-iniziativa-altamente-meritoria-che-ripara-la-vergogna-di-una-morte-evitabile\/\" target=\"_blank\" rel=\"noopener\">La Gazzetta di San Severo &#8211; domenica, Aprile 27 2025<\/a><\/p>\n<p style=\"font-weight: 400;\"><a href=\"https:\/\/www.foggiatoday.it\/cronaca\/san-severo-morte-antoine-ghetto-torretta-antonacci.html\" target=\"_blank\" rel=\"noopener\">Antoine, l&#8217;anziano di Torretta Antonacci &#8216;strozzato&#8217; dalla burocrazia: &#8220;\u00c8 in obitorio da 7 giorni&#8221;<\/a><\/p>\n<p style=\"font-weight: 400;\"><a href=\"https:\/\/www.fedaiisf.it\/en\/cattedrale-san-severo-parrocchia-cardio-protetta-con-defibrillatore-rotary-club-e-aiisf\/\" target=\"_blank\" rel=\"noopener\">Cattedrale San Severo, parrocchia cardio-protetta con defibrillatore Rotary Club e AIISF<\/a><\/p>\n<p style=\"font-weight: 400;\">","protected":false},"excerpt":{"rendered":"<p>Battiti per la vita \u00e8 un progetto sempre in cammino, per cosi dire, visto che una prima iniziativa, il defibrillatore messo nei pressi della Cattedrale di San Severo &#8211; una delle prime parrocchie cardio protette della diocesi &#8211; \u00e8 stato il primo esempio. Il progetto, quindi, \u00e8 ripartito e la presentazione della nuova iniziativa per &hellip;<\/p>","protected":false},"author":4,"featured_media":81543,"comment_status":"closed","ping_status":"closed","sticky":false,"template":"","format":"standard","meta":{"footnotes":""},"categories":[1,14],"tags":[45],"class_list":["post-81539","post","type-post","status-publish","format-standard","has-post-thumbnail","hentry","category-notizie","category-news-fedaiisf","tag-fedaiisf"],"amp_enabled":true,"_links":{"self":[{"href":"https:\/\/www.fedaiisf.it\/en\/wp-json\/wp\/v2\/posts\/81539","targetHints":{"allow":["GET"]}}],"collection":[{"href":"https:\/\/www.fedaiisf.it\/en\/wp-json\/wp\/v2\/posts"}],"about":[{"href":"https:\/\/www.fedaiisf.it\/en\/wp-json\/wp\/v2\/types\/post"}],"author":[{"embeddable":true,"href":"https:\/\/www.fedaiisf.it\/en\/wp-json\/wp\/v2\/users\/4"}],"replies":[{"embeddable":true,"href":"https:\/\/www.fedaiisf.it\/en\/wp-json\/wp\/v2\/comments?post=81539"}],"version-history":[{"count":7,"href":"https:\/\/www.fedaiisf.it\/en\/wp-json\/wp\/v2\/posts\/81539\/revisions"}],"predecessor-version":[{"id":81552,"href":"https:\/\/www.fedaiisf.it\/en\/wp-json\/wp\/v2\/posts\/81539\/revisions\/81552"}],"wp:featuredmedia":[{"embeddable":true,"href":"https:\/\/www.fedaiisf.it\/en\/wp-json\/wp\/v2\/media\/81543"}],"wp:attachment":[{"href":"https:\/\/www.fedaiisf.it\/en\/wp-json\/wp\/v2\/media?parent=81539"}],"wp:term":[{"taxonomy":"category","embeddable":true,"href":"https:\/\/www.fedaiisf.it\/en\/wp-json\/wp\/v2\/categories?post=81539"},{"taxonomy":"post_tag","embeddable":true,"href":"https:\/\/www.fedaiisf.it\/en\/wp-json\/wp\/v2\/tags?post=81539"}],"curies":[{"name":"wp","href":"https:\/\/api.w.org\/{rel}","templated":true}]}}