{"id":81625,"date":"2025-05-11T12:22:16","date_gmt":"2025-05-11T10:22:16","guid":{"rendered":"https:\/\/www.fedaiisf.it\/?p=81625"},"modified":"2025-05-11T12:27:38","modified_gmt":"2025-05-11T10:27:38","slug":"senna-presidente-cao-nazionale-lodontotecnico-non-diventi-professione-sanitaria","status":"publish","type":"post","link":"https:\/\/www.fedaiisf.it\/en\/senna-presidente-cao-nazionale-lodontotecnico-non-diventi-professione-sanitaria\/","title":{"rendered":"Senna (Presidente CAO nazionale): \u201cL\u2019Odontotecnico non diventi professione sanitaria&#8221;"},"content":{"rendered":"<h3 class=\"entry-title\">Senna (Presidente CAO nazionale): \u201cL\u2019Odontotecnico non diventi professione sanitaria, si creerebbe commistione di ruoli\u201d<\/h3>\n<p>S\u00ec a un\u2019evoluzione della formazione dell\u2019Odontotecnico, il soggetto abilitato alla fabbricazione dei dispositivi medici odontoiatrici \u2013 ad esempio le protesi \u2013 che lo porti ad acquisire competenze aggiornate in ambito ingegneristico e dei bio-materiali. No, invece, a una trasformazione di quella che oggi \u00e8 un\u2019arte ausiliaria in una professione sanitaria. Sarebbe non solo ingiustificata, ma anche rischiosa, potendo favorire confusione e commistioni di ruoli.<\/p>\n<p><img loading=\"lazy\" decoding=\"async\" class=\"wp-image-81638 alignleft\" src=\"https:\/\/www.fedaiisf.it\/wp-content\/uploads\/2025\/05\/Andrea-Senna-CAO.png\" alt=\"\" width=\"176\" height=\"200\" srcset=\"https:\/\/www.fedaiisf.it\/wp-content\/uploads\/2025\/05\/Andrea-Senna-CAO.png 304w, https:\/\/www.fedaiisf.it\/wp-content\/uploads\/2025\/05\/Andrea-Senna-CAO-264x300.png 264w, https:\/\/www.fedaiisf.it\/wp-content\/uploads\/2025\/05\/Andrea-Senna-CAO-11x12.png 11w\" sizes=\"auto, (max-width: 176px) 100vw, 176px\" \/>\u00c8 netta la posizione della <strong>Commissione Albo Odontoiatri nazionale della FNOMCeO<\/strong>\u00a0che, con il suo Presidente Andrea\u00a0<strong>Senna<\/strong>, entra a gamba tesa nel dibattito di questi giorni. Auditi nell\u2019ambito dell\u2019<a href=\"https:\/\/documenti.camera.it\/leg19\/resoconti\/commissioni\/stenografici\/pdf\/12\/indag\/c12_professioni_sanitarie\/2025\/04\/08\/leg.19.stencomm.data20250408.U1.com12.indag.c12_professioni_sanitarie.0016.pdf\" target=\"_blank\" rel=\"noopener\">indagine conoscitiva alla Camera dei Deputati<\/a> sul riordino delle professioni sanitarie, che si \u00e8 da poco conclusa, i rappresentanti degli Odontotecnici hanno infatti richiesto di diventare professionisti sanitari. La questione \u00e8 poi stata riproposta con una nota inviata questo mese ai giornali di categoria.<\/p>\n<p><em>\u201c\u00c8 giusto e legittimo che gli Odontotecnici vogliano acquisire nuove competenze in ambito ingegneristico e delle biotecnologie<\/em>\u00a0\u2013 afferma\u00a0<strong>Senna<\/strong>\u00a0<em>\u2013 e questo per un aumento dell\u2019efficacia e della sicurezza dei manufatti fabbricati, senza per\u00f2 mai invadere il campo sanitario, che \u00e8 proprio degli Odontoiatri. L\u2019attivit\u00e0 svolta dall\u2019Odontotecnico \u00e8, infatti, strettamente riservata a un momento non clinico, in assenza del paziente e al di fuori dello svolgimento di tutte le attivit\u00e0 concernenti l\u2019Odontoiatria\u201d.<\/em><\/p>\n<p><em>\u201cCome Commissione Albo Odontoiatri nazionale<\/em>\u00a0\u2013 continua il Presidente \u2013\u00a0<em>riteniamo dunque che non possa darsi seguito al riconoscimento degli Odontotecnici come professionisti sanitari. Laddove, infatti, agli Odontoiatri sono affidate,<strong>\u00a0<\/strong>in forza di un titolo abilitante e per le specifiche competenze, le attivit\u00e0 di prevenzione, diagnosi, cura e riabilitazione, gli Odontotecnici sono \u201cfabbricanti\u201d di dispositivi medici, soggetti abilitati alla produzione. Per questo anche un eventuale percorso universitario dovrebbe, appunto, essere inquadrato nell\u2019ambito ingegneristico e delle biotecnologie. E, soprattutto, non pu\u00f2 esserci commistione tra l\u2019attivit\u00e0 professionale di studio Odontoiatrico e quella artigianale di laboratorio odontotecnico\u201d.<\/em><\/p>\n<p><em>\u201cSe cos\u00ec non fosse<\/em>\u00a0\u2013 he concludes\u00a0<strong>Senna<\/strong>\u00a0<em>\u2013 il rischio sarebbe quello di favorire pericolose confusioni e commistioni di ruoli, sino a creare aree grigie in cui possono con facilit\u00e0 insinuarsi fenomeni di abusivismo. Quei fenomeni che la legislazione vigente vuole scongiurare e che la giurisprudenza della Suprema Corte ha pi\u00f9 volte sanzionato, stabilendo i limiti e le modalit\u00e0 di esercizio dell\u2019attivit\u00e0 di Odontotecnico\u201d.<\/em><\/p>\n<p><a href=\"https:\/\/portale.fnomceo.it\/senna-presidente-cao-nazionale-lodontotecnico-non-diventi-professione-sanitaria-si-creerebbe-commistione-di-ruoli\/\" target=\"_blank\" rel=\"noopener\">FNOMCeO Press Office<\/a><br \/>\ninformazione@fnomceo.it<br \/>\n7 maggio 2025<\/p>\n<hr \/>\n<p>Note:<\/p>\n<p><em>L\u2019odontotecnico, titolare del laboratorio odontotecnico, \u00e8 colui che costruisce la protesi dentaria che il medico dentista inserir\u00e0 in bocca. Iscritto in CCIAA come impresa artigiana, con codice Ateco 32.50.20 (classificazione delle attivit\u00e0 economiche).<\/em><\/p>\n<p><em>All\u2019odontotecnico spetta la progettazione tecnica e la realizzazione della protesi che deve essere conforme alla prescrizione del medico dentista e conforme a quanto previsto dall\u2019allegato 1 del MDR UE 2017\/45. All\u2019odontotecnico \u00e8 fatto assoluto divieto di operare a contatto con il paziente.<\/em><\/p>\n<p><em><img loading=\"lazy\" decoding=\"async\" class=\"wp-image-81640 alignright\" src=\"https:\/\/www.fedaiisf.it\/wp-content\/uploads\/2025\/05\/scuola-odontotecnici-024_5_6_7_tonemapped.jpeg\" alt=\"\" width=\"336\" height=\"205\" srcset=\"https:\/\/www.fedaiisf.it\/wp-content\/uploads\/2025\/05\/scuola-odontotecnici-024_5_6_7_tonemapped.jpeg 2128w, https:\/\/www.fedaiisf.it\/wp-content\/uploads\/2025\/05\/scuola-odontotecnici-024_5_6_7_tonemapped-300x183.jpeg 300w, https:\/\/www.fedaiisf.it\/wp-content\/uploads\/2025\/05\/scuola-odontotecnici-024_5_6_7_tonemapped-1024x625.jpeg 1024w, https:\/\/www.fedaiisf.it\/wp-content\/uploads\/2025\/05\/scuola-odontotecnici-024_5_6_7_tonemapped-768x469.jpeg 768w, https:\/\/www.fedaiisf.it\/wp-content\/uploads\/2025\/05\/scuola-odontotecnici-024_5_6_7_tonemapped-1536x938.jpeg 1536w, https:\/\/www.fedaiisf.it\/wp-content\/uploads\/2025\/05\/scuola-odontotecnici-024_5_6_7_tonemapped-2048x1250.jpeg 2048w, https:\/\/www.fedaiisf.it\/wp-content\/uploads\/2025\/05\/scuola-odontotecnici-024_5_6_7_tonemapped-18x12.jpeg 18w\" sizes=\"auto, (max-width: 336px) 100vw, 336px\" \/>Oggi per diventare odontotecnici (arte ausiliaria della professione sanitaria fabbricanti di Dispositivi medici su Misura DMSM) si deve frequentare un istituto ad indirizzo professionale. Il corso di studi \u00e8 di durata quinquennale. Al termine dei cinque anni, dopo il superamento di un esame maturit\u00e0, il diplomato potr\u00e0 conseguire l\u2019abilitazione all\u2019esercizio della professione, che consente di poter esercitare l&#8217;attivit\u00e0 professionale ed iscriversi al Ministero della Salute come fabbricante titolare di laboratorio tecnico, oppure lavorare come dipendente.<\/em><\/p>\n<p><em>L&#8217;esame di abilitazione viene svolto direttamente nella sede dell&#8217;Istituto nel mese di settembre-ottobre di ogni anno (secondo calendario del MIUR subito dopo il diploma di maturit\u00e0).<\/em><\/p>\n<p><em>For<a href=\"https:\/\/www.antlo.it\/Informazioni\/ChiEAntlo\" target=\"_blank\" rel=\"noopener\"> ANTLO<\/a> (Associazione Nazionale Tecnici Laboratorio Odontotecnico) \u00e8 prioritario l\u2019ottenimento del riconoscimento professionale per l\u2019odontotecnico italiano, la lotta a tutte quelle azioni intese ad appiattire la figura dell\u2019odontotecnico come semplice artigiano o, ancor peggio, di assemblatore, non tenendo conto dell\u2019alta professionalit\u00e0 intellettiva necessaria all\u2019odontotecnico.<\/em><\/p>\n<p><em>Negli ultimi anni \u00e8 stata proposta dalle associazioni di categoria odontotecniche una modifica al profilo professionale, che prevederebbe l&#8217;istituzione di un corso di laurea triennale in Scienze odontotecniche. Il nuovo profilo per la professione di odontotecnico \u00e8 stato al vaglio del Ministero della Salute e di altre Istituzioni.<\/em><\/p>\n<p><em>In base alla L. 3\/2018 (cd. Legge Lorenzin), gli Odontotecnici a pretendono che la loro Professionalit\u00e0 sia annoverata fra le Professioni sanitarie. In effetti, considerato che parte del corso di laurea in Odontoiatria ricomprende anche nozioni sui dispositivi protesici, la pretesa non appare poi cos\u00ec esosa.<\/em><\/p>\n<p><em>Con la seconda riforma sanitaria del 1999, \u00e8 stata definitivamente prevista la soppressione della nozione di professione sanitaria ausiliaria nel testo unico delle leggi sanitarie del 1934, sostituita dalla locuzione omnicomprensiva professione sanitaria (v. art. 1, co. 1 legge n. 42 del 1999). La legge 10 agosto 2000, n. 251, reca infatti la nuova disciplina organica delle professioni sanitarie infermieristiche, tecniche della riabilitazione, della prevenzione nonch\u00e9 della professione ostetrica.<\/em><\/p>\n<p><em>Il parere ministeriale contrario ad un Ordine degli odontotecnici \u00e8 stato impugnato prima al TAR e poi al Consiglio di Stato il quale con <a href=\"https:\/\/portali.giustizia-amministrativa.it\/portale\/pages\/istituzionale\/visualizza\/?nodeRef=&amp;schema=cds&amp;nrg=202207953&amp;nomeFile=202400932_11.html&amp;subDir=Provvedimenti\" target=\"_blank\" rel=\"noopener\">sentenza del 30 gennaio 2024, n. 932<\/a> ha aperto la strada all\u2019ingresso degli <img loading=\"lazy\" decoding=\"async\" class=\"wp-image-31726 alignleft\" src=\"https:\/\/www.fedaiisf.it\/wp-content\/uploads\/2017\/06\/professioni.sanitarie2.jpg\" alt=\"\" width=\"289\" height=\"158\" srcset=\"https:\/\/www.fedaiisf.it\/wp-content\/uploads\/2017\/06\/professioni.sanitarie2.jpg 1024w, https:\/\/www.fedaiisf.it\/wp-content\/uploads\/2017\/06\/professioni.sanitarie2-300x164.jpg 300w, https:\/\/www.fedaiisf.it\/wp-content\/uploads\/2017\/06\/professioni.sanitarie2-768x420.jpg 768w, https:\/\/www.fedaiisf.it\/wp-content\/uploads\/2017\/06\/professioni.sanitarie2-546x300.jpg 546w\" sizes=\"auto, (max-width: 289px) 100vw, 289px\" \/>odontotecnici tra i professionisti sanitari.<\/em><\/p>\n<p><em>Di conseguenza, fatte salve le ulteriori determinazioni che l\u2019Amministrazione riterr\u00e0 di adottare in sede di riesame dell\u2019istanza di riconoscimento, torna ad aprirsi per gli odontotecnici la possibilit\u00e0 di vedersi accordato l\u2019ingresso nel novero delle professioni sanitarie ex lege riconosciute, con tutte le ricadute che ne derivano, tra l\u2019altro, in termini ordinistici.<\/em><\/p>\n<p><em>I rappresentanti degli Odontotecnici, auditi nell\u2019ambito dell\u2019indagine conoscitiva alla Camera dei Deputati sul riordino delle professioni sanitarie (si veda il <a href=\"https:\/\/www.fedaiisf.it\/en\/riconoscimento-giuridico-di-una-professione-sanitaria\/\" target=\"_blank\" rel=\"noopener\"><b><u>nostro approfondimento<\/u><\/b><\/a>), hanno infatti <b>chiesto di diventare professionisti sanitari<\/b>.<\/em><\/p>\n<p>&nbsp;<\/p>","protected":false},"excerpt":{"rendered":"<p>Senna (Presidente CAO nazionale): \u201cL\u2019Odontotecnico non diventi professione sanitaria, si creerebbe commistione di ruoli\u201d S\u00ec a un\u2019evoluzione della formazione dell\u2019Odontotecnico, il soggetto abilitato alla fabbricazione dei dispositivi medici odontoiatrici \u2013 ad esempio le protesi \u2013 che lo porti ad acquisire competenze aggiornate in ambito ingegneristico e dei bio-materiali. No, invece, a una trasformazione di quella &hellip;<\/p>","protected":false},"author":4,"featured_media":81641,"comment_status":"closed","ping_status":"closed","sticky":false,"template":"","format":"standard","meta":{"footnotes":""},"categories":[1],"tags":[41],"class_list":["post-81625","post","type-post","status-publish","format-standard","has-post-thumbnail","hentry","category-notizie","tag-leggisentenze"],"amp_enabled":true,"_links":{"self":[{"href":"https:\/\/www.fedaiisf.it\/en\/wp-json\/wp\/v2\/posts\/81625","targetHints":{"allow":["GET"]}}],"collection":[{"href":"https:\/\/www.fedaiisf.it\/en\/wp-json\/wp\/v2\/posts"}],"about":[{"href":"https:\/\/www.fedaiisf.it\/en\/wp-json\/wp\/v2\/types\/post"}],"author":[{"embeddable":true,"href":"https:\/\/www.fedaiisf.it\/en\/wp-json\/wp\/v2\/users\/4"}],"replies":[{"embeddable":true,"href":"https:\/\/www.fedaiisf.it\/en\/wp-json\/wp\/v2\/comments?post=81625"}],"version-history":[{"count":10,"href":"https:\/\/www.fedaiisf.it\/en\/wp-json\/wp\/v2\/posts\/81625\/revisions"}],"predecessor-version":[{"id":81643,"href":"https:\/\/www.fedaiisf.it\/en\/wp-json\/wp\/v2\/posts\/81625\/revisions\/81643"}],"wp:featuredmedia":[{"embeddable":true,"href":"https:\/\/www.fedaiisf.it\/en\/wp-json\/wp\/v2\/media\/81641"}],"wp:attachment":[{"href":"https:\/\/www.fedaiisf.it\/en\/wp-json\/wp\/v2\/media?parent=81625"}],"wp:term":[{"taxonomy":"category","embeddable":true,"href":"https:\/\/www.fedaiisf.it\/en\/wp-json\/wp\/v2\/categories?post=81625"},{"taxonomy":"post_tag","embeddable":true,"href":"https:\/\/www.fedaiisf.it\/en\/wp-json\/wp\/v2\/tags?post=81625"}],"curies":[{"name":"wp","href":"https:\/\/api.w.org\/{rel}","templated":true}]}}