{"id":81644,"date":"2025-05-12T11:51:54","date_gmt":"2025-05-12T09:51:54","guid":{"rendered":"https:\/\/www.fedaiisf.it\/?p=81644"},"modified":"2025-05-12T11:54:07","modified_gmt":"2025-05-12T09:54:07","slug":"cs-masterpharm-2025-farmacisti-ospedalieri-direttori-generali-e-professioni-sanitarie-insieme-per-affrontare-la-sfida-della-complessita-sanitaria","status":"publish","type":"post","link":"https:\/\/www.fedaiisf.it\/en\/cs-masterpharm-2025-farmacisti-ospedalieri-direttori-generali-e-professioni-sanitarie-insieme-per-affrontare-la-sfida-della-complessita-sanitaria\/","title":{"rendered":"CS &#8211; Masterpharm 2025 farmacisti ospedalieri, direttori generali e professioni sanitarie: insieme per affrontare la sfida della complessit\u00e0 sanitaria"},"content":{"rendered":"<p>We receive and publish<\/p>\n<hr \/>\n<p style=\"font-weight: 400; text-align: center;\"><strong>MASTERPHARM 2025<\/strong><\/p>\n<p style=\"font-weight: 400; text-align: center;\"><strong>FARMACISTI OSPEDALIERI, DIRETTORI GENERALI E PROFESSIONI SANITARIE:<br \/>\n<\/strong><strong>\u00a0INSIEME PER AFFRONTARE LA SFIDA DELLA COMPLESSITA&#8217; SANITARIA<\/strong><\/p>\n<p style=\"font-weight: 400; text-align: center;\"><strong>14-16 GIUGNO<\/strong><\/p>\n<p style=\"font-weight: 400; text-align: center;\"><strong>GRAND HOTEL DINO<br \/>\n<\/strong><strong>BAVENO<\/strong><\/p>\n<p style=\"font-weight: 400; text-align: center;\"><strong>(VERBANO, CUSIO, OSSOLA)<\/strong><\/p>\n<p style=\"font-weight: 400; text-align: justify;\"><strong>BAVENO (VCO), 12 MAGGIO<\/strong>\u00a0\u2013 La parola chiave della\u00a0<strong>sanit\u00e0 contemporanea \u00e8: complessit\u00e0<\/strong>. Nuovi bisogni di salute, soluzioni terapeutiche sempre pi\u00f9 innovative, professioni sempre pi\u00f9 dialoganti e interconnesse, organizzazioni territoriali chiamate all&#8217;eccellenza ed alla collaborazione di rete. L&#8217;evento multidisciplinare\u00a0<strong>Masterpharm 2025 &#8211; IV Edizione<\/strong>\u00a0<strong>(14-16 giugno)<\/strong>\u00a0nasce come risposta a tutte queste\u00a0esigenze, proponendosi di fornire ai partecipanti un toolkit completo di competenze avanzate e multidisciplinari, in grado di superare i confini tradizionali delle professioni sanitarie e della farmacia ospedaliera,\u00a0ambito professionale\u00a0da cui l&#8217;evento ha preso avvio.<\/p>\n<p style=\"font-weight: 400; text-align: justify;\">Per la sua edizione 2025 Masterpharm cambia location (da Torino, dove si \u00e8 tenuto sino ad <img loading=\"lazy\" decoding=\"async\" class=\"wp-image-81649 alignright\" src=\"https:\/\/www.fedaiisf.it\/wp-content\/uploads\/2025\/05\/francesco-cattel-vco.png\" alt=\"\" width=\"284\" height=\"281\" srcset=\"https:\/\/www.fedaiisf.it\/wp-content\/uploads\/2025\/05\/francesco-cattel-vco.png 902w, https:\/\/www.fedaiisf.it\/wp-content\/uploads\/2025\/05\/francesco-cattel-vco-300x297.png 300w, https:\/\/www.fedaiisf.it\/wp-content\/uploads\/2025\/05\/francesco-cattel-vco-768x759.png 768w, https:\/\/www.fedaiisf.it\/wp-content\/uploads\/2025\/05\/francesco-cattel-vco-12x12.png 12w\" sizes=\"auto, (max-width: 284px) 100vw, 284px\" \/>oggi, a\u00a0<strong>Baveno, sul Lago Maggiore<\/strong>) e amplia il raggio della discussione, come sottolineato dall&#8217;ideatore dell&#8217;evento\u00a0<strong>Francesco Cattel (Direttore Generale dell&#8217;ASL Verbano-Cusio-Ossola-VCO ed ex segretario nazionale SIFO<\/strong>): &#8220;Masterpharm rimane fedele alla sua impostazione originaria, che \u00e8 quella di sviluppare uno sguardo sul sistema delle terapie e dell&#8217;organizzazione a partire dalle criticit\u00e0 e dalle competenze della farmacia ospedaliera. Ma quest&#8217;anno amplia il suo raggio d&#8217;azione, estendendosi a tutto il comparto sanitario e coinvolgendo in questa riflessione il mondo delle Direzioni Generali delle Aziende Sanitarie Locali. Sar\u00e0 una tre giorni intensa di dialoghi e confronti sui temi delle emergenti complessit\u00e0, richiamando anche l&#8217;attenzione sulle ASL periferiche, realt\u00e0 in grado di fornire ai cittadini servizi di qualit\u00e0, spesso eccellenti, che sono un tassello importantissimo del nostro Ssn&#8221;.<\/p>\n<p style=\"font-weight: 400; text-align: justify;\">The\u00a0<strong>Comitato scientifico\u00a0<\/strong>di Masterpharm 2025 \u2013 che vede come responsabili Maria Rachele Chiappetta (Torino), Annarosa Fornero (Torino), Cinzia Molon (Torino) affiancati da un Board scientifico di cui fanno parte Silvia Adami (Venezia), Stefania Antonacci (Bari), Alessandro D&#8217;Arpino (Perugia), Anna Marra (Ferrara), Barbara Meini (Toscana Sud Est), Pietro Presti (Bellinzona), Luciano Villarboito (Novara), Filippo Urso (AIFA-Roma), Davide Zanon (Trieste) \u2013 ha messo a punto un programma intensissimo per questo\u00a0<strong>primo modulo\u00a0<\/strong>della quarta edizione di Masterpharm (il secondo modulo si terr\u00e0 come d&#8217;abitudine nel prossimo autunno). La\u00a0<strong>prima\u00a0<\/strong>giornata dell&#8217;evento (14 maggio) prevede una serie di approfondimenti e dialoghi tra esperienze regionali di governance del farmaco e del dispositivo. La\u00a0<strong>seconda\u00a0<\/strong>(15 maggio), vedr\u00e0 susseguirsi una serie di approfondimenti incentrati sull&#8217;innovazione tecnologica e sui dispositivi innovativi. La\u00a0<strong>giornata conclusiva<\/strong> (16 maggio) sar\u00e0 incentrata sulle &#8220;sfide per le Direzioni generali&#8221; e sulle governance regionali.<\/p>\n<p style=\"font-weight: 400; text-align: justify;\"><img loading=\"lazy\" decoding=\"async\" class=\"wp-image-81650 alignleft\" src=\"https:\/\/www.fedaiisf.it\/wp-content\/uploads\/2025\/05\/comitato-scientifico.png\" alt=\"\" width=\"383\" height=\"272\" srcset=\"https:\/\/www.fedaiisf.it\/wp-content\/uploads\/2025\/05\/comitato-scientifico.png 1102w, https:\/\/www.fedaiisf.it\/wp-content\/uploads\/2025\/05\/comitato-scientifico-300x213.png 300w, https:\/\/www.fedaiisf.it\/wp-content\/uploads\/2025\/05\/comitato-scientifico-1024x729.png 1024w, https:\/\/www.fedaiisf.it\/wp-content\/uploads\/2025\/05\/comitato-scientifico-768x546.png 768w, https:\/\/www.fedaiisf.it\/wp-content\/uploads\/2025\/05\/comitato-scientifico-18x12.png 18w\" sizes=\"auto, (max-width: 383px) 100vw, 383px\" \/>Lo svolgimento del programma &#8211; dove \u00e8 prevista la partecipazione tra gli altri di\u00a0<strong>Alberto Preioni\u00a0<\/strong>(Sottosegretario al Governatore, Regione Piemonte),\u00a0<strong>Federico\u00a0Riboldi\u00a0<\/strong>(Assessore Regionale alla Sanit\u00e0 e all&#8217;Edilizia Sanitaria, Regione Piemonte),\u00a0<strong>Antonino Sottile\u00a0<\/strong>(Direttore Sanit\u00e0, Regione Piemonte),\u00a0<strong>Roberto Ravello\u00a0<\/strong>(Presidente Commissione Bilancio, Regione Piemonte),\u00a0<strong>Adriano Leli\u00a0<\/strong>(Direttore Generale Azienda Zero, Regione Piemonte) e\u00a0<strong>Renzo Luciano Boldorini<\/strong>\u00a0(presidente della Scuola di Medicina\u00a0dell&#8217;Universit\u00e0 del Piemonte Orientale) &#8211;\u00a0consentir\u00e0 di affacciarsi sui modelli e sui progetti di eccellenza sviluppati nelle diverse regioni italiane.<\/p>\n<p style=\"font-weight: 400; text-align: justify;\">&#8220;<strong>In questo percorso&#8221;, precisa Cattel, &#8220;verranno approfonditi gli aspetti cruciali legati alla gestione e all&#8217;innovazione terapeutica in ambito asma grave, oncologia, infettivologia, HIV, ematologia, dermatite atopica, psoriasi, patologie neurologiche e del SNC, patologie psichiatriche, gestione del paziente con mielofibrosi.\u00a0<\/strong>Particolare attenzione sar\u00e0 offerta\u00a0<strong>all&#8217;integrazione tra ospedale e territorio<\/strong>, al ruolo delle nuove tecnologie e all&#8217;impatto delle terapie avanzate, con l&#8217;obiettivo di favorire un confronto costruttivo tra esperti e decisori del settore. Per concludere u<strong>n focus specifico lo dedicheremo al tema dell&#8217;innovazione tecnologica, con particolare attenzione a dispositivi medici innovativi, robotica, automazione logistica e intelligenza artificiale<\/strong>, al fine di permettere ai partecipanti di valutarne l&#8217;impatto sulla gestione ospedaliera&#8221;.<\/p>\n<p style=\"font-weight: 400;\"><em>Ufficio stampa Masterpharm 2025<\/em><br \/>\n<em>Walter Gatti<\/em><br \/>\n<em>349.5480909<\/em><\/p>\n<p>&nbsp;<\/p>\n<p><a href=\"https:\/\/micomfad.it\/event\/563\/attachment?event_id=563&amp;aid=551\" target=\"_blank\" rel=\"noopener\"><strong>Programma del Corso<\/strong><\/a><\/p>\n<p>&nbsp;<\/p>","protected":false},"excerpt":{"rendered":"<p>Riceviamo e pubblichiamo MASTERPHARM 2025 FARMACISTI OSPEDALIERI, DIRETTORI GENERALI E PROFESSIONI SANITARIE: \u00a0INSIEME PER AFFRONTARE LA SFIDA DELLA COMPLESSITA&#8217; SANITARIA 14-16 GIUGNO GRAND HOTEL DINO BAVENO (VERBANO, CUSIO, OSSOLA) BAVENO (VCO), 12 MAGGIO\u00a0\u2013 La parola chiave della\u00a0sanit\u00e0 contemporanea \u00e8: complessit\u00e0. Nuovi bisogni di salute, soluzioni terapeutiche sempre pi\u00f9 innovative, professioni sempre pi\u00f9 dialoganti e interconnesse, &hellip;<\/p>","protected":false},"author":4,"featured_media":81648,"comment_status":"closed","ping_status":"closed","sticky":false,"template":"","format":"standard","meta":{"footnotes":""},"categories":[1],"tags":[227],"class_list":["post-81644","post","type-post","status-publish","format-standard","has-post-thumbnail","hentry","category-notizie","tag-comunicato"],"amp_enabled":true,"_links":{"self":[{"href":"https:\/\/www.fedaiisf.it\/en\/wp-json\/wp\/v2\/posts\/81644","targetHints":{"allow":["GET"]}}],"collection":[{"href":"https:\/\/www.fedaiisf.it\/en\/wp-json\/wp\/v2\/posts"}],"about":[{"href":"https:\/\/www.fedaiisf.it\/en\/wp-json\/wp\/v2\/types\/post"}],"author":[{"embeddable":true,"href":"https:\/\/www.fedaiisf.it\/en\/wp-json\/wp\/v2\/users\/4"}],"replies":[{"embeddable":true,"href":"https:\/\/www.fedaiisf.it\/en\/wp-json\/wp\/v2\/comments?post=81644"}],"version-history":[{"count":5,"href":"https:\/\/www.fedaiisf.it\/en\/wp-json\/wp\/v2\/posts\/81644\/revisions"}],"predecessor-version":[{"id":81652,"href":"https:\/\/www.fedaiisf.it\/en\/wp-json\/wp\/v2\/posts\/81644\/revisions\/81652"}],"wp:featuredmedia":[{"embeddable":true,"href":"https:\/\/www.fedaiisf.it\/en\/wp-json\/wp\/v2\/media\/81648"}],"wp:attachment":[{"href":"https:\/\/www.fedaiisf.it\/en\/wp-json\/wp\/v2\/media?parent=81644"}],"wp:term":[{"taxonomy":"category","embeddable":true,"href":"https:\/\/www.fedaiisf.it\/en\/wp-json\/wp\/v2\/categories?post=81644"},{"taxonomy":"post_tag","embeddable":true,"href":"https:\/\/www.fedaiisf.it\/en\/wp-json\/wp\/v2\/tags?post=81644"}],"curies":[{"name":"wp","href":"https:\/\/api.w.org\/{rel}","templated":true}]}}