{"id":81753,"date":"2025-05-19T19:01:37","date_gmt":"2025-05-19T17:01:37","guid":{"rendered":"https:\/\/www.fedaiisf.it\/?p=81753"},"modified":"2025-05-20T11:12:41","modified_gmt":"2025-05-20T09:12:41","slug":"novo-nordisk-si-e-dimesso-il-ceo-cosa-ce-dietro","status":"publish","type":"post","link":"https:\/\/www.fedaiisf.it\/en\/novo-nordisk-si-e-dimesso-il-ceo-cosa-ce-dietro\/","title":{"rendered":"Novo Nordisk. Si \u00e8 dimesso il CEO. Cosa c&#8217;\u00e8 dietro"},"content":{"rendered":"<p>Il 16 maggio in un <a href=\"https:\/\/ml-eu.globenewswire.com\/Resource\/Download\/d55aff81-4d1a-4662-9dd6-ae95bb66d422\" target=\"_blank\" rel=\"noopener\">communicated<\/a>, Novo Nordisk ha annunciato modifiche alla sua leadership esecutiva e al Consiglio di amministrazione. Come da accordo reciproco con il Consiglio di Novo Nordisk, Lars Fruergaard J\u00f8rgensen si dimetter\u00e0 dal suo ruolo di CEO di Novo Nordisk. Continuer\u00e0 come CEO per un periodo per sostenere una transizione graduale verso una nuova leadership. \u00c8 in corso una ricerca del successore di Lars Fruergaard J\u00f8rgensen<\/p>\n<p><img loading=\"lazy\" decoding=\"async\" class=\"wp-image-81759 alignright\" src=\"https:\/\/www.fedaiisf.it\/wp-content\/uploads\/2025\/05\/CEO-Novo-Nordisk.png\" alt=\"\" width=\"245\" height=\"193\" srcset=\"https:\/\/www.fedaiisf.it\/wp-content\/uploads\/2025\/05\/CEO-Novo-Nordisk.png 326w, https:\/\/www.fedaiisf.it\/wp-content\/uploads\/2025\/05\/CEO-Novo-Nordisk-300x237.png 300w, https:\/\/www.fedaiisf.it\/wp-content\/uploads\/2025\/05\/CEO-Novo-Nordisk-15x12.png 15w\" sizes=\"auto, (max-width: 245px) 100vw, 245px\" \/>Considerando le recenti sfide di mercato, il calo del prezzo delle azioni e il desiderio della Fondazione Novo Nordisk, il Consiglio di Amministrazione di Novo Nordisk e Lars Fruergaard J\u00f8rgensen hanno concluso congiuntamente che avviare una successione al CEO \u00e8 nel migliore interesse della societ\u00e0 e dei suoi azionisti. Lars Fruergaard J\u00f8rgensen ha accettato di continuare come CEO per un periodo per sostenere una transizione graduale verso una nuova leadership.<\/p>\n<p>Commentando i cambiamenti, Helge Lund, presidente del Consiglio di Novo Nordisk, dice:<br \/>\n&#8220;La strategia di Novo Nordisk rimane invariata e il Consiglio \u00e8 fiducioso degli attuali piani aziendali dell&#8217;azienda e della sua capacit\u00e0 di eseguire i piani&#8221;.<\/p>\n<p>Note: <em>Fondata in Danimarca nel 1924, la Fondazione Novo Nordisk \u00e8 una fondazione aziendale con obiettivi filantropici. Attraverso la sua controllata, interamente controllata, Novo Holdings A\/S, la Fondazione Novo Nordisk possiede il 28% del capitale sociale e il 77% dei voti in Novo Nordisk A\/S. Novo Nordisk impiega circa 77.400 persone in 80 paesi e commercializza i suoi prodotti in circa 170 paesi. Novo aveva raggiunto una capitalizzazione di Borsa superiore al Pil annuale della Danimarca, rendendo Novo Nordisk la societ\u00e0 pi\u00f9 capitalizzata d\u2019Europa. Oggi il titolo viaggia a 426,55 corone danesi, con un saldo negativo da inizio anno del 33% e negli ultimi mesi del 54%.<\/em><\/p>\n<div class=\"WaaZC\">\n<div class=\"RJPOee EIJn2\">\n<div class=\"rPeykc\" data-hveid=\"CAMQAQ\" data-ved=\"2ahUKEwjXvISE_6-NAxUYhP0HHY2qA6oQo_EKegQIAxAB\"><span class=\"\" data-huuid=\"8324815728216336653\">In 2024, Novo Nordisk&#8217;s CEO, Lars Fruergaard J\u00f8rgensen, received a total remuneration package of <\/span>$8 million (57.1 million DKK)<span class=\"\" data-huuid=\"8324815728216336653\">. <\/span><span class=\"\" data-huuid=\"8324815728216338420\">This was a decrease from his 2023 total compensation of $9.5 million (68.2 million DKK).<span class=\"pjBG2e\" data-cid=\"e74b214c-9688-4cbe-acaa-c9a561b10172\"><span class=\"UV3uM\">\u00a0<\/span><\/span><\/span><\/div>\n<\/div>\n<\/div>\n<div class=\"WaaZC\">\n<div class=\"RJPOee EIJn2\"><\/div>\n<\/div>\n<hr \/>\n<h3 class=\"elementor-heading-title elementor-size-default\">Novo Nordisk: cosa c\u2019\u00e8 dietro il passo indietro del Ceo<\/h3>\n<p><a href=\"https:\/\/www.fortuneita.com\/2025\/05\/19\/novo-nordisk-cosa-ce-dietro-il-passo-indietro-del-ceo\/\" target=\"_blank\" rel=\"noopener\">Fortune Health &#8211;\u00a0<span class=\"elementor-icon-list-text elementor-post-info__item elementor-post-info__item--type-author\"><span class=\"elementor-post-info__item-prefix\">BY<\/span> MARGHERITA LOPES <\/span>&#8211; <span class=\"elementor-icon-list-text elementor-post-info__item elementor-post-info__item--type-date\"><time>MAGGIO 19, 2025<\/time><\/span><\/a><\/p>\n<p>Dopo i fasti del 2024 \u00e8 iniziato un anno complesso per\u00a0<strong>Novo Nordisk,<\/strong> alle prese con l\u2019arrivo della concorrenza, <a href=\"https:\/\/www.fortuneita.com\/2025\/04\/02\/farmaceutica-la-sfida-per-leuropa-tornare-ad-essere-competitiva\/\" target=\"_blank\" rel=\"noopener\">le ombre dei dazi sulla farmaceutica e i piani di reshoring di Donal Trump<\/a>. Cos\u00ec, dopo le ripetute <img loading=\"lazy\" decoding=\"async\" class=\"wp-image-81758 alignleft\" src=\"https:\/\/www.fedaiisf.it\/wp-content\/uploads\/2025\/05\/azioni-novo-nordisk.png\" alt=\"\" width=\"298\" height=\"156\" srcset=\"https:\/\/www.fedaiisf.it\/wp-content\/uploads\/2025\/05\/azioni-novo-nordisk.png 436w, https:\/\/www.fedaiisf.it\/wp-content\/uploads\/2025\/05\/azioni-novo-nordisk-300x157.png 300w, https:\/\/www.fedaiisf.it\/wp-content\/uploads\/2025\/05\/azioni-novo-nordisk-18x9.png 18w\" sizes=\"auto, (max-width: 298px) 100vw, 298px\" \/>batoste in borsa (negli ultimi 12 mesi il titolo \u00e8 sceso del 50%), l\u2019annuncio del passo indietro del\u00a0Ceo,<strong> Lars Fruergaard Jorgensen<\/strong>, \u00e8 apparso inevitabile.<\/p>\n<h4>Cosa succede adesso<\/h4>\n<p><strong>Lars Rebien S\u00f8rensen,<\/strong> presidente della Fondazione Novo Nordisk, entrer\u00e0 a far parte del Consiglio di amministrazione dell\u2019azienda, inizialmente in qualit\u00e0 di osservatore.<\/p>\n<p>Ancora non conosciamo il nome del successore di <strong>Jorgensen\u00a0<\/strong>\u2013 il Ceo rimarr\u00e0 al suo posto per un periodo di transizione \u2013 ma\u00a0oggi il titolo Novo Nordisk appare in risalita a Copenhagen.<\/p>\n<h4>Le ragioni del passo indietro<\/h4>\n<p>Primo a esplorare la via dei <strong>GLP-1 nella lotta all\u2019obesit\u00e0,<\/strong> <a href=\"https:\/\/www.fortuneita.com\/2023\/11\/02\/novo-nordisk-trimestrale-record-29-di-vendite-e-47-di-profitti\/\" target=\"_blank\" rel=\"noopener\">il colosso del farmaco danese \u00a0aveva inanellato record su record,<\/a> chiudendo <a href=\"https:\/\/www.fortuneita.com\/2025\/02\/05\/novo-nordisk-il-fatturato-cresce-a-doppia-cifra-nel-2024\/\" target=\"_blank\" rel=\"noopener\">il 2024 con una crescita a doppia cifra trainata dal semaglutide.<\/a> Dopodich\u00e8 ha iniziato a fare i conti con <strong>la concorrenza\u00a0di Eli Lilly,<\/strong> favorita oltretutto negli Usa dall\u2019approccio \u2018America first\u2019 impostato dall\u2019amministrazione Trump.<\/p>\n<p>Cos\u00ec nel marzo scorso era arrivato l\u2019annuncio dell\u2019offerta di Wegovy* su NovoCare online a <strong>meno della met\u00e0 del prezzo di listino<\/strong> per i pazienti con prescrizione che non hanno una copertura sanitaria<strong>\u00a0negli Stati Uniti. <\/strong>Ma n\u00e8 questa mossa, n\u00e8 l\u2019attesa dell\u2019anti-obesit\u00e0 orale, n\u00e8 tantomeno i nuovi risultati della ricerca sui benefici di semaglutide hanno placato le<strong>montagne russe in borsa.\u00a0<\/strong><\/p>\n<p>Cos\u00ec il combinato disposto delle \u201crecenti sfide di mercato, del calo del prezzo delle azioni e della richiesta della Fondazione Novo Nordisk\u201d ha spinto il Ceo al passo indietro, come si legge in una nota.<\/p>\n<h4>Le prospettive<\/h4>\n<p><img loading=\"lazy\" decoding=\"async\" class=\"wp-image-28200 alignright\" src=\"https:\/\/www.fedaiisf.it\/wp-content\/uploads\/2016\/09\/novo.nordisk2.jpg\" alt=\"\" width=\"371\" height=\"210\" srcset=\"https:\/\/www.fedaiisf.it\/wp-content\/uploads\/2016\/09\/novo.nordisk2.jpg 1023w, https:\/\/www.fedaiisf.it\/wp-content\/uploads\/2016\/09\/novo.nordisk2-300x170.jpg 300w, https:\/\/www.fedaiisf.it\/wp-content\/uploads\/2016\/09\/novo.nordisk2-768x435.jpg 768w, https:\/\/www.fedaiisf.it\/wp-content\/uploads\/2016\/09\/novo.nordisk2-390x220.jpg 390w\" sizes=\"auto, (max-width: 371px) 100vw, 371px\" \/>k sono quasi triplicati\u201d, ammette l\u2019azienda farmaceutica in una nota. Rivendicando di avere \u201cuna strategia chiara, un solido portafoglio prodotti e un team dirigenziale esperto\u201d.<\/p>\n<p>Tuttavia, \u201calla luce delle recenti sfide di mercato che Novo Nordisk ha dovuto affrontare e <strong>dell\u2019andamento del prezzo delle azioni della societ\u00e0 dalla met\u00e0 del 2024,<\/strong> il Cda di Fondazione Novo Nordisk ha avviato un dialogo con il Cda\u201d dell\u2019azienda farmaceutica \u201csull\u2019opportunit\u00e0 di <strong>accelerare la successione del Ceo<\/strong> e ha espresso il desiderio di aumentare la propria rappresentanza nel Cda di Novo Nordisk\u201d, si legge sempre nella nota della societ\u00e0. Insomma, era arrivato il momento di un cambio di passo.<\/p>\n<h4>E adesso?<\/h4>\n<p>\u201cLa strategia di Novo Nordisk rimane invariata e il Consiglio di amministrazione ha fiducia negli attuali piani aziendali e nella sua capacit\u00e0 di realizzarli\u201d, ha detto <strong>Helge Lund,<\/strong>presidente del Consiglio di Amministrazione di Novo Nordisk.<\/p>\n<p>D\u2019altronde l\u2019azienda farmaceutica fondata nel 1923 e focalizzata sulla lotta al diabete e alle malattie croniche, ha non poche frecce al suo arco. Ma sul <strong>futuro del gruppo,<\/strong>\u00a0che d\u00e0 lavoro a circa 77.400 persone in 80 Paesi e commercializza i suoi prodotti in circa 170 mercati, peser\u00e0 (e non poco) l\u2019approccio della nuova amministrazione americana, considerati i numeri di diabete e obesit\u00e0 oltreoceano e il contributo dei pazienti Usa al \u00a0<strong>successo di semaglutide.\u00a0<\/strong><\/p>\n<p>Related news: <a href=\"https:\/\/www.novonordisk.com\/content\/nncorp\/global\/en\/news-and-media\/news-and-ir-materials\/news-details.html?id=915995\" target=\"_blank\" rel=\"noopener\"><strong>Relazione finanziaria per il periodo dal 1o gennaio 2025 al 31 marzo 2025<\/strong> \u00a0<\/a><\/p>\n<p><a href=\"https:\/\/finanza.repubblica.it\/News\/2025\/05\/19\/novo_nordisk_s_p_alza_rating_ad_aa_con_outlook_stabile-115\/\" target=\"_blank\" rel=\"noopener\">Novo Nordisk, S&amp;P alza rating ad &#8220;AA&#8221; con outlook stabile<\/a><\/p>\n<p class=\"entry-title\"><a href=\"https:\/\/www.trading.it\/azioni-eli-lilly-pronte-al-rimbalzo-gli-analisti-vedono-un-27-ecco-cosa-monitorare\/\" target=\"_blank\" rel=\"noopener\">Azioni Eli Lilly pronte al rimbalzo? Gli analisti vedono un +27%, ecco cosa monitorare<\/a><\/p>\n<p>&nbsp;<\/p>","protected":false},"excerpt":{"rendered":"<p>Il 16 maggio in un comunicato, Novo Nordisk ha annunciato modifiche alla sua leadership esecutiva e al Consiglio di amministrazione. Come da accordo reciproco con il Consiglio di Novo Nordisk, Lars Fruergaard J\u00f8rgensen si dimetter\u00e0 dal suo ruolo di CEO di Novo Nordisk. Continuer\u00e0 come CEO per un periodo per sostenere una transizione graduale verso &hellip;<\/p>","protected":false},"author":4,"featured_media":73208,"comment_status":"closed","ping_status":"closed","sticky":false,"template":"","format":"standard","meta":{"footnotes":""},"categories":[1],"tags":[47,29],"class_list":["post-81753","post","type-post","status-publish","format-standard","has-post-thumbnail","hentry","category-notizie","tag-big-pharma","tag-prezzo-farmaci"],"amp_enabled":true,"_links":{"self":[{"href":"https:\/\/www.fedaiisf.it\/en\/wp-json\/wp\/v2\/posts\/81753","targetHints":{"allow":["GET"]}}],"collection":[{"href":"https:\/\/www.fedaiisf.it\/en\/wp-json\/wp\/v2\/posts"}],"about":[{"href":"https:\/\/www.fedaiisf.it\/en\/wp-json\/wp\/v2\/types\/post"}],"author":[{"embeddable":true,"href":"https:\/\/www.fedaiisf.it\/en\/wp-json\/wp\/v2\/users\/4"}],"replies":[{"embeddable":true,"href":"https:\/\/www.fedaiisf.it\/en\/wp-json\/wp\/v2\/comments?post=81753"}],"version-history":[{"count":10,"href":"https:\/\/www.fedaiisf.it\/en\/wp-json\/wp\/v2\/posts\/81753\/revisions"}],"predecessor-version":[{"id":81772,"href":"https:\/\/www.fedaiisf.it\/en\/wp-json\/wp\/v2\/posts\/81753\/revisions\/81772"}],"wp:featuredmedia":[{"embeddable":true,"href":"https:\/\/www.fedaiisf.it\/en\/wp-json\/wp\/v2\/media\/73208"}],"wp:attachment":[{"href":"https:\/\/www.fedaiisf.it\/en\/wp-json\/wp\/v2\/media?parent=81753"}],"wp:term":[{"taxonomy":"category","embeddable":true,"href":"https:\/\/www.fedaiisf.it\/en\/wp-json\/wp\/v2\/categories?post=81753"},{"taxonomy":"post_tag","embeddable":true,"href":"https:\/\/www.fedaiisf.it\/en\/wp-json\/wp\/v2\/tags?post=81753"}],"curies":[{"name":"wp","href":"https:\/\/api.w.org\/{rel}","templated":true}]}}