{"id":81782,"date":"2025-05-21T06:21:02","date_gmt":"2025-05-21T04:21:02","guid":{"rendered":"https:\/\/www.fedaiisf.it\/?p=81782"},"modified":"2025-05-22T20:05:05","modified_gmt":"2025-05-22T18:05:05","slug":"lassemblea-mondiale-della-sanita-adotta-lo-storico-accordo-sulla-pandemia-italia-astenuta","status":"publish","type":"post","link":"https:\/\/www.fedaiisf.it\/en\/lassemblea-mondiale-della-sanita-adotta-lo-storico-accordo-sulla-pandemia-italia-astenuta\/","title":{"rendered":"L&#8217;Assemblea mondiale della sanit\u00e0 adotta lo storico accordo sulla pandemia. Italia astenuta"},"content":{"rendered":"<h3>L&#8217;Assemblea mondiale della sanit\u00e0 adotta lo storico accordo sulla pandemia per rendere il mondo pi\u00f9 equo e sicuro dalle future pandemie<\/h3>\n<p><a href=\"https:\/\/www.who.int\/news\/item\/20-05-2025-world-health-assembly-adopts-historic-pandemic-agreement-to-make-the-world-more-equitable-and-safer-from-future-pandemics\" target=\"_blank\" rel=\"noopener\">20 maggio 2025 &#8211; Comunicato stampa WHO Ginevra<\/a><\/p>\n<ul>\n<li>L&#8217;adozione dell&#8217;accordo segue tre anni di intensa negoziazione avviata a causa delle lacune e delle disuguaglianze identificate nella risposta nazionale e globale al COVID-19.<\/li>\n<li>L&#8217;accordo promuove la collaborazione globale per garantire una risposta pi\u00f9 forte ed equa alle future pandemie.<\/li>\n<li>I prossimi passi includono negoziati sul sistema Pathogen Access e Benefit Sharing.<\/li>\n<\/ul>\n<p><img loading=\"lazy\" decoding=\"async\" class=\"wp-image-81785 aligncenter\" src=\"https:\/\/www.fedaiisf.it\/wp-content\/uploads\/2025\/05\/oms-voto.png\" alt=\"\" width=\"604\" height=\"235\" srcset=\"https:\/\/www.fedaiisf.it\/wp-content\/uploads\/2025\/05\/oms-voto.png 1980w, https:\/\/www.fedaiisf.it\/wp-content\/uploads\/2025\/05\/oms-voto-300x117.png 300w, https:\/\/www.fedaiisf.it\/wp-content\/uploads\/2025\/05\/oms-voto-1024x398.png 1024w, https:\/\/www.fedaiisf.it\/wp-content\/uploads\/2025\/05\/oms-voto-768x299.png 768w, https:\/\/www.fedaiisf.it\/wp-content\/uploads\/2025\/05\/oms-voto-1536x597.png 1536w, https:\/\/www.fedaiisf.it\/wp-content\/uploads\/2025\/05\/oms-voto-18x7.png 18w\" sizes=\"auto, (max-width: 604px) 100vw, 604px\" \/>Gli Stati membri dell&#8217;Organizzazione mondiale della sanit\u00e0 (OMS) hanno oggi formalmente adottato per consenso il primo <a href=\"https:\/\/apps.who.int\/gb\/ebwha\/pdf_files\/WHA78\/A78_10-en.pdf\" target=\"_blank\" rel=\"noopener\" data-sf-ec-immutable=\"\">accordo pandemico <\/a>al mondo. La decisione storica della 78<sup>to<\/sup> Assemblea mondiale della sanit\u00e0 culmina pi\u00f9 di tre anni di intensi negoziati avviati dai governi in risposta agli impatti devastanti della pandemia di COVID-19 e guidati dall&#8217;obiettivo di rendere il mondo pi\u00f9 sicuro e pi\u00f9 equo in risposta a future pandemie.<\/p>\n<p>&#8220;Il mondo \u00e8 pi\u00f9 sicuro oggi grazie alla leadership, alla collaborazione e all&#8217;impegno dei nostri Stati membri per adottare lo storico accordo pandemico dell&#8217;OMS&#8221;, ha dichiarato il dottor Tedros Adhanom Ghebreyesus, direttore generale dell&#8217;OMS. \u201cL&#8217;accordo \u00e8 una vittoria per la salute pubblica, la scienza e l&#8217;azione multilaterale. Garantir\u00e0 che, collettivamente, possiamo proteggere meglio il mondo dalle future minacce pandemiche. \u00c8 anche un riconoscimento da parte della comunit\u00e0 internazionale che i nostri cittadini, societ\u00e0 ed economie non devono essere lasciati vulnerabili a subire nuovamente perdite come quelle sopportate durante il COVID-19&#8243;.<\/p>\n<p><img loading=\"lazy\" decoding=\"async\" class=\"wp-image-60640 alignleft\" src=\"https:\/\/www.fedaiisf.it\/wp-content\/uploads\/2021\/10\/DG-OMS.png\" alt=\"\" width=\"262\" height=\"264\" srcset=\"https:\/\/www.fedaiisf.it\/wp-content\/uploads\/2021\/10\/DG-OMS.png 296w, https:\/\/www.fedaiisf.it\/wp-content\/uploads\/2021\/10\/DG-OMS-150x150.png 150w\" sizes=\"auto, (max-width: 262px) 100vw, 262px\" \/>I governi hanno adottato oggi l&#8217;accordo sulla pandemia dell&#8217;OMS in una sessione plenaria dell&#8217;Assemblea mondiale della sanit\u00e0, il massimo organo decisionale dell&#8217;OMS. L&#8217;adozione ha seguito <a href=\"https:\/\/www.who.int\/news\/item\/19-05-2025-member-states-approve-who-pandemic-agreement-in-world-health-assembly-committee--paving-way-for-its-formal-adoption\" target=\"_blank\" rel=\"noopener\" data-sf-ec-immutable=\"\">l&#8217;approvazione di ieri <\/a>dell&#8217;accordo con voto (124 a favore, 0 obiezioni, 11 astensioni fra cui l&#8217;Italia) in commissione da parte delle delegazioni degli Stati membri.<\/p>\n<p>&#8220;A partire dal culmine della pandemia di COVID-19, i governi di tutti gli angoli del mondo hanno agito con grande scopo, dedizione e urgenza, esercitando cos\u00ec la loro sovranit\u00e0 nazionale, per negoziare lo storico accordo sulla pandemia dell&#8217;OMS che \u00e8 stato adottato oggi&#8221;, ha detto il dottor Teodoro Herbosa, segretario del Dipartimento della salute delle Filippine e presidente dell&#8217;Assemblea mondiale della salute di quest&#8217;anno, che ha presieduto l&#8217;adozione dell&#8217;accordo. &#8220;Ora che l&#8217;accordo \u00e8 stato portato in vita, dobbiamo tutti agire con la stessa urgenza per implementare i suoi elementi critici, compresi i sistemi per garantire un accesso equo ai prodotti sanitari legati alla pandemia salvavita. Poich\u00e9 il COVID era un&#8217;emergenza irripetibile, l&#8217;accordo sulla pandemia dell&#8217;OMS offre un&#8217;opportunit\u00e0 unica nella vita per costruire sulle lezioni apprese da quella crisi e garantire che le persone in tutto il mondo siano meglio protette se emerge una futura pandemia&#8221;.<\/p>\n<p>L&#8217;accordo sulla pandemia dell&#8217;OMS stabilisce i principi, gli approcci e gli strumenti per un migliore coordinamento internazionale in una serie di aree, al fine di rafforzare l&#8217;architettura sanitaria globale per la prevenzione, la preparazione e la risposta alle pandemie. Ci\u00f2 include attraverso l&#8217;accesso equo e tempestivo a vaccini, terapie e diagnostica.<\/p>\n<p>Per quanto riguarda la sovranit\u00e0 nazionale, l&#8217;Accordo afferma che: &#8220;<strong>Nulla dell&#8217;Accordo sulla pandemia dell&#8217;OMS deve essere interpretato come fornendo al Segretariato dell&#8217;Organizzazione Mondiale della Sanit\u00e0, incluso il Direttore Generale dell&#8217;Organizzazione Mondiale della Sanit\u00e0, qualsiasi autorit\u00e0 per dirigere, ordinare, alterare o altrimenti prescrivere la legge nazionale e\/o nazionale, a seconda dei casi, o le politiche di qualsiasi Parte, o di imporre o altrimenti imporre qualsiasi requisito che le Parti intraprendano azioni specifiche, come il divieto o l&#8217;accettazione dei viaggiatori, l&#8217;imposizione di mandati di vaccinazione o misure terapeutiche o diagnostiche o l&#8217;attuazione di blocch<\/strong>the&quot;.<\/p>\n<p><strong>Note degli editori<\/strong><\/p>\n<p>There <a href=\"https:\/\/apps.who.int\/gb\/ebwha\/pdf_files\/WHA78\/A78_10Add1-en.pdf\" target=\"_blank\" rel=\"noopener\" data-sf-ec-immutable=\"\">resolution <\/a>sull&#8217;accordo sulla pandemia dell&#8217;OMS adottata dall&#8217;Assemblea mondiale della sanit\u00e0 stabilisce le misure per prepararsi all&#8217;attuazione dell&#8217;accordo. Include il lancio di un processo per redigere e negoziare un sistema di accesso ai patogeni e condivisione dei <img loading=\"lazy\" decoding=\"async\" class=\"wp-image-81788 alignright\" src=\"https:\/\/www.fedaiisf.it\/wp-content\/uploads\/2025\/05\/assemblea-OMS.png\" alt=\"\" width=\"357\" height=\"157\" srcset=\"https:\/\/www.fedaiisf.it\/wp-content\/uploads\/2025\/05\/assemblea-OMS.png 842w, https:\/\/www.fedaiisf.it\/wp-content\/uploads\/2025\/05\/assemblea-OMS-300x132.png 300w, https:\/\/www.fedaiisf.it\/wp-content\/uploads\/2025\/05\/assemblea-OMS-768x337.png 768w, https:\/\/www.fedaiisf.it\/wp-content\/uploads\/2025\/05\/assemblea-OMS-18x8.png 18w\" sizes=\"auto, (max-width: 357px) 100vw, 357px\" \/>benefici (PABS) attraverso un gruppo di lavoro intergovernativo (IGWG). Il risultato di questo processo sar\u00e0 preso in considerazione all&#8217;Assemblea mondiale della sanit\u00e0 del prossimo anno.<\/p>\n<p>Una volta che l&#8217;Assemblea adotter\u00e0 l&#8217;allegato PABS, l&#8217;accordo pandemico dell&#8217;OMS sar\u00e0 aperto alla firma e all&#8217;esame della ratifica, anche da parte degli organi legislativi nazionali. Dopo 60 ratifiche, l&#8217;accordo entrer\u00e0 in vigore.<\/p>\n<p>Inoltre, gli Stati membri hanno anche indirizzato l&#8217;IGWG ad avviare misure per consentire l&#8217;istunzione del Meccanismo finanziario di coordinamento per la prevenzione, la preparazione e la risposta alle pandemie e della rete logistica globale della catena di approvvigionamento e (GSCL) per &#8220;migliorare, facilitare e lavorare per rimuovere le barriere e garantire un accesso equo, tempestivo, rapido, sicuro e conveniente ai prodotti sanitari legati alla pandemia per i paesi bisognosi durante le emergenze sanitarie pubbliche di interesse internazionale, comprese le emergenze pandemiche e per la prevenzione di tali emergenze&#8221;.<\/p>\n<p>Secondo l&#8217;accordo, i <strong>produttori farmaceutici<\/strong> che partecipano al sistema PABS svolgeranno un ruolo chiave nell&#8217;accesso equo e tempestivo ai prodotti sanitari legati alla pandemia rendendo disponibile all&#8217;OMS &#8220;un accesso rapido mirato al 20% della loro produzione in tempo reale di vaccini, terapie e diagnostica sicuri, di qualit\u00e0 ed efficaci per l&#8217;agente patogeno che causa l&#8217;emergenza pandemica&#8221;. La distribuzione di questi prodotti ai paesi sar\u00e0 effettuata sulla base del rischio e delle necessit\u00e0 per la salute pubblica, con particolare attenzione alle esigenze dei paesi in via di sviluppo.<\/p>\n<p>L&#8217;accordo sulla pandemia dell&#8217;OMS \u00e8 il secondo accordo giuridico internazionale negoziato ai sensi dell&#8217;articolo 19 della Costituzione dell&#8217;OMS, il primo \u00e8 la Convenzione quadro dell&#8217;OMS sul controllo del tabacco, che \u00e8 stata adottata nel 2003 ed \u00e8 entrata in vigore nel 2005.<\/p>\n<hr \/>\n<h3>L\u2019Italia si \u00e8 astenuta su un importante voto all\u2019OMS sulla gestione delle pandemie<\/h3>\n<p>Si votava un documento che chiede un maggiore coordinamento internazionale: il governo Meloni lo ha definito un rischio per \u00abla sovranit\u00e0 degli stati\u00bb<\/p>\n<p><a href=\"https:\/\/www.ilpost.it\/2025\/05\/20\/italia-astenuta-oms-pandemie\/\" target=\"_blank\" rel=\"noopener\">Il Post &#8211; Marted\u00ec 20 maggio 2025<\/a><\/p>\n<p data-qr-debug=\"false\" data-qr-index=\"0\" data-qr-reading-time=\"15.27\" data-qr-user-elem-full-visible=\"1\" data-qr-elem-last-start=\"1747762194187\" data-qr-elem-last-intersection-time=\"1747762195769\" data-qr-elem-total-expose-time=\"0\">Marted\u00ec l\u2019Italia si \u00e8 astenuta durante un voto all\u2019Organizzazione mondiale della sanit\u00e0 (OMS), l\u2019agenzia dell\u2019ONU per la salute, che riguardava il testo <a href=\"https:\/\/apps.who.int\/gb\/ebwha\/pdf_files\/WHA78\/A78_10-en.pdf\" target=\"_blank\" rel=\"noopener\">dell\u2019Accordo sulle pandemie<\/a>, a <img loading=\"lazy\" decoding=\"async\" class=\"wp-image-81793 alignleft\" src=\"https:\/\/www.fedaiisf.it\/wp-content\/uploads\/2025\/05\/OMS-relazione.png\" alt=\"\" width=\"330\" height=\"270\" srcset=\"https:\/\/www.fedaiisf.it\/wp-content\/uploads\/2025\/05\/OMS-relazione.png 1150w, https:\/\/www.fedaiisf.it\/wp-content\/uploads\/2025\/05\/OMS-relazione-300x246.png 300w, https:\/\/www.fedaiisf.it\/wp-content\/uploads\/2025\/05\/OMS-relazione-1024x839.png 1024w, https:\/\/www.fedaiisf.it\/wp-content\/uploads\/2025\/05\/OMS-relazione-768x629.png 768w, https:\/\/www.fedaiisf.it\/wp-content\/uploads\/2025\/05\/OMS-relazione-15x12.png 15w\" sizes=\"auto, (max-width: 330px) 100vw, 330px\" \/>testo vincolante che serve a coordinare la risposta dei vari paesi a un\u2019eventuale futura pandemia. L\u2019accordo ha richiesto tre anni di trattative ed <a href=\"https:\/\/www.who.int\/news\/item\/20-05-2025-world-health-assembly-adopts-historic-pandemic-agreement-to-make-the-world-more-equitable-and-safer-from-future-pandemics\" target=\"_blank\" rel=\"noopener\">\u00e8 stato approvato<\/a> col voto favorevole di 124 paesi e con 11 astensioni. Oltre all\u2019Italia si sono astenuti paesi come Russia, Iran e Israele, che su diversi aspetti sono distanti dalle posizioni dei paesi occidentali.<\/p>\n<p data-qr-debug=\"false\" data-qr-index=\"2\" data-qr-reading-time=\"12.36\" data-qr-user-elem-full-visible=\"1\" data-qr-elem-last-start=\"1747762218469\" data-qr-elem-last-intersection-time=\"1747762218951\" data-qr-elem-total-expose-time=\"0\">Negli anni della pandemia di Covid-19 l\u2019OMS era stato criticato soprattutto dai no-vax per gli inviti a rispettare i lockdown e a vaccinarsi, fra le altre cose: un gruppo di persone a cui i partiti attualmente al governo in Italia hanno spesso cercato di mostrarsi favorevoli. Gli Stati Uniti, che stanno completando le procedure di rituro dall\u2019OMS per volere del presidente Donald Trump, non hanno partecipato al voto.<\/p>\n<div id=\"ilpost_gam_article_par_3\" class=\"adv_gam\" data-google-query-id=\"CNijnp3Jso0DFb2xgwcd7hQU9A\">\n<div id=\"google_ads_iframe_\/22948261760\/ilpost_gam_article_par_3_0__container__\">Nella sua dichiarazione di voto il governo italiano <a href=\"https:\/\/www.repubblica.it\/politica\/2025\/05\/19\/news\/oms_accordo_pandemico_italia_astenuta-424377483\/\" target=\"_blank\" rel=\"noopener\">has explained<\/a> di essersi astenuto perch\u00e9 considera il documento una forma di ingerenza di un\u2019organizzazione sovranazionale in questioni di salute pubblica che ritiene dovrebbero essere di competenza dei singoli stati.<\/div>\n<div>\n<hr \/>\n<\/div>\n<\/div>\n<div><\/div>\n<p>Note:<\/p>\n<p><em>La mancata approvazione dell\u2019Italia non \u00e8 una totale sorpresa. Il ministro della salute Orazio Schillaci aveva pi\u00f9 volte espresso la contrariet\u00e0 del governo nei confronti del documento, che ha ripetuto ieri in una dichiarazione rivolta all\u2019assemblea: \u00abL\u2019Italia intende ribadire la propria posizione in merito alla necessit\u00e0 di riaffermare la sovranit\u00e0 degli Stati nell\u2019affrontare le questioni di salute pubblica\u00bb.<\/em><\/p>\n<p><em><strong><img loading=\"lazy\" decoding=\"async\" class=\"wp-image-75687 alignright\" src=\"https:\/\/www.fedaiisf.it\/wp-content\/uploads\/2024\/03\/Schillaci-2024-03-07-alle-16.57.51.png\" alt=\"\" width=\"256\" height=\"212\" srcset=\"https:\/\/www.fedaiisf.it\/wp-content\/uploads\/2024\/03\/Schillaci-2024-03-07-alle-16.57.51.png 451w, https:\/\/www.fedaiisf.it\/wp-content\/uploads\/2024\/03\/Schillaci-2024-03-07-alle-16.57.51-300x248.png 300w, https:\/\/www.fedaiisf.it\/wp-content\/uploads\/2024\/03\/Schillaci-2024-03-07-alle-16.57.51-15x12.png 15w\" sizes=\"auto, (max-width: 256px) 100vw, 256px\" \/>ADESSO PER\u00d2 LA POSIZIONE<\/strong> italiana appare piuttosto incomprensibile alla platea internazionale, dato che le istanze del nostro Paese e di altri governi erano state in buona parte accolte. Lo stesso Schillaci ha apprezzato pubblicamente le concessioni ottenute nell\u2019ultima bozza dell\u2019accordo. Di fatto, l\u2019Italia ha combattuto un trattato che non impone praticamente nulla. L\u2019articolo 3, dedicato ai principi, afferma \u00abil diritto sovrano degli Stati di legiferare e attuare leggi all\u2019interno della loro giurisdizione\u00bb.<\/em><\/p>\n<p><em><strong>ALL\u2019ARTICOLO 22<\/strong> si chiarisce che l\u2019accordo non d\u00e0 all\u2019Oms \u00abalcuna autorit\u00e0 per dirigere, ordinare, alterare o altrimenti prescrivere le misure nazionali (\u2026) o di imporre l\u2019obbligo di intraprendere azioni specifiche, come ad esempio vietare o accettare viaggiatori, imporre vaccinazioni o misure terapeutiche o diagnostiche, o attuare misure di blocco\u00bb. E infatti nella nostra delegazione nessuno parla di uscire dall\u2019organizzazione, a differenza degli Usa e di altri governi di osservanza trumpiana come l\u2019Argentina di Javier Milei. \u00abL\u2019Italia \u2013 ha detto anzi Schillaci \u2013 auspica di continuare a collaborare con gli altri Stati membri dell\u2019Oms per definire le questioni in sospeso che, a nostro avviso, meritano ulteriori approfondimenti\u00bb.<\/em><\/p>\n<p><em><strong><img loading=\"lazy\" decoding=\"async\" class=\"wp-image-81801 alignleft\" src=\"https:\/\/www.fedaiisf.it\/wp-content\/uploads\/2025\/05\/la-verita-oms.png\" alt=\"\" width=\"294\" height=\"359\" srcset=\"https:\/\/www.fedaiisf.it\/wp-content\/uploads\/2025\/05\/la-verita-oms.png 552w, https:\/\/www.fedaiisf.it\/wp-content\/uploads\/2025\/05\/la-verita-oms-245x300.png 245w, https:\/\/www.fedaiisf.it\/wp-content\/uploads\/2025\/05\/la-verita-oms-10x12.png 10w\" sizes=\"auto, (max-width: 294px) 100vw, 294px\" \/>L\u2019ALZATA DI SCUDI<\/strong> ginevrina \u00e8 per\u00f2 facilmente spendibile in patria per riallineare alla maggioranza il mondo complottista e no vax.<\/em><\/p>\n<p><em><strong>IL MONDO SCIENTIFICO<\/strong> appare sconcertato dalla posizione del governo. \u00abSono un po\u2019 incredulo e stupefatto che l\u2019Italia abbia voluto astenersi per l\u2019Accordo sulle pandemie dell\u2019Oms\u00bb dice il virologo Lorenzo Pregliasco dell\u2019universit\u00e0 Statale di Milano. Persino l\u2019infettivologo Matteo Bassetti, politicamente vicinissimo alla destra, adesso si dice deluso: \u00abAvrei preferito che il nostro Paese non stesse dalla stessa parte di Paesi come Iran, Russia e Israele\u00bb. (fonte: <a href=\"https:\/\/ilmanifesto.it\/oms-fronte-no-vax-litalia-si-astiene-sul-piano-pandemico\" target=\"_blank\" rel=\"noopener\">Il Manifesto<\/a>)<\/em><\/p>\n<h4><em>L&#8217;Industria farmaceutica<\/em><\/h4>\n<p><em>Oltre ai governi sovranisti, anche l\u2019industria farmaceutica si era attivata per smorzarne la portata. Le aziende hanno ottenuto che nel testo non compaiano obblighi in materia di brevetti: com\u2019\u00e8 avvenuto durante la pandemia, le aziende potranno conservare il loro diritto di monopolio su kit diagnostici, farmaci e vaccini, vendendoli al prezzo e agli acquirenti che sceglieranno loro. Nel testo ogni azione per limitare lo strapotere delle aziende e condividere tecnologie salva-vita \u00e8 solo \u00abincoraggiata\u00bb senza particolari vincoli. Fallisce cos\u00ec il tentativo dell\u2019Oms di rimediare all\u2019irrilevanza dimostrata durante la crisi Covid, quando i solleciti arrivati da Ginevra sono stati regolarmente ignorati, dalla richiesta di non chiudere le frontiere a quella di condividere test, farmaci e vaccini con i Paesi poveri.<\/em><\/p>\n<p>Related news: <a href=\"https:\/\/portale.fnomceo.it\/accordo-pandemico-oms-mozione-del-comitato-centrale-fnomceo-astensione-italia-decisione-incomprensibile-e-non-condivisibile-necessaria-ulteriore-riflessione\/\" target=\"_blank\" rel=\"noopener\">Accordo pandemico OMS, mozione del Comitato Centrale FNOMCeO: \u201cAstensione Italia decisione incomprensibile e non condivisibile, necessaria ulteriore riflessione\u201d<\/a><\/p>","protected":false},"excerpt":{"rendered":"<p>L&#8217;Assemblea mondiale della sanit\u00e0 adotta lo storico accordo sulla pandemia per rendere il mondo pi\u00f9 equo e sicuro dalle future pandemie 20 maggio 2025 &#8211; Comunicato stampa WHO Ginevra L&#8217;adozione dell&#8217;accordo segue tre anni di intensa negoziazione avviata a causa delle lacune e delle disuguaglianze identificate nella risposta nazionale e globale al COVID-19. L&#8217;accordo promuove &hellip;<\/p>","protected":false},"author":4,"featured_media":81791,"comment_status":"closed","ping_status":"closed","sticky":false,"template":"","format":"standard","meta":{"footnotes":""},"categories":[1],"tags":[39],"class_list":["post-81782","post","type-post","status-publish","format-standard","has-post-thumbnail","hentry","category-notizie","tag-vaccini"],"amp_enabled":true,"_links":{"self":[{"href":"https:\/\/www.fedaiisf.it\/en\/wp-json\/wp\/v2\/posts\/81782","targetHints":{"allow":["GET"]}}],"collection":[{"href":"https:\/\/www.fedaiisf.it\/en\/wp-json\/wp\/v2\/posts"}],"about":[{"href":"https:\/\/www.fedaiisf.it\/en\/wp-json\/wp\/v2\/types\/post"}],"author":[{"embeddable":true,"href":"https:\/\/www.fedaiisf.it\/en\/wp-json\/wp\/v2\/users\/4"}],"replies":[{"embeddable":true,"href":"https:\/\/www.fedaiisf.it\/en\/wp-json\/wp\/v2\/comments?post=81782"}],"version-history":[{"count":13,"href":"https:\/\/www.fedaiisf.it\/en\/wp-json\/wp\/v2\/posts\/81782\/revisions"}],"predecessor-version":[{"id":81845,"href":"https:\/\/www.fedaiisf.it\/en\/wp-json\/wp\/v2\/posts\/81782\/revisions\/81845"}],"wp:featuredmedia":[{"embeddable":true,"href":"https:\/\/www.fedaiisf.it\/en\/wp-json\/wp\/v2\/media\/81791"}],"wp:attachment":[{"href":"https:\/\/www.fedaiisf.it\/en\/wp-json\/wp\/v2\/media?parent=81782"}],"wp:term":[{"taxonomy":"category","embeddable":true,"href":"https:\/\/www.fedaiisf.it\/en\/wp-json\/wp\/v2\/categories?post=81782"},{"taxonomy":"post_tag","embeddable":true,"href":"https:\/\/www.fedaiisf.it\/en\/wp-json\/wp\/v2\/tags?post=81782"}],"curies":[{"name":"wp","href":"https:\/\/api.w.org\/{rel}","templated":true}]}}