{"id":81873,"date":"2025-05-28T19:20:15","date_gmt":"2025-05-28T17:20:15","guid":{"rendered":"https:\/\/www.fedaiisf.it\/?p=81873"},"modified":"2025-05-29T12:06:25","modified_gmt":"2025-05-29T10:06:25","slug":"sardegna-lassessore-alla-sanita-sul-taglio-dei-costosi-farmaci-antitumorali-ai-pazienti-over-80","status":"publish","type":"post","link":"https:\/\/www.fedaiisf.it\/en\/sardegna-lassessore-alla-sanita-sul-taglio-dei-costosi-farmaci-antitumorali-ai-pazienti-over-80\/","title":{"rendered":"Sardegna. L&#8217;assessore alla Sanit\u00e0 sul \u201ctaglio\u201d dei costosi farmaci antitumorali ai pazienti over 80"},"content":{"rendered":"<h3>Sanit\u00e0 in Sardegna, polemica sui farmaci antitumorali: il nodo degli over 80 divide la politica<\/h3>\n<p>Troppo vecchi per curarsi<\/p>\n<p><a href=\"https:\/\/radiolina.it\/podcast\/dibattito-sui-farmaci-antitumorali-per-over-80-in-sardegna\/\" target=\"_blank\" rel=\"noopener\">radiolina &#8211; 26 maggio 2025<\/a><\/p>\n<p>La recente bufera politica nata dalle affermazioni attribuite all\u2019<strong>assessore alla Sanit\u00e0 <img loading=\"lazy\" decoding=\"async\" class=\"wp-image-81892 alignright\" src=\"https:\/\/www.fedaiisf.it\/wp-content\/uploads\/2025\/05\/bartolazzi-cure-80.png\" alt=\"\" width=\"277\" height=\"225\" srcset=\"https:\/\/www.fedaiisf.it\/wp-content\/uploads\/2025\/05\/bartolazzi-cure-80.png 824w, https:\/\/www.fedaiisf.it\/wp-content\/uploads\/2025\/05\/bartolazzi-cure-80-300x244.png 300w, https:\/\/www.fedaiisf.it\/wp-content\/uploads\/2025\/05\/bartolazzi-cure-80-768x624.png 768w, https:\/\/www.fedaiisf.it\/wp-content\/uploads\/2025\/05\/bartolazzi-cure-80-15x12.png 15w\" sizes=\"auto, (max-width: 277px) 100vw, 277px\" \/>Bartolazzi<\/strong> on the <strong>\u201ctaglio\u201d<\/strong> dei costosi farmaci antitumorali ai pazienti over 80 ha scatenato l\u2019indignazione di ordini professionali, sindacati e associazioni di pazienti. <strong>Giuseppe Meloni<\/strong>, vice capo redattore de<a href=\"http:\/\/www.unionesarda.it\/\" target=\"_blank\" rel=\"noopener\"><strong> <em data-start=\"782\" data-end=\"798\">L\u2019Unione Sarda<\/em><\/strong><\/a> e presidente dell\u2019<strong>Ordine dei giornalisti della Sardegna<\/strong>, chiarisce il senso delle dichiarazioni e invita a un confronto pi\u00f9 ragionato sulla sostenibilit\u00e0 della spesa sanitaria.<\/p>\n<p>\u00ab<em>Il punto \u00e8 che chiaramente c\u2019\u00e8 un problema di sostenibilit\u00e0 della spesa farmaceutica<\/em>\u00bb, esordisce Meloni, \u00ab<em>cos\u00ec come in generale della spesa per la sanit\u00e0<\/em>\u00bb. Secondo il giornalista, nessuno mette in dubbio la necessit\u00e0 di razionalizzare i costi, specie per quei farmaci antitumorali che, pur pi\u00f9 mirati e con minori effetti collaterali, comportano investimenti molto elevati. Meloni sottolinea per\u00f2 che \u00ab<em><strong>non si curano pi\u00f9 i tumori degli ultraottantenni<\/strong><\/em>\u00bb non \u00e8 mai stato l\u2019obiettivo dichiarato dell\u2019assessore, bens\u00ec l\u2019idea di <strong>non somministrarli \u201ca tappeto\u201d.<\/strong><\/p>\n<p>Al centro della polemica c\u2019\u00e8 il<strong> limite degli 80 anni proposto come soglia oltre la quale valutare<\/strong> con maggiore attenzione la prescrizione. Meloni lo definisce \u00ab<em><strong>un termine troppo drastico<\/strong><\/em>\u00bb, soprattutto oggi che \u00ab<em>la medicina consente a tutti noi di vivere pi\u00f9 a lungo e di vivere bene<\/em>\u00bb. Pur riconoscendo che esistono pazienti non idonei anche in et\u00e0 pi\u00f9 giovane, il giornalista evidenzia il paradosso di una regione \u00ab<em>che si pregia di essere la terra dei centenari<\/em>\u00bb e dove, a 80 anni, l\u2019aspettativa media rimane ancora significativa.<\/p>\n<p data-start=\"2201\" data-end=\"2604\"><img loading=\"lazy\" decoding=\"async\" class=\"wp-image-81893 alignleft\" src=\"https:\/\/www.fedaiisf.it\/wp-content\/uploads\/2025\/05\/Bartolazzi-ass-sardegna.png\" alt=\"\" width=\"283\" height=\"230\" srcset=\"https:\/\/www.fedaiisf.it\/wp-content\/uploads\/2025\/05\/Bartolazzi-ass-sardegna.png 824w, https:\/\/www.fedaiisf.it\/wp-content\/uploads\/2025\/05\/Bartolazzi-ass-sardegna-300x244.png 300w, https:\/\/www.fedaiisf.it\/wp-content\/uploads\/2025\/05\/Bartolazzi-ass-sardegna-768x624.png 768w, https:\/\/www.fedaiisf.it\/wp-content\/uploads\/2025\/05\/Bartolazzi-ass-sardegna-15x12.png 15w\" sizes=\"auto, (max-width: 283px) 100vw, 283px\" \/>Ribaltando la questione,<strong> Meloni invita a spostare il focus dalla spesa per l\u2019ultimo anno di vita alla prevenzione<\/strong>: \u00ab<em>Perch\u00e9 non investire di pi\u00f9 sui programmi di prevenzione? Arriveremo magari a 100 anni, ma vivremo sicuramente meglio<\/em>\u00bb. Secondo il presidente dell\u2019Ordine dei giornalisti, puntare sui controlli precoci e sui fattori di rischio consentirebbe di ridurre l\u2019onere dei trattamenti pi\u00f9 costosi.<\/p>\n<h4 data-start=\"2606\" data-end=\"2641\">Il dibattito politico interno<\/h4>\n<p data-start=\"2642\" data-end=\"3064\" data-is-last-node=\"\" data-is-only-node=\"\">Le reazioni suscitano inoltre <strong>perplessit\u00e0 all\u2019interno del centrosinistra che sostiene la giunta Todde<\/strong>. Meloni osserva come \u00ab<em>non ci sia una totale consonanza di vedute su come gestire la sanit\u00e0<\/em>\u00bb e ipotizza che la figura di Bartolazzi debba chiarire al pi\u00f9 presto il senso delle sue parole. In attesa di un chiarimento ufficiale, il confronto resta aperto tra necessit\u00e0 economiche e diritto alle cure di tutti i cittadini.<\/p>\n<p data-start=\"2642\" data-end=\"3064\" data-is-last-node=\"\" data-is-only-node=\"\">Intervista a cura di <a href=\"https:\/\/radiolina.it\/members\/simona-de-francisci\/\" target=\"_blank\" rel=\"noopener\"><b>Simona De Francisci<\/b><\/a><br \/>\n<a href=\"https:\/\/radiolina.it\/podcast\/la-strambata-3\/\" target=\"_blank\" rel=\"noopener\"><strong>La Strambata del 26-05-2025<\/strong><\/a><\/p>\n<hr \/>\n<p>Bartolazzi: \u00abNiente farmaci oncologici agli anziani? Mai detto, noi vogliamo migliorare le cure\u00bb<\/p>\n<div>\n<p dir=\"auto\">La durissima replica dell\u2019assessore alla Sanit\u00e0: \u00abLe mie parole sono state travisate. Le terapie sono costose e lottiamo per avere i rimborsi\u00bb (Fonte Nuova Sardegna)<\/p>\n<\/div>\n<p dir=\"auto\">La Carta, la giornalista autrice del pezzo, ovviamente,\u00a0 fa il suo mestiere e scrive un pezzo di replica, ma nel contempo dimostra di non aver avuto le traveggole e riporta tra virgolette frasi, questa volta scritte, dell\u2019assessore risalenti al 2018, quando era sottosegretario di Stato: \u00abNon ci sono fondi \u2013 disse gi\u00e0 allora \u2013 per garantire in futuro i trattamenti innovativi\u00bb, ovvero i farmaci costosi su cui ha ipotizzato la non somministrazione agli over 80. \u00abAgli oncologi \u2013 invit\u00f2 nel 2018 \u2013 chiedo di selezionare al meglio i pazienti da trattare per evitare inutili sprechi\u00bb. Come dire che l\u2019argomento \u00e8 nella \u201ccanna\u201d di Bartolazzi da tempo, non da oggi.<\/p>\n<p><img loading=\"lazy\" decoding=\"async\" class=\"wp-image-53903 alignleft\" src=\"https:\/\/www.fedaiisf.it\/wp-content\/uploads\/2020\/10\/Solidariet\u00e0-\u00e8er-gli-anziani.jpg\" alt=\"\" width=\"233\" height=\"131\" srcset=\"https:\/\/www.fedaiisf.it\/wp-content\/uploads\/2020\/10\/Solidariet\u00e0-\u00e8er-gli-anziani.jpg 770w, https:\/\/www.fedaiisf.it\/wp-content\/uploads\/2020\/10\/Solidariet\u00e0-\u00e8er-gli-anziani-300x169.jpg 300w, https:\/\/www.fedaiisf.it\/wp-content\/uploads\/2020\/10\/Solidariet\u00e0-\u00e8er-gli-anziani-768x432.jpg 768w, https:\/\/www.fedaiisf.it\/wp-content\/uploads\/2020\/10\/Solidariet\u00e0-\u00e8er-gli-anziani-390x220.jpg 390w\" sizes=\"auto, (max-width: 233px) 100vw, 233px\" \/>Bartolazzi ha ulteriormente <a href=\"https:\/\/www.lanuovasardegna.it\/regione\/2025\/05\/27\/news\/bartolazzi-le-cure-oncologiche-un-diritto-di-tutti-anche-degli-over-80-1.100712307\" target=\"_blank\" rel=\"noopener\">ribattuto<\/a> dicendo che \u00absentirsi accusato di aver affermato &#8220;stop ai famaci oncologici&#8221; innovativi per gli ultraottantenni \u00e8 qualcosa non solo molto dolorosa ma estremamente scorretta da medico e oncologo. Quello che ho dovuto subire oggi \u00e8 veramente una mortificazione della professionalit\u00e0\u00bb. \u00abNel 2019 &#8211; ha proseguito &#8211; sono intervenuto a Ginevra all&#8217;OMS ponendo il problema dei costi esorbitanti dei farmaci innovativi e proponendo una risoluzione italiana per l&#8217;abbattimento dei costi a livello mondiale\u00bb<\/p>\n<hr \/>\n<p dir=\"auto\">Non vogliamo entrare nel merito della polemica innescata dalle presunte affermazioni di Bartolazzi, ma la questione delle terapie ai &#8220;vecchi&#8221; non \u00e8 nuova. Nel 2018 in Emilia Romagna, il consigliere Daniele Marchetti, in una interrogazione all&#8217;assessore alla salute Venturi, diceva:<\/p>\n<div dir=\"auto\">\n<p>\u00abAd alcuni Medici di Medicina Generale (MMG) sarebbe stato consegnato un \u201cQuestionario sulla Deprescrizione nel paziente anziano\u201d che contiene 9 proposizioni alle quali il medico dovrebbe indicare di quanto sia in accordo o disaccordo sulla proposta.<\/p>\n<p>Tra le frasi presenti si trova \u201cSono favorevole a deprescrivere farmaci ad attivit\u00e0 preventiva nel mio paziente anziano quando la sua aspettativa di vita non ne giustifichi pi\u00f9 gli eventuali benefici?\u201d \u00bb.<\/p>\n<p>il risparmio sui farmaci \u00e8 giusto purch\u00e9 non perda di vista il fine ultimo del SSN che deve innanzitutto &#8220;curare&#8221; senza distinzioni ed in particolare l&#8217;art. 2 della legge che istituisce il SSN dice che fra gli obiettivi della legge c&#8217;\u00e8 &#8220;la tutela della salute degli anziani, anche al fine di prevenire e di rimuovere le condizioni che possono concorrere alla loro emarginazione&#8221;<\/p>\n<p><span data-huuid=\"12461208189064711808\">\u00a0Esistono diverse strategie per risparmiare sui farmaci in modo sicuro e responsabile, ma \u00e8 fondamentale non compromettere il benessere della popolazione. Per esempio il <img loading=\"lazy\" decoding=\"async\" class=\"wp-image-49690 alignleft\" src=\"https:\/\/www.fedaiisf.it\/wp-content\/uploads\/2020\/05\/De-Luca-Campania.jpg\" alt=\"\" width=\"225\" height=\"137\" srcset=\"https:\/\/www.fedaiisf.it\/wp-content\/uploads\/2020\/05\/De-Luca-Campania.jpg 750w, https:\/\/www.fedaiisf.it\/wp-content\/uploads\/2020\/05\/De-Luca-Campania-300x182.jpg 300w, https:\/\/www.fedaiisf.it\/wp-content\/uploads\/2020\/05\/De-Luca-Campania-702x432.jpg 702w\" sizes=\"auto, (max-width: 225px) 100vw, 225px\" \/>Presidente della Regione Campania, De Luca, ha detto recentemente, parlando della spesa regionale per i medicinali, che &#8220;una parte dei farmaci scade, un&#8217;altra non indovina la strada per gli ospedali, un&#8217;altra parte viene rubata&#8221; ed ha annunciato provvedimenti per eliminare queste inefficienze, cosa che poteva fare prima. Chiss\u00e0 se ci sono altri casi del genere in Italia!<\/span><\/p>\n<p>Nistic\u00f2, Presidente AIFA, ha <a href=\"https:\/\/www.aifa.gov.it\/-\/medicina-di-precisione-e-prescrittomica-per-migliorare-l-efficacia-e-ridurre-gli-effetti-collaterali-delle-terapie-ottimizzando-le-risorse-\" target=\"_blank\" rel=\"noopener\">detto<\/a> che &#8220;la mancata aderenza terapeutica costa circa 2 miliardi di euro l\u2019anno al SSN: un conto che non possiamo permetterci&#8221;.<\/p>\n<p>Nessuno ne parla, ma \u00e8 mai possibile che il costo alberghiero per ogni ricoverato costi circa mille euro al giorno in un reparto di medicina? E che dire di quel quasi un miliardo di euro che ogni anno i dirigenti pubblici percepiscono come premio di risultato? Abbiamo un esercito di 48mila dirigenti, i pi\u00f9 pagati in Europa, le cui performance sono cos\u00ec brillanti da meritare un riconoscimento cos\u00ec oneroso per le casse pubbliche?.<\/p>\n<p>&nbsp;<\/p>\n<\/div>\n<p>&nbsp;<\/p>","protected":false},"excerpt":{"rendered":"<p>Sanit\u00e0 in Sardegna, polemica sui farmaci antitumorali: il nodo degli over 80 divide la politica Troppo vecchi per curarsi radiolina &#8211; 26 maggio 2025 La recente bufera politica nata dalle affermazioni attribuite all\u2019assessore alla Sanit\u00e0 Bartolazzi sul \u201ctaglio\u201d dei costosi farmaci antitumorali ai pazienti over 80 ha scatenato l\u2019indignazione di ordini professionali, sindacati e associazioni &hellip;<\/p>","protected":false},"author":4,"featured_media":81895,"comment_status":"closed","ping_status":"closed","sticky":false,"template":"","format":"standard","meta":{"footnotes":""},"categories":[1],"tags":[26],"class_list":["post-81873","post","type-post","status-publish","format-standard","has-post-thumbnail","hentry","category-notizie","tag-spesa-farmaceutica"],"amp_enabled":true,"_links":{"self":[{"href":"https:\/\/www.fedaiisf.it\/en\/wp-json\/wp\/v2\/posts\/81873","targetHints":{"allow":["GET"]}}],"collection":[{"href":"https:\/\/www.fedaiisf.it\/en\/wp-json\/wp\/v2\/posts"}],"about":[{"href":"https:\/\/www.fedaiisf.it\/en\/wp-json\/wp\/v2\/types\/post"}],"author":[{"embeddable":true,"href":"https:\/\/www.fedaiisf.it\/en\/wp-json\/wp\/v2\/users\/4"}],"replies":[{"embeddable":true,"href":"https:\/\/www.fedaiisf.it\/en\/wp-json\/wp\/v2\/comments?post=81873"}],"version-history":[{"count":12,"href":"https:\/\/www.fedaiisf.it\/en\/wp-json\/wp\/v2\/posts\/81873\/revisions"}],"predecessor-version":[{"id":81901,"href":"https:\/\/www.fedaiisf.it\/en\/wp-json\/wp\/v2\/posts\/81873\/revisions\/81901"}],"wp:featuredmedia":[{"embeddable":true,"href":"https:\/\/www.fedaiisf.it\/en\/wp-json\/wp\/v2\/media\/81895"}],"wp:attachment":[{"href":"https:\/\/www.fedaiisf.it\/en\/wp-json\/wp\/v2\/media?parent=81873"}],"wp:term":[{"taxonomy":"category","embeddable":true,"href":"https:\/\/www.fedaiisf.it\/en\/wp-json\/wp\/v2\/categories?post=81873"},{"taxonomy":"post_tag","embeddable":true,"href":"https:\/\/www.fedaiisf.it\/en\/wp-json\/wp\/v2\/tags?post=81873"}],"curies":[{"name":"wp","href":"https:\/\/api.w.org\/{rel}","templated":true}]}}