{"id":8199,"date":"2015-02-18T11:38:05","date_gmt":"2015-02-18T10:38:05","guid":{"rendered":"http:\/\/www.fedaiisf.it\/?p=8199"},"modified":"2015-02-18T18:29:23","modified_gmt":"2015-02-18T17:29:23","slug":"farmaci-pesaresi-snobbano-quelli-generici","status":"publish","type":"post","link":"https:\/\/www.fedaiisf.it\/en\/farmaci-pesaresi-snobbano-quelli-generici\/","title":{"rendered":"Drugs, the people of Pesaro snub the generic ones"},"content":{"rendered":"<p><em>Propaganda a favore dei generici nelle Marche.\u00a0Perplessit\u00e0 che nascono in molte fasce della popolazione, ed in particolare \u2013 stando ai dati &#8211; nella provincia di Pesaro e Urbino<\/em><\/p>\n<p><a href=\"http:\/\/www.viverepesaro.it\/index.php?page=articolo&amp;articolo_id=520195\" target=\"_blank\" rel=\"noopener\">da\u00a0CNA Pesaro &#8211; 18 febbraio 2015 &#8211; viverepesaro<\/a><\/p>\n<p><img loading=\"lazy\" decoding=\"async\" class=\"alignleft\" alt=\"immagine\" src=\"http:\/\/www.viverepesaro.it\/upload\/2014_02\/212664_farmacia_ralf.jpg\" width=\"300\" height=\"225\" \/>Prosegue in provincia di Pesaro e Urbino la campagna di informazione e sensibilizzazione (la prima nelle Marche), sull\u2019uso dei farmaci equivalenti. Sui cosiddetti \u201cgenerici\u201d, infatti, nonostante siano state comprovate affidabilit\u00e0 e qualit\u00e0 (tanto da essere in tutto e per tutto uguale ai prodotti titolari del primo brevetto), c\u2019\u00e8 ancora molta diffidenza.<\/p>\n<p>Perplessit\u00e0 che nascono in molte fasce della popolazione, ed in particolare \u2013 stando ai dati &#8211; nella provincia di Pesaro e Urbino Per spiegare quanti e quali vantaggi comporti (anche per il servizio sanitario nazionale), l\u2019uso degli equivalenti, CNA Pensionati e Farmacie del territorio &#8211; hanno avviato un nuovo rapporto di collaborazione &#8211; sul tema dell\u2019informazione e dell\u2019educazione sanitaria. Il secondo appuntamento di questo tour informativo nella provincia \u00e8 stato organizzato a Pesaro, sabato 21 febbraio 2015 alle ore 10 nella sede CNA di via Mameli 92 (Centro Direzionale Benelli). ore 10,00) sul tema: Le opportunit\u00e0 dei medicinali equivalenti in farmacia-Qualit\u00e0 e sicurezza risparmiando sui costi.<\/p>\n<p>L\u2019iniziativa, riservata a tutti i cittadini, nata in collaborazione con le farmacie di Pesaro Rossini e Ruggeri, \u201cmira \u2013 come spiega il presidente provinciale CNA Pensionati Giancarlo Sperindio &#8211; a sviluppare una precisa campagna d\u2019informazione sul tema dei farmaci generici o pi\u00f9 precisamente degli equivalenti che hanno le stesse caratteristiche dei cosiddetti farmaci di \u201cmarca\u201d, ma che costano in media il 20% in meno\u201d. A livello internazionale l\u2019Italia consuma il 17,50% dei medicinali generici [<em>secondo il <a href=\"http:\/\/www.agenziafarmaco.gov.it\/sites\/default\/files\/Rapporto_OsMed_gennaio-settembre_2014.pdf\" target=\"_blank\" rel=\"noopener\">Rapporto OsMed 2014<\/a> \u00e8 28,8%<\/em>] contro l\u201980% degli Sati Uniti. Nelle Marche e nella provincia di Pesaro questo dato si attesta attorno al 13% [<em>N.d.R.: secondo il Rapporto <a href=\"http:\/\/www.agenziafarmaco.gov.it\/sites\/default\/files\/Rapporto_OsMed_gennaio-settembre_2014.pdf\" target=\"_blank\" rel=\"noopener\">OsMed dell&#8217;AIFA<\/a>, pag. 40, \u00e8 24,8%<\/em>].<\/p>\n<p><img loading=\"lazy\" decoding=\"async\" class=\"alignright\" alt=\"Risultati immagini per cna pesaro\" src=\"data:image\/jpeg;base64,\/9j\/4AAQSkZJRgABAQAAAQABAAD\/2wCEAAkGBxQTERQSExQVFRUUFBkXGBUYFhgXHRoWHRUWHRgcGBcZHTQgHCAlIhwcIzEhJSksLi46Fx8\/ODQtNygvLisBCgoKDg0OGxAQGywlICU1MjQ0LSwsLCwvNDAsLDAsLC8sLCw3LCwsLCwsNC80LDQsLCwsNzQsLDQsKysrKyw0LP\/AABEIAHAAcAMBIgACEQEDEQH\/xAAcAAABBQEBAQAAAAAAAAAAAAAAAgMEBQYHAQj\/xABEEAACAQMCAgYECwUGBwAAAAABAgMABBESIQUxBgcTUXGBIkFhoRQjMkKRsbLBwtHwNENyc8QVUmKCkuEkJTM1U3Sz\/8QAGQEBAQEBAQEAAAAAAAAAAAAAAAECAwQF\/8QAIBEAAgIDAQADAQEAAAAAAAAAAAECEQMSITETQVEiBP\/aAAwDAQACEQMRAD8A7jRRRQBRRXhNAe0VAm4pGpILqMc87YwFY+5gfOkQ3iupYE41Ou+266gfeDVoWWBcd9ehhVFe8ZRW0Ddi4XHLA7TQxz7Cwpix4+H7MsmA4B2OSNQtyBy75MeVNWS0aXNFV1veIxIVgxUKTg52IwOXfpb6KlrL3\/rn+VQo9RRmigCiiigCiiigPGON6iXFwFILHA1KPMsQKdmbmPZ9xqFxIbDC6vjY9t9vjee3dz8qqBjuITmSMyEYLxu2B7ba3r13OJhk4BkIHcS3EMke04H0VKtuCyyQqMafi8eltzt4F5c+amk39g8QlLcmDYPtxfMR5B1rqmjmIm\/aF\/mf1MdN8N+Rb+EX2bKnJv2hf5n9THTvR6EP8HVuXZqe7cQ2hHvFX6IV8Y0jUxZFKj0wNxiK9JK+0ZBx4Vv25HwP4qRJGGGGAPiM81APP9b04\/I+B\/FXJuzaVClbBPifrFPqc1G+d5n7S0uFtgPZ9w\/Osmh+iiigCkyNgZpVR72YKhJ5Aaj4AjNAZbpp02g4eoDgySuDpiUgEjLDLE7KP1vXO5Oum41ZW1hC5zgu7HmfnYHf3ViJJZeJ3+f3lzLgDnoU5IHgqj3V3Gy6s+HpGI2gEh2BkYnUTk5ORyz3Cva4Y8SSmrZwucnwi9C+syC8cQyIYJjgKCwZXO2ytgHO3IgedQOsLrCaznktPg4kDwg6zLowXV1Po6Dy8a550u6Ez2t2yW0U8sfovG6xs2nO4GpRzU438KT1l3LyXMMkilZGs4S6sCCGw2rIPLfNajhxuSa8ZHOSXTofRzjq3nZTABWLjWgOrQTcpgZwM7b8qh8W6ZHhwtGEIm1xHYydnjEFp\/gNYPq+418Hu0ViFjmljEhPq0tlT9J99WfWf\/07D+U3\/wALOr8SWSn4RS\/mzrvQfpKb+1+EGIRHtGTSH1\/JC750j6qmdL+OrZWktyV16NlTOnUxZgBnBxz7qxPVFfdlw+LJAV7mUEnO3ogj6TioHX1xY\/8AD2i8iWlfyJVB4bsfIV5\/iTy6\/R03qNj3BuuLtbmKJ7VY1kkCl+3LadTAA47MZ39vrrq+Nh5fWlfJN1aOqIzAhZVLIe9QxGR5ivp\/olxYXVlBP62jGr+MFQ3vFb\/04oxpxJim3xl8hyM\/rnS6agbbHj9o\/lTteQ7BVR0oBNrcAc\/g0v06Kt6ZukBUgjIOx8CRmqnTDPmzqlK\/2pBn+6+PHszy99fQ0t\/GrhSwyWwB7QwB5dxZf9Qr5p4zw2Xhl8UBIaF9cTkfKQN6J8xsR41uI+sq3YrK6SK\/aO7RqNW5e3OAxwP3be6vdnxubUo+HnhJRVM6899GmA8iKcA4Z1U\/N9RNcG655A3EtSkEGCM5ByD8rkfXWc4rdy8QulwmZHCRIo3JAGFye\/1k+PdVx1oWAgu4oB+6tIUz3kAg+\/fzq4cPxzXesk57RJXSro1\/yuxv0G3YrHMPEnQ31g+Iqj6QcaNzb2oYjtIe1RgP7oS2CN5hT\/pNdy6F2STcGt4ZBlJLcKw9hLfryrgHHuEPaXElvJu0ZxnGNS\/NYD2it4Z7NxfqJNUrR03q9\/7ZB\/7r\/hrBdYHFvhXELiVTlQ5RD\/hUkA+BOT51rujt52PAu1IJ0zzgerDmPCEn+LFYXo9wKS6d0jwOziaRi2caV8PWeVMaSlKTEnxI23WMlmbCzWC4ikktR2ZCsCSrBdW38Qz5mrzqH4vqintD+7YSJ\/C5AYeTKD\/n9lZuDqlunDFZoCy6hpy2dmZR6tskHHnVN1Z8W+DcSgJ9FZG7JwdsaiAM+Bx4VlxjLG4xdlTakmz6Wt+Z8PxNT9Nw8vM\/Wacr5x6QooooDN9Kei1vfJouEyVyVddmXOrk33cq51N1LfGgLdMYyd8xjUBqAxnVgkjUc49Q767LMux8D9Rpn53mPtGusM04cTMSgn6Zrop0ItbHDRKWkIGZXOpvm8vUOfqAqJ0m6v7W9mM8zSh9IX0GAGFBI5itgnIeA\/DUS\/mZIyyDU2pRjfkTg8u4EnyqKcru+l1VUI4TwxLaBLeMkpEoVdRycAtzql6U9BLa\/kWSbWrqCuUbTkZXGrbfH3+FTv7fXEhdSAmdxvsomJOOfJD386mJxeLXoDZIONh6y7KPfGw8qick7Xo40ZO+6vYPgUdmjTGMXCyEahk5ADEnHIAkgeHdR1adH4rYXDR5JdY8ljnYLIcDuG\/6xWhvb7WsIj1Zk7KUY\/8AGHgDZ8n9xp7gnD+xiwfllfS3yMjWBjyrTyS1psmqvgHhOJ+0Ryo1qSoHMK0hIzn1mTPl7ay111TWUsjSFplaRi5CuAASQTgafaa3nzvM\/aWnokwB4fcKypyj4yuKfoqNcDHP299KoorBoKKKKAKaaPfPtH307XlARl2A8vw0jv8AE\/ZNTGWmTB9\/1YqgzHSXhhEVw68jG5KgcviZwcd5Jb303wO213MpOcKQwxyyLq52z5++tW8R\/X+b86Rb2oXZQAMltu9iCT45zWtuUZ1GxGMg4GQMDwITI8Nh9FOMOfn+KliLv\/Ww\/KnQorBoSse5J7zTlFFAFFFFAFFeZozQFB04\/ZCMasywjTnGrMyDST6geVVdlPcwzRWqBcKokddmxG8zjSrsQcRqMZAOcjkMVr5oVcYYAjIOCM7g5FNXFjG7I7ojNGcozKCVJ5lSeX+1aUuURoyPE+kk0VtIxcC4R5Do7NSuEj1ldWoejpKnVz35ZqXJxWdnmUSRovwiOBCUzp1RK5Zstg51BQPrzgXh4Jb6Oz7CHQGLaOzXGo82xjGfbTs3DonVkeNGWT5alQQ2wHpAjfYAb91XZfhKZQScflaxtp1AWS4Ma5ADBS2d1DMAc42BPzhUm\/mkMNm0oCOZ4dYB2DHIIz3Z+urq4s0dDG6KyEYKFQVI7iOWKTNYRtH2TIjR406Co06e7TyqWi0Y2xupTCI1YCNob2VsjUWAmwgVs7fLznflSuC8RkYW8TskmiaEK6jAw9qz42Y7r39xG1bEWaYA0LgIUA0jZDjK+Gw29lJg4dEgASNFAYuAFAAc5y23rOTvV2X4SmY3gvSS5kgXWya5UtGDhMBO3Mgb0c740bb82rW8AvGmto5WxqZd8ciQSMj2HGfOlnhcJQxmKPQyhCugYKLnSpGOQycD1ZNSo0CgKAAAMAAYAHcBUbTKkLorzNGayU\/\/2Q==\" width=\"112\" height=\"112\" \/>Il medicinale classificato come generico, introdotto in Italia nel 2001, nel 2005 \u00e8 modificato in equivalente proprio perch\u00e9 si tratta di farmaci assolutamente equivalenti a quelli di marca, con lo stesso principio attivo non pi\u00f9 protetto da un brevetto ed hanno la stessa formula farmaceutica e via di somministrazione per esempio: compresse, capsule, supposte, soluzioni iniettabili e lo stesso dosaggio unitario dei farmaci di \u201cmarca\u201d.<\/p>\n<p>\u201cL\u2019obiettivo dichiarato di CNA Pensionati di Pesaro e Urbino &#8211; sottolinea Valerio Angelini segretario provinciale CNA Pensionati &#8211; \u00e8 quello di sviluppare un\u2019informazione precisa ai consumatori, in particolare pensionati, per valorizzare il ruolo fondamentale e insostituibile delle farmacie come primo presidio sanitario sul territorio, per un pi\u00f9 sano e controllato uso dei medicinali , per avere un notevole risparmio e consolidare un rapporto di collaborazione con le farmacie sempre pi\u00f9 intenso e qualificato\u201d. All\u2019assemblea pubblica di sabato 21 febbraio 2015 partecipano il presidente e vicepresidente provinciale dell\u2019Ordine dei Farmacisti Romeo Salvi e Antonio Astuti.<\/p>\n<p>Notizie correlate:\u00a0<a href=\"http:\/\/www.fedaiisf.it\/concetti-di-equivalenza-farmaceutica-e-equivalenza-terapeutica\/\">I concetti di equivalenza farmaceutica e equivalenza terapeutica<\/a><\/p>\n<p><a href=\"http:\/\/www.researchgate.net\/publication\/257860774_FARMACI_ORIGINALI_E_FARMACI_GENERICI_OSSERVAZIONI_FARMACOLOGICHE_CLINICHE_E_CONSIDERAZIONI_MEDICO-LEGALI_CIRCA_LAPPROPRIATEZZA_PRESCRITTIVA\" target=\"_blank\" rel=\"noopener\">FARMACI ORIGINALI E FARMACI GENERICI: OSSERVAZIONI FARMACOLOGICHE, \u00a0CLINICHE E CONSIDERAZIONI MEDICO-LEGALI CIRCA L\u2019APPROPRIATEZZA PRESCRITTIVA<\/a>\u00a0 (testo integrale pdf)<\/p>\n<p><a href=\"http:\/\/www.brunoleonimedia.it\/public\/BP\/IBL_BP_119_Farmaci.pdf\" target=\"_blank\" rel=\"noopener\">Gli effetti collaterali delle nuova disciplina delle prescrizioni<\/a>\u00a0(Ist. Bruno Leoni pdf)<\/p>\n<p><a href=\"http:\/\/www.sifweb.org\/docs\/sif_position_paper_farmaci_equivalenti_ott2010.php\" target=\"_blank\" rel=\"noopener\">Farmaci Equivalenti<\/a>\u00a0(SIF Societ\u00e0 Italiana di Farmacologia, Position paper)<\/p>\n<p><a href=\"http:\/\/www.fedaiisf.it\/farmaci-generici-osmed-iniziano-convincere-gli-italiani\/\" target=\"_blank\">Farmaci generici, Osmed: iniziano a convincere gli italiani<\/a><\/p>\n<p><a href=\"http:\/\/www.agenziafarmaco.gov.it\/sites\/default\/files\/Rapporto_OsMed_gennaio-settembre_2014.pdf\" target=\"_blank\" rel=\"noopener\">Rapporto Osmed<\/a>\u00a0dell\u2019Agenzia italiana del farmaco (Aifa)<\/p>\n<p><a href=\"http:\/\/www.iodonna.it\/attualita\/vivere-meglio\/2015\/donne-farmaci-generici-onda-50262018365.shtml\" target=\"_blank\" rel=\"noopener\">Farmaci generici: alle donne non piacciono di pi\u00f9<\/a><\/p>\n<p><a href=\"http:\/\/www.assogenerici.org\/articolihome\/AGGIORNAMENTO_DATI_SETTEMBRE_2014.pdf\" target=\"_blank\" rel=\"noopener\">Il farmaco generico: numeri e dimensioni<\/a> (Assogenerici &#8211; Settembre 2014)<\/p>\n<p><a href=\"http:\/\/politica.elpais.com\/politica\/2015\/02\/17\/actualidad\/1424193992_276177.html\" target=\"_blank\" rel=\"noopener\">\u00a0<\/a><\/p>\n<p>&nbsp;<\/p>\n","protected":false},"excerpt":{"rendered":"<p>Propaganda a favore dei generici nelle Marche.\u00a0Perplessit\u00e0 che nascono in molte fasce della popolazione, ed in particolare \u2013 stando ai dati &#8211; nella provincia di Pesaro e Urbino da\u00a0CNA Pesaro &#8211; 18 febbraio 2015 &#8211; viverepesaro Prosegue in provincia di Pesaro e Urbino la campagna di informazione e sensibilizzazione (la prima nelle Marche), sull\u2019uso dei &hellip;<\/p>","protected":false},"author":4,"featured_media":4776,"comment_status":"closed","ping_status":"closed","sticky":false,"template":"","format":"standard","meta":{"footnotes":""},"categories":[1],"tags":[31],"class_list":["post-8199","post","type-post","status-publish","format-standard","has-post-thumbnail","hentry","category-notizie","tag-generici"],"amp_enabled":true,"_links":{"self":[{"href":"https:\/\/www.fedaiisf.it\/en\/wp-json\/wp\/v2\/posts\/8199","targetHints":{"allow":["GET"]}}],"collection":[{"href":"https:\/\/www.fedaiisf.it\/en\/wp-json\/wp\/v2\/posts"}],"about":[{"href":"https:\/\/www.fedaiisf.it\/en\/wp-json\/wp\/v2\/types\/post"}],"author":[{"embeddable":true,"href":"https:\/\/www.fedaiisf.it\/en\/wp-json\/wp\/v2\/users\/4"}],"replies":[{"embeddable":true,"href":"https:\/\/www.fedaiisf.it\/en\/wp-json\/wp\/v2\/comments?post=8199"}],"version-history":[{"count":0,"href":"https:\/\/www.fedaiisf.it\/en\/wp-json\/wp\/v2\/posts\/8199\/revisions"}],"wp:featuredmedia":[{"embeddable":true,"href":"https:\/\/www.fedaiisf.it\/en\/wp-json\/wp\/v2\/media\/4776"}],"wp:attachment":[{"href":"https:\/\/www.fedaiisf.it\/en\/wp-json\/wp\/v2\/media?parent=8199"}],"wp:term":[{"taxonomy":"category","embeddable":true,"href":"https:\/\/www.fedaiisf.it\/en\/wp-json\/wp\/v2\/categories?post=8199"},{"taxonomy":"post_tag","embeddable":true,"href":"https:\/\/www.fedaiisf.it\/en\/wp-json\/wp\/v2\/tags?post=8199"}],"curies":[{"name":"wp","href":"https:\/\/api.w.org\/{rel}","templated":true}]}}