{"id":82084,"date":"2025-06-07T12:24:36","date_gmt":"2025-06-07T10:24:36","guid":{"rendered":"https:\/\/www.fedaiisf.it\/?p=82084"},"modified":"2025-06-07T12:24:36","modified_gmt":"2025-06-07T10:24:36","slug":"riforma-farmaceutica-europea-passo-avanti-per-farmindustria-e-un-suicidio","status":"publish","type":"post","link":"https:\/\/www.fedaiisf.it\/en\/riforma-farmaceutica-europea-passo-avanti-per-farmindustria-e-un-suicidio\/","title":{"rendered":"Riforma farmaceutica europea. Passo avanti. Per Farmindustria \u00e8 un suicidio"},"content":{"rendered":"<p>La riforma farmaceutica europea ha superato un passaggio cruciale con l\u2019approvazione del Consiglio, avviando la fase finale dei negoziati tra Commissione, Parlamento e Consiglio stesso. Il cosiddetto \u201cTrilogo\u201d definir\u00e0 gli ultimi dettagli del pacchetto normativo, che mira a migliorare l\u2019accesso ai medicinali e la sicurezza degli approvvigionamenti.<\/p>\n<p><img loading=\"lazy\" decoding=\"async\" class=\"size-full wp-image-72948 alignright\" src=\"https:\/\/www.fedaiisf.it\/wp-content\/uploads\/2023\/08\/commissione-europea-1.jpeg\" alt=\"\" width=\"300\" height=\"168\" srcset=\"https:\/\/www.fedaiisf.it\/wp-content\/uploads\/2023\/08\/commissione-europea-1.jpeg 300w, https:\/\/www.fedaiisf.it\/wp-content\/uploads\/2023\/08\/commissione-europea-1-18x10.jpeg 18w\" sizes=\"auto, (max-width: 300px) 100vw, 300px\" \/>Negli ultimi quindici anni, le istituzioni dell&#8217;UE si sono affidate sempre pi\u00f9 ai negoziati del trilogo al fine di semplificare il processo di regolamentazione e renderlo pi\u00f9 efficace. I negoziati a trilogo sono riunioni informali tenute a porte chiuse da piccoli gruppi di rappresentanti del Parlamento, del Consiglio e della Commissione, durante le quali le tre istituzioni discutono e definiscono le caratteristiche e i contenuti delle iniziative legislative<\/p>\n<p><em>Ci opporremo ai tentativi di estendere gli incentivi e i diritti di propriet\u00e0 intellettuale (ndr: brevetti), che gi\u00e0 garantiscono la pi\u00f9 lunga tutela monopolistica al mondo. Esortiamo il Consiglio, il Parlamento e la Commissione ad aumentare l&#8217;armonizzazione delle norme per un migliore accesso e sicurezza dell&#8217;approvvigionamento per i pazienti in tutti gli Stati membri dell&#8217;UE\u201d.<\/em><em>\u00a0<\/em>Ad affermarlo \u00e8 <strong>Medicines for Europe<\/strong>, l\u2019associazione europea delle aziende produttrici di generici-equivalenti, biosimilari e Value Added Medicines (Fonte<a href=\"https:\/\/egualia.it\/it\/notizie\/5558-pharma-legislation-allultimo-step-la-parola-passa-al-trilogo-2.html\" target=\"_blank\" rel=\"noopener\"> Egualia<\/a>)<\/p>\n<p><em>\u00abServe non arretrare sull\u2019armonizzazione della nuova clausola Bolar e garantire il corretto bilanciamento tra le protezioni aggiuntivi ai brevetti perch\u00e9 sia assicurato il sostegno all\u2019innovazione e la certezza della concorrenza al giorno 1 dopo il termine di queste protezioni\u00bb, <\/em>ha detto il presidente di Egualia, Collatina. La clausola Bolar <b>consente alle aziende produttrici di farmaci generici di prepararsi all&#8217;immissione sul mercato ancor prima che il brevetto del farmaco di riferimento sia scaduto<\/b><\/p>\n<p><span class=\"ck-list-bogus-paragraph\"><strong>Per l&#8217;industria farmaceutica \u00e8 fondamentale invece il rafforzamento della protezione della propriet\u00e0 intellettuale (PI):<\/strong> l&#8217;industria considera fondamentali diritti di PI solidi. &#8220;La propriet\u00e0 intellettuale \u00e8 la spina dorsale della nostra innovazione, quindi senza di essa non si innova&#8221;, ha dichiarato a <\/span><em><span class=\"ck-list-bogus-paragraph\">Medscape Medical News<\/span><\/em><span class=\"ck-list-bogus-paragraph\"> Roberta Savli, <img loading=\"lazy\" decoding=\"async\" class=\"wp-image-1113 alignleft\" src=\"https:\/\/www.fedaiisf.it\/wp-content\/uploads\/2014\/07\/efpia.jpg\" alt=\"\" width=\"201\" height=\"142\" srcset=\"https:\/\/www.fedaiisf.it\/wp-content\/uploads\/2014\/07\/efpia.jpg 400w, https:\/\/www.fedaiisf.it\/wp-content\/uploads\/2014\/07\/efpia-300x212.jpg 300w\" sizes=\"auto, (max-width: 201px) 100vw, 201px\" \/>direttore esecutivo per gli affari pubblici dell&#8217;EFPIA. Nell&#8217;UE, le riforme farmaceutiche introdotte nel 2023 comprendono la riduzione del periodo (8 anni) in cui i nuovi farmaci sono protetti dall&#8217;esclusivit\u00e0 dei dati. Sebbene siano possibili estensioni per i farmaci che rispondono a esigenze particolari o che coinvolgono la ricerca pubblica, molti operatori del settore temono che questi cambiamenti possano rendere l&#8217;Europa meno attraente per lo sviluppo di farmaci innovativi, soprattutto per le malattie rare.<\/span><\/p>\n<p class=\"fusion-title-heading title-heading-left\">For <a href=\"https:\/\/www.aboutpharma.com\/multimedia\/cattani-farmindustria-la-riforma-della-legislazione-farmaceutica-un-suicidio-per-leuropa\/\" target=\"_blank\" rel=\"noopener\">Cattani (Farmindustria)<\/a>: \u201cLa riforma della legislazione farmaceutica \u00e8 un suicidio per l\u2019Europa. Serve altro per essere competitivi con Cina e Stati Uniti!&#8221;<\/p>\n<p>Nel mandato adottato dal Consiglio si trovano comunque anche misure a tutela della propriet\u00e0 intellettuale, con la conferma di otto anni di protezione dei dati per i farmaci innovativi, prorogabili fino a dieci se le aziende raggiungono determinati obiettivi, come la commercializzazione in tutti gli Stati membri. \u00c8 stata inoltre confermata la possibilit\u00e0 di una protezione esclusiva del mercato per un ulteriore anno, premiando l\u2019innovazione che risponde a bisogni medici insoddisfatti.<\/p>\n<p>Le recenti minacce commerciali sui dazi complicano ulteriormente le cose. La Federazione europea delle industrie e delle associazioni farmaceutiche (EFPIA) ha chiesto riforme politiche sostanziali per mantenere la posizione dell&#8217;Europa come polo di innovazione, in particolare contro la concorrenza di Stati Uniti e Cina.<\/p>\n<p>La riforma si basa su <strong>4 pilastri<\/strong>, che prevedono un&#8217;azione legislativa e non legislativa:<\/p>\n<ul>\n<li>garantire ai pazienti l&#8217;<a href=\"https:\/\/health.ec.europa.eu\/medicinal-products\/pharmaceutical-strategy-europe\/making-medicines-more-affordable_en?prefLang=it\" target=\"_blank\" rel=\"noopener\">accesso a farmaci a buon mercato<\/a><button class=\"wt-unselected wt-laco wt-laco--button wt-offprint\" title=\"Cerca le traduzioni disponibili del link precedente\" type=\"button\" aria-controls=\"laco-modal\"><\/button>e rispondere alle <strong>esigenze mediche non soddisfatte<\/strong> (per esempio per quanto riguarda la resistenza agli antibiotici, i tumori e le malattie rare)<\/li>\n<li>favorire la <strong>competitivit\u00e0, la capacit\u00e0 di innovazione e la sostenibilit\u00e0<\/strong> del comparto farmaceutico dell&#8217;UE e la produzione di medicinali di alta qualit\u00e0, sicuri, efficaci e pi\u00f9 ecologici<\/li>\n<li>migliorare i meccanismi di <strong>preparazione e risposta alle crisi<\/strong>, predisporre <a href=\"https:\/\/health.ec.europa.eu\/medicinal-products\/pharmaceutical-strategy-europe\/structured-dialogue-security-medicines-supply_en?prefLang=it\" target=\"_blank\" rel=\"noopener\">catene di approvvigionamento diversificate e sicure<\/a><button class=\"wt-unselected wt-laco wt-laco--button wt-offprint\" title=\"Cerca le traduzioni disponibili del link precedente\" type=\"button\" aria-controls=\"laco-modal\"><\/button>, affrontare le carenze di farmaci<\/li>\n<li>assicurare una <strong>posizione forte dell&#8217;UE sulla scena mondiale<\/strong>, promuovendo standard elevati in termini di qualit\u00e0, efficacia e sicurezza. (fonte<a href=\"https:\/\/health.ec.europa.eu\/medicinal-products\/pharmaceutical-strategy-europe_it\" target=\"_blank\" rel=\"noopener\"> Europa.eu<\/a>)<\/li>\n<\/ul>\n<p class=\"p1\"><img loading=\"lazy\" decoding=\"async\" class=\"wp-image-44784 alignright\" src=\"https:\/\/www.fedaiisf.it\/wp-content\/uploads\/2019\/07\/ufficio-europeo-brevetti10.jpg\" alt=\"\" width=\"283\" height=\"204\" srcset=\"https:\/\/www.fedaiisf.it\/wp-content\/uploads\/2019\/07\/ufficio-europeo-brevetti10.jpg 428w, https:\/\/www.fedaiisf.it\/wp-content\/uploads\/2019\/07\/ufficio-europeo-brevetti10-300x216.jpg 300w\" sizes=\"auto, (max-width: 283px) 100vw, 283px\" \/>I sostenitori del nuovo regolamento sostengono che i contenuti della riforma europea appaiono coerenti con la ricerca di equilibrio tra esigenze contrapposte. Ad esempio, la spinta verso la creazione di un mercato pi\u00f9 competitivo grazie all\u2019introduzione di un maggior numero di generici e biosimilari \u00e8 controbilanciata da misure atte a garantire che vi siano ancora incentivi sufficienti (es. diritti di esclusiva) a far s\u00ec che le imprese farmaceutiche non siano dissuase dal continuare a destinare ingenti risorse a ricerca e sviluppo.<\/p>\n<p class=\"p1\">Il tema del prezzo dei farmaci rimane sempre presente sullo sfondo e il legislatore europeo sembra orientato verso un approccio indiretto al problema (aumentare la concorrenza sul mercato) piuttosto che verso interventi strutturali. (Fonte <a href=\"https:\/\/www.cortisupremeesalute.it\/wp-content\/uploads\/2024\/02\/Zuddas-1.pdf\" target=\"_blank\" rel=\"noopener\">Zuddas<\/a>)<\/p>\n<p class=\"ecl-banner__title\"><a href=\"https:\/\/commission.europa.eu\/strategy-and-policy\/priorities-2019-2024\/promoting-our-european-way-life\/european-health-union\/modernising-eu-pharmaceutical-legislation_en?prefLang=it\" target=\"_blank\" rel=\"noopener\"><span class=\"ecl-banner__title-text\">Modernising the EU pharmaceutical legislation. <\/span><span class=\"ecl-banner__description-text\">Affordable, accessible, and innovative medicines<\/span><\/a><\/p>\n<p><a href=\"https:\/\/www.fedaiisf.it\/en\/cattani-leuropa-sta-giocando-con-il-fuoco-la-riforma-farmaceutica-in-europa-la-questione-dei-brevetti\/#google_vignette\" target=\"_blank\" rel=\"noopener\">Cattani: \u201cL\u2019Europa sta giocando con il fuoco\u201d. La riforma farmaceutica in Europa. La questione dei brevetti<\/a><\/p>","protected":false},"excerpt":{"rendered":"<p>La riforma farmaceutica europea ha superato un passaggio cruciale con l\u2019approvazione del Consiglio, avviando la fase finale dei negoziati tra Commissione, Parlamento e Consiglio stesso. Il cosiddetto \u201cTrilogo\u201d definir\u00e0 gli ultimi dettagli del pacchetto normativo, che mira a migliorare l\u2019accesso ai medicinali e la sicurezza degli approvvigionamenti. Negli ultimi quindici anni, le istituzioni dell&#8217;UE si &hellip;<\/p>","protected":false},"author":4,"featured_media":82094,"comment_status":"closed","ping_status":"closed","sticky":false,"template":"","format":"standard","meta":{"footnotes":""},"categories":[1],"tags":[50,41],"class_list":["post-82084","post","type-post","status-publish","format-standard","has-post-thumbnail","hentry","category-notizie","tag-farmindustria","tag-leggisentenze"],"amp_enabled":true,"_links":{"self":[{"href":"https:\/\/www.fedaiisf.it\/en\/wp-json\/wp\/v2\/posts\/82084","targetHints":{"allow":["GET"]}}],"collection":[{"href":"https:\/\/www.fedaiisf.it\/en\/wp-json\/wp\/v2\/posts"}],"about":[{"href":"https:\/\/www.fedaiisf.it\/en\/wp-json\/wp\/v2\/types\/post"}],"author":[{"embeddable":true,"href":"https:\/\/www.fedaiisf.it\/en\/wp-json\/wp\/v2\/users\/4"}],"replies":[{"embeddable":true,"href":"https:\/\/www.fedaiisf.it\/en\/wp-json\/wp\/v2\/comments?post=82084"}],"version-history":[{"count":9,"href":"https:\/\/www.fedaiisf.it\/en\/wp-json\/wp\/v2\/posts\/82084\/revisions"}],"predecessor-version":[{"id":82093,"href":"https:\/\/www.fedaiisf.it\/en\/wp-json\/wp\/v2\/posts\/82084\/revisions\/82093"}],"wp:featuredmedia":[{"embeddable":true,"href":"https:\/\/www.fedaiisf.it\/en\/wp-json\/wp\/v2\/media\/82094"}],"wp:attachment":[{"href":"https:\/\/www.fedaiisf.it\/en\/wp-json\/wp\/v2\/media?parent=82084"}],"wp:term":[{"taxonomy":"category","embeddable":true,"href":"https:\/\/www.fedaiisf.it\/en\/wp-json\/wp\/v2\/categories?post=82084"},{"taxonomy":"post_tag","embeddable":true,"href":"https:\/\/www.fedaiisf.it\/en\/wp-json\/wp\/v2\/tags?post=82084"}],"curies":[{"name":"wp","href":"https:\/\/api.w.org\/{rel}","templated":true}]}}