{"id":82438,"date":"2025-06-27T19:07:53","date_gmt":"2025-06-27T17:07:53","guid":{"rendered":"https:\/\/www.fedaiisf.it\/?p=82438"},"modified":"2025-06-27T19:07:53","modified_gmt":"2025-06-27T17:07:53","slug":"stefan-oelrich-bayer-e-stato-eletto-nuovo-presidente-efpia","status":"publish","type":"post","link":"https:\/\/www.fedaiisf.it\/en\/stefan-oelrich-bayer-e-stato-eletto-nuovo-presidente-efpia\/","title":{"rendered":"Stefan Oelrich (Bayer) \u00e8 stato eletto nuovo Presidente EFPIA"},"content":{"rendered":"<h3 class=\"section-title\">La rapida evoluzione della geopolitica offre all&#8217;Europa l&#8217;opportunit\u00e0 di resettare e guidare le scienze della vita globali, afferma il nuovo presidente dell&#8217;EFPIA<\/h3>\n<p><a href=\"https:\/\/www.efpia.eu\/news-events\/the-efpia-view\/statements-press-releases\/rapidly-shifting-geopolitics-provides-opportunity-for-europe-to-reset-and-to-lead-in-global-life-sciences-says-new-efpia-president\/\" target=\"_blank\" rel=\"noopener\">EFPIA &#8211; 26 giugno 2025<\/a><\/p>\n<p><img loading=\"lazy\" decoding=\"async\" class=\"wp-image-82442 alignleft\" src=\"https:\/\/www.fedaiisf.it\/wp-content\/uploads\/2025\/06\/efpia-Stefan-Oelrich-president-e-vice.png\" alt=\"\" width=\"419\" height=\"307\" srcset=\"https:\/\/www.fedaiisf.it\/wp-content\/uploads\/2025\/06\/efpia-Stefan-Oelrich-president-e-vice.png 668w, https:\/\/www.fedaiisf.it\/wp-content\/uploads\/2025\/06\/efpia-Stefan-Oelrich-president-e-vice-300x220.png 300w, https:\/\/www.fedaiisf.it\/wp-content\/uploads\/2025\/06\/efpia-Stefan-Oelrich-president-e-vice-16x12.png 16w\" sizes=\"auto, (max-width: 419px) 100vw, 419px\" \/>Stefan Oelrich, Presidente della Divisione Farmaceutica di Bayer \u00e8 stato eletto nuovo Presidente della Federazione Europea delle Industrie e Associazioni Farmaceutiche (EFPIA) con Teresa Graham, CEO di Roche Pharmaceuticals e Carlos Gallardo, Presidente e CEO di Almirall come primo e secondo vicepresidente.<\/p>\n<div>\n<section>In una conferenza stampa tenutasi oggi a Bruxelles [26 giugno], il nuovo team della presidenza si \u00e8 riunito per affrontare come il contesto geopolitico in rapida evoluzione stia rimodellando il campo di gioco delle scienze della vita e come l&#8217;Europa possa rispondere.La posizione strategica storica dell&#8217;Europa nel settore delle scienze della vita \u00e8 sotto un&#8217;enorme pressione mentre i cambiamenti geopolitici e l&#8217;intensa concorrenza da parte degli Stati Uniti e della Cina rimodellano il settore. I responsabili politici a Bruxelles e in tutti gli Stati membri devono affrontare una scelta dura: consentire alla crisi della competitivit\u00e0 dell&#8217;Europa di approfondire o cogliere questo punto di flessione per ripristinare e guidare le scienze della vita.<\/section>\n<\/div>\n<p>&nbsp;<\/p>\n<p>EFPIA ritiene che scegliendo di guidare, l&#8217;Europa possa tradurre l&#8217;eccellenza scientifica della regione in terapie all&#8217;avanguardia, quei progressi terapeutici verso una migliore salute per i cittadini e la crescita economica, che a sua volta possono generare posti di lavoro, investimenti e entrate per finanziare i servizi sanitari pubblici ed essere reinvestiti nella scienza.<\/p>\n<p>Con le giuste azioni intraprese ora, possiamo:<\/p>\n<div>\n<section>\n<ul>\n<li data-leveltext=\"\uf0b7\" data-font=\"Symbol\" data-listid=\"14\" data-list-defn-props=\"{&quot;335552541&quot;:1,&quot;335559685&quot;:720,&quot;335559991&quot;:360,&quot;469769226&quot;:&quot;Symbol&quot;,&quot;469769242&quot;:[8226],&quot;469777803&quot;:&quot;left&quot;,&quot;469777804&quot;:&quot;\uf0b7&quot;,&quot;469777815&quot;:&quot;multilevel&quot;}\" aria-setsize=\"-1\" data-aria-posinset=\"1\" data-aria-level=\"1\">Rimettere gli europei all&#8217;avanguardia dell&#8217;innovazione e della cura del paziente.<\/li>\n<\/ul>\n<ul>\n<li data-leveltext=\"\uf0b7\" data-font=\"Symbol\" data-listid=\"14\" data-list-defn-props=\"{&quot;335552541&quot;:1,&quot;335559685&quot;:720,&quot;335559991&quot;:360,&quot;469769226&quot;:&quot;Symbol&quot;,&quot;469769242&quot;:[8226],&quot;469777803&quot;:&quot;left&quot;,&quot;469777804&quot;:&quot;\uf0b7&quot;,&quot;469777815&quot;:&quot;multilevel&quot;}\" aria-setsize=\"-1\" data-aria-posinset=\"2\" data-aria-level=\"1\">Fornire un accesso pi\u00f9 rapido ed equo ai farmaci per tutti gli europei.<\/li>\n<\/ul>\n<ul>\n<li data-leveltext=\"\uf0b7\" data-font=\"Symbol\" data-listid=\"14\" data-list-defn-props=\"{&quot;335552541&quot;:1,&quot;335559685&quot;:720,&quot;335559991&quot;:360,&quot;469769226&quot;:&quot;Symbol&quot;,&quot;469769242&quot;:[8226],&quot;469777803&quot;:&quot;left&quot;,&quot;469777804&quot;:&quot;\uf0b7&quot;,&quot;469777815&quot;:&quot;multilevel&quot;}\" aria-setsize=\"-1\" data-aria-posinset=\"3\" data-aria-level=\"1\">Invertire la perdita di ricerca all&#8217;avanguardia in altre regioni e riportare gli studi clinici in Europa: 60.000 posti sono stati persi nell&#8217;ultimo decennio.<\/li>\n<\/ul>\n<ul>\n<li data-leveltext=\"\uf0b7\" data-font=\"Symbol\" data-listid=\"14\" data-list-defn-props=\"{&quot;335552541&quot;:1,&quot;335559685&quot;:720,&quot;335559991&quot;:360,&quot;469769226&quot;:&quot;Symbol&quot;,&quot;469769242&quot;:[8226],&quot;469777803&quot;:&quot;left&quot;,&quot;469777804&quot;:&quot;\uf0b7&quot;,&quot;469777815&quot;:&quot;multilevel&quot;}\" aria-setsize=\"-1\" data-aria-posinset=\"4\" data-aria-level=\"1\">Rendere i sistemi sanitari pi\u00f9 sostenibili, riducendo l&#8217;onere dei ricoveri e delle malattie croniche.<\/li>\n<\/ul>\n<ul>\n<li data-leveltext=\"\uf0b7\" data-font=\"Symbol\" data-listid=\"14\" data-list-defn-props=\"{&quot;335552541&quot;:1,&quot;335559685&quot;:720,&quot;335559991&quot;:360,&quot;469769226&quot;:&quot;Symbol&quot;,&quot;469769242&quot;:[8226],&quot;469777803&quot;:&quot;left&quot;,&quot;469777804&quot;:&quot;\uf0b7&quot;,&quot;469777815&quot;:&quot;multilevel&quot;}\" aria-setsize=\"-1\" data-aria-posinset=\"5\" data-aria-level=\"1\">Ridurre il divario di investimento con gli Stati Uniti e attirare i miliardi di euro persi nella ricerca, nello sviluppo e nella produzione e nei lavori di alto valore che vanno contemporaneamente.<\/li>\n<\/ul>\n<ul>\n<li data-leveltext=\"\uf0b7\" data-font=\"Symbol\" data-listid=\"14\" data-list-defn-props=\"{&quot;335552541&quot;:1,&quot;335559685&quot;:720,&quot;335559991&quot;:360,&quot;469769226&quot;:&quot;Symbol&quot;,&quot;469769242&quot;:[8226],&quot;469777803&quot;:&quot;left&quot;,&quot;469777804&quot;:&quot;\uf0b7&quot;,&quot;469777815&quot;:&quot;multilevel&quot;}\" aria-setsize=\"-1\" data-aria-posinset=\"6\" data-aria-level=\"1\">Ricostruisci l&#8217;ecosistema dinamico e connesso di piccole biotecnologie, ospedali universitari e accademici, attirare e trattenere i migliori talenti.<\/li>\n<li data-leveltext=\"\uf0b7\" data-font=\"Symbol\" data-listid=\"14\" data-list-defn-props=\"{&quot;335552541&quot;:1,&quot;335559685&quot;:720,&quot;335559991&quot;:360,&quot;469769226&quot;:&quot;Symbol&quot;,&quot;469769242&quot;:[8226],&quot;469777803&quot;:&quot;left&quot;,&quot;469777804&quot;:&quot;\uf0b7&quot;,&quot;469777815&quot;:&quot;multilevel&quot;}\" aria-setsize=\"-1\" data-aria-posinset=\"7\" data-aria-level=\"1\">Garantire che gli strumenti per combattere la prossima minaccia globale per la salute e le nostre sfide sanitarie esistenti possano essere scoperti, sviluppati e fabbricati qui in Europa.<\/li>\n<\/ul>\n<p>Senza un&#8217;azione urgente e decisiva, l&#8217;Europa rischia un continuo esodo di posti di lavoro e investimenti e una continua dipendenza da regioni come gli Stati Uniti e la Cina per l&#8217;innovazione e l&#8217;approvvigionamento medico futuro.<\/p>\n<p><img loading=\"lazy\" decoding=\"async\" class=\" wp-image-82448 alignright\" src=\"https:\/\/www.fedaiisf.it\/wp-content\/uploads\/2025\/06\/Nathalie-Moll-EFPIA.png\" alt=\"\" width=\"204\" height=\"395\" srcset=\"https:\/\/www.fedaiisf.it\/wp-content\/uploads\/2025\/06\/Nathalie-Moll-EFPIA.png 219w, https:\/\/www.fedaiisf.it\/wp-content\/uploads\/2025\/06\/Nathalie-Moll-EFPIA-155x300.png 155w, https:\/\/www.fedaiisf.it\/wp-content\/uploads\/2025\/06\/Nathalie-Moll-EFPIA-6x12.png 6w\" sizes=\"auto, (max-width: 204px) 100vw, 204px\" \/>L&#8217;Europa richiede un cambiamento politico radicale ora:<\/p>\n<ul>\n<li data-leveltext=\"%1.\" data-font=\"\" data-listid=\"19\" data-list-defn-props=\"{&quot;335552541&quot;:0,&quot;335559685&quot;:720,&quot;335559991&quot;:360,&quot;469769242&quot;:[65533,0],&quot;469777803&quot;:&quot;left&quot;,&quot;469777804&quot;:&quot;%1.&quot;,&quot;469777815&quot;:&quot;hybridMultilevel&quot;}\" aria-setsize=\"-1\" data-aria-posinset=\"1\" data-aria-level=\"1\">Aumento significativo della spesa per medicinali innovativi, come investimento nella futura salute e sicurezza economica dell&#8217;Europa.<\/li>\n<\/ul>\n<ul>\n<li data-leveltext=\"%1.\" data-font=\"\" data-listid=\"19\" data-list-defn-props=\"{&quot;335552541&quot;:0,&quot;335559685&quot;:720,&quot;335559991&quot;:360,&quot;469769242&quot;:[65533,0],&quot;469777803&quot;:&quot;left&quot;,&quot;469777804&quot;:&quot;%1.&quot;,&quot;469777815&quot;:&quot;hybridMultilevel&quot;}\" aria-setsize=\"-1\" data-aria-posinset=\"2\" data-aria-level=\"1\">Sviluppare un quadro normativo leader a livello mondiale favorevole all&#8217;innovazione.<\/li>\n<\/ul>\n<ul>\n<li data-leveltext=\"%1.\" data-font=\"\" data-listid=\"19\" data-list-defn-props=\"{&quot;335552541&quot;:0,&quot;335559685&quot;:720,&quot;335559991&quot;:360,&quot;469769242&quot;:[65533,0],&quot;469777803&quot;:&quot;left&quot;,&quot;469777804&quot;:&quot;%1.&quot;,&quot;469777815&quot;:&quot;hybridMultilevel&quot;}\" aria-setsize=\"-1\" data-aria-posinset=\"3\" data-aria-level=\"1\">Elevare la protezione della propriet\u00e0 intellettuale a livelli visti in altre regioni pro-innovazione, compresi gli Stati Uniti<\/li>\n<li data-leveltext=\"%1.\" data-font=\"\" data-listid=\"19\" data-list-defn-props=\"{&quot;335552541&quot;:0,&quot;335559685&quot;:720,&quot;335559991&quot;:360,&quot;469769242&quot;:[65533,0],&quot;469777803&quot;:&quot;left&quot;,&quot;469777804&quot;:&quot;%1.&quot;,&quot;469777815&quot;:&quot;hybridMultilevel&quot;}\" aria-setsize=\"-1\" data-aria-posinset=\"4\" data-aria-level=\"1\">Riaccendere l&#8217;ecosistema europeo delle scienze della vita &#8211; armonizzare le approvazioni degli studi clinici in tutta Europa, sostenere audaci partenariati pubblico-privato e creare ecosistemi di finanziamento dinamici per le PMI biotecnologiche e di scienze della vita europee.<\/li>\n<\/ul>\n<\/section>\n<\/div>\n<p>Stefan Oelrich, presidente dell&#8217;EFPIA, ha dichiarato: \u201cSi \u00e8 arrivato il momento di ripristinare l&#8217;Europa come epicentro globale dell&#8217;innovazione biofarmaceutica. Premendo il pulsante di ripristino sugli sforzi per attirare investimenti; per accelerare il ritmo della traduzione scientifica in medicinali; e per accelerare l&#8217;accesso dei pazienti alle cure, possiamo e costruiremo un ecosistema biofarmaceutico che prosperi in modo sostenibile per la salute e la sicurezza economica degli europei oggi e di domani.\u201d<\/p>\n<div>\n<section>Teresa Graham, primo vicepresidente dell&#8217;EFPIA, ha dichiarato: \u201cLa prosperit\u00e0 futura dell&#8217;Europa dipende da come investiamo nella salute oggi. Sostenere l&#8217;innovazione sanitaria non si tratta solo di rimanere competitivi a livello globale, ma \u00e8 un motore strategico di economie pi\u00f9 forti e di una societ\u00e0 pi\u00f9 resiliente e pronta per il futuro&#8221;.<\/section>\n<\/div>\n<p>Carlos Gallardo, secondo vicepresidente di EFPIA, ha dichiarato: &#8220;Progresscere le scienze della vita \u00e8 la chiave per trovare nuove soluzioni per le sfide della salute e l&#8217;industria farmaceutica traduce queste innovazioni in prodotti di impatto che offrono migliori risultati di salute. Questo settore \u00e8 un contributo fondamentale al futuro dell&#8217;Europa, offrendo salute ai nostri cittadini accelerando l&#8217;accesso a nuovi farmaci e contribuendo alla prosperit\u00e0 economica, alla stabilit\u00e0 e alla leadership educativa. \u00c8 fondamentale che i politici e i legislatori in Europa e nei suoi Stati membri agiscano rapidamente e con decisione ora per garantire la salute e la prosperit\u00e0 dei nostri cittadini per le generazioni a venire&#8221;.<\/p>\n<p>Altre regioni del mondo si stanno muovendo rapidamente, l&#8217;Europa deve agire con decisione e rapidit\u00e0 per attirare investimenti, accelerare la trasformazione di tali investimenti in nuovi trattamenti e garantire che i pazienti in tutta l&#8217;UE vi abbiano accesso.<\/p>\n<p><span style=\"font-size: 24px; font-weight: bold;\">L&#8217;industria farmaceutica in cifre 2025<\/span><\/p>\n<div>\n<ul>\n<li><a href=\"https:\/\/www.efpia.eu\/media\/uj0popel\/the-pharmaceutical-industry-in-figures.pdf\" target=\"_blank\" rel=\"noopener\">2025: l&#8217;industria farmaceutica in cifre<\/a><\/li>\n<\/ul>\n<\/div>\n<p><img loading=\"lazy\" decoding=\"async\" class=\"wp-image-1113 alignleft\" src=\"https:\/\/www.fedaiisf.it\/wp-content\/uploads\/2014\/07\/efpia.jpg\" alt=\"\" width=\"148\" height=\"105\" srcset=\"https:\/\/www.fedaiisf.it\/wp-content\/uploads\/2014\/07\/efpia.jpg 400w, https:\/\/www.fedaiisf.it\/wp-content\/uploads\/2014\/07\/efpia-300x212.jpg 300w\" sizes=\"auto, (max-width: 148px) 100vw, 148px\" \/>Nota: <em>La Federazione europea delle industrie e associazioni farmaceutiche (EFPIA) rappresenta l&#8217;industria biofarmaceutica che opera in Europa. Attraverso la sua adesione diretta a 36 associazioni nazionali, 40 aziende farmaceutiche leader e un numero crescente di piccole e medie imprese (PMI), la missione di EFPIA \u00e8 creare un ambiente collaborativo che consenta ai suoi membri di innovare, scoprire, sviluppare e fornire nuove terapie e vaccini per le persone in tutta Europa, oltre a contribuire all&#8217;economia europea.<\/em><\/p>\n<p>&nbsp;<\/p>\n","protected":false},"excerpt":{"rendered":"<p>La rapida evoluzione della geopolitica offre all&#8217;Europa l&#8217;opportunit\u00e0 di resettare e guidare le scienze della vita globali, afferma il nuovo presidente dell&#8217;EFPIA EFPIA &#8211; 26 giugno 2025 Stefan Oelrich, Presidente della Divisione Farmaceutica di Bayer \u00e8 stato eletto nuovo Presidente della Federazione Europea delle Industrie e Associazioni Farmaceutiche (EFPIA) con Teresa Graham, CEO di Roche &hellip;<\/p>","protected":false},"author":4,"featured_media":19471,"comment_status":"closed","ping_status":"closed","sticky":false,"template":"","format":"standard","meta":{"footnotes":""},"categories":[1],"tags":[50],"class_list":["post-82438","post","type-post","status-publish","format-standard","has-post-thumbnail","hentry","category-notizie","tag-farmindustria"],"amp_enabled":true,"_links":{"self":[{"href":"https:\/\/www.fedaiisf.it\/en\/wp-json\/wp\/v2\/posts\/82438","targetHints":{"allow":["GET"]}}],"collection":[{"href":"https:\/\/www.fedaiisf.it\/en\/wp-json\/wp\/v2\/posts"}],"about":[{"href":"https:\/\/www.fedaiisf.it\/en\/wp-json\/wp\/v2\/types\/post"}],"author":[{"embeddable":true,"href":"https:\/\/www.fedaiisf.it\/en\/wp-json\/wp\/v2\/users\/4"}],"replies":[{"embeddable":true,"href":"https:\/\/www.fedaiisf.it\/en\/wp-json\/wp\/v2\/comments?post=82438"}],"version-history":[{"count":5,"href":"https:\/\/www.fedaiisf.it\/en\/wp-json\/wp\/v2\/posts\/82438\/revisions"}],"predecessor-version":[{"id":82449,"href":"https:\/\/www.fedaiisf.it\/en\/wp-json\/wp\/v2\/posts\/82438\/revisions\/82449"}],"wp:featuredmedia":[{"embeddable":true,"href":"https:\/\/www.fedaiisf.it\/en\/wp-json\/wp\/v2\/media\/19471"}],"wp:attachment":[{"href":"https:\/\/www.fedaiisf.it\/en\/wp-json\/wp\/v2\/media?parent=82438"}],"wp:term":[{"taxonomy":"category","embeddable":true,"href":"https:\/\/www.fedaiisf.it\/en\/wp-json\/wp\/v2\/categories?post=82438"},{"taxonomy":"post_tag","embeddable":true,"href":"https:\/\/www.fedaiisf.it\/en\/wp-json\/wp\/v2\/tags?post=82438"}],"curies":[{"name":"wp","href":"https:\/\/api.w.org\/{rel}","templated":true}]}}