{"id":82475,"date":"2025-06-30T11:44:28","date_gmt":"2025-06-30T09:44:28","guid":{"rendered":"https:\/\/www.fedaiisf.it\/?p=82475"},"modified":"2025-06-30T11:44:28","modified_gmt":"2025-06-30T09:44:28","slug":"ministero-della-salute-e-inail-attivo-il-numero-di-pubblica-utilita-1500-sulle-ondate-di-caldo","status":"publish","type":"post","link":"https:\/\/www.fedaiisf.it\/en\/ministero-della-salute-e-inail-attivo-il-numero-di-pubblica-utilita-1500-sulle-ondate-di-caldo\/","title":{"rendered":"Ministero della Salute e INAIL. Attivo il numero di pubblica utilit\u00e0 1500 sulle ondate di caldo"},"content":{"rendered":"<h3 class=\"title\">Estate 2025, attivo dal 23 giugno il numero di pubblica utilit\u00e0 1500 sulle ondate di calore<\/h3>\n<p><a href=\"https:\/\/www.salute.gov.it\/new\/it\/news-e-media\/notizie\/estate-2025-attivo-dal-23-giugno-il-numero-di-pubblica-utilita-1500-sulle\/\" target=\"_blank\" rel=\"noopener\">Ministry of Health<\/a><\/p>\n<p>Dal 23 giugno \u00e8 attivo <strong>dalle 9 alle 17\u00a0dal luned\u00ec al venerd\u00ec<\/strong>, festivi esclusi, il numero di <img loading=\"lazy\" decoding=\"async\" class=\"wp-image-20399 alignright\" src=\"https:\/\/www.fedaiisf.it\/wp-content\/uploads\/2015\/07\/temperatura.caldo_.jpg\" alt=\"\" width=\"333\" height=\"147\" srcset=\"https:\/\/www.fedaiisf.it\/wp-content\/uploads\/2015\/07\/temperatura.caldo_.jpg 680w, https:\/\/www.fedaiisf.it\/wp-content\/uploads\/2015\/07\/temperatura.caldo_-300x132.jpg 300w\" sizes=\"auto, (max-width: 333px) 100vw, 333px\" \/>pubblica utilit\u00e0 1500, un servizio gratuito, che consente ai cittadini di ricevere informazioni su come affrontare il caldo e indicazioni utili sui servizi socio sanitari presenti sul territorio nazionale. Il servizio, come lo scorso anno, \u00e8 in sinergia\u00a0con l&#8217;Istituto nazionale per l&#8217;assicurazione contro gli infortuni sul lavoro &#8211; <a id=\"\" class=\"\" title=\"inail\" href=\"https:\/\/www.inail.it\/portale\/it.html\" target=\"_blank\" rel=\"noopener nopener noreferrer\" aria-label=\"INAIL - Sito esterno - Apertura in una nuova finestra\">INAIL<\/a>.<\/p>\n<p>Il 1500 offre le seguenti informazioni:<\/p>\n<ul>\n<li>consigli utili per la prevenzione degli effetti del caldo sulla salute, con particolare riferimento alle persone pi\u00f9 fragili<\/li>\n<li>informazioni sulle previsioni del sistema di sorveglianza delle ondate di calore del Ministero della Salute<\/li>\n<li>orientamento ai servizi sul territorio attivati dalle Regioni e dai Comuni<\/li>\n<li>informazioni sul sistema di allerta sui rischi dovuti al caldo per la salute e la sicurezza dei lavoratori, predisposto da INAIL, in collaborazione con il\u00a0<a id=\"\" class=\"\" title=\"https:\/\/www.ibe.cnr.it\/\" href=\"https:\/\/www.ibe.cnr.it\/\" target=\"_blank\" rel=\"noopener\" aria-label=\"CNR-IBE - Sito esterno - Apertura in una nuova finestra\">CNR-IBE<\/a>, nell\u2019ambito del progetto\u00a0<a id=\"\" class=\"\" title=\"https:\/\/www.worklimate.it\/\" href=\"https:\/\/www.worklimate.it\/\" target=\"_blank\" rel=\"noopener\" aria-label=\"Worklimate\"><em>Worklimate<\/em><\/a><\/li>\n<li>norme e linee guida per la tutela della salute dei lavoratori <em>outdoor <\/em>dall\u2019esposizione solare<\/li>\n<li>corretta informazione per orientare e risolvere, ove possibile, eventuali situazioni di disagio<\/li>\n<li><em>counseling<\/em> di tipo medico sanitario, attraverso la collaborazione dei dirigenti sanitari del Ministero della Salute, che assicurano il presidio di un secondo livello di risposta.<\/li>\n<\/ul>\n<p>Il 1500 si aggiunge alle attivit\u00e0 gi\u00e0 messe in campo dal Ministero della Salute con il Piano Caldo Estate 2025, operativo dal 26 maggio, per la prevenzione degli effetti negativi del caldo sulla salute, con particolare attenzione alle persone pi\u00f9 fragili.<\/p>\n<p>Dal luned\u00ec al venerd\u00ec, fino a met\u00e0 settembre, si possono consultare sul sito tematico\u00a0<a id=\"\" class=\"\" title=\"sito ondate di calore\" href=\"https:\/\/www.salute.gov.it\/new\/it\/tema\/ondate-di-calore\/\" target=\"_blank\" rel=\"noopener\" aria-label=\"\">Ondate di calore<\/a> del Ministero i <a id=\"\" class=\"\" title=\"bollettini ondate di calore\" href=\"https:\/\/www.salute.gov.it\/new\/it\/tema\/ondate-di-calore\/bollettini-sulle-ondate-di-calore-0\/?tema=Ondate+di+calore\" target=\"_blank\" rel=\"noopener\" aria-label=\"\">bollettini sulle ondate di calore<\/a>, elaborati dal <a id=\"\" class=\"\" title=\"sito DEP Lazio\" href=\"https:\/\/deplazio.it\/\" target=\"_blank\" rel=\"noopener\" aria-label=\"Dipartimento di Epidemiologia SSR Regione Lazio - Sito esterno - Apertura in una nuova finestra\">Dipartimento di Epidemiologia SSR Regione Lazio<\/a>, nell&#8217;ambito del Sistema operativo nazionale di previsione e prevenzione degli effetti del caldo sulla salute, coordinato dal Ministero.<\/p>\n<p><img loading=\"lazy\" decoding=\"async\" class=\"wp-image-72769 alignleft\" src=\"https:\/\/www.fedaiisf.it\/wp-content\/uploads\/2023\/07\/locandina-caldo.png\" alt=\"\" width=\"393\" height=\"556\" srcset=\"https:\/\/www.fedaiisf.it\/wp-content\/uploads\/2023\/07\/locandina-caldo.png 536w, https:\/\/www.fedaiisf.it\/wp-content\/uploads\/2023\/07\/locandina-caldo-212x300.png 212w, https:\/\/www.fedaiisf.it\/wp-content\/uploads\/2023\/07\/locandina-caldo-8x12.png 8w\" sizes=\"auto, (max-width: 393px) 100vw, 393px\" \/>Il Sistema si avvale del <a id=\"\" class=\"\" title=\"sorveglianza mortalit\u00e0 giornaliera\" href=\"https:\/\/www.salute.gov.it\/new\/it\/tema\/ondate-di-calore\/sistema-di-sorveglianza-mortalita-giornaliera\/?paragraph=0\" target=\"_blank\" rel=\"noopener\" aria-label=\"\">Sistema di Sorveglianza della Mortalit\u00e0 giornaliera (SiSMG)<\/a>a supporto dell\u2019attivit\u00e0 di sorveglianza e monitoraggio degli eventi sanitari associati alle ondate di calore e ad altri eventi meteorologici estremi in 55 citt\u00e0, che, unitamente al <a id=\"\" class=\"\" title=\"sistema accessi PS\" href=\"https:\/\/www.salute.gov.it\/new\/it\/tema\/ondate-di-calore\/sistema-di-sorveglianza-accessi-pronto-soccorso\/\" target=\"_blank\" rel=\"noopener\" aria-label=\"\">Sistema di sorveglianza degli accessi in Pronto Soccorso<\/a>, riveste un\u2019importanza strategica per il Ministero della Salute per identificare tempestivamente situazioni di emergenza sanitaria e attivare interventi di prevenzione sulla popolazione.<\/p>\n<p>Sul sito tematico\u00a0Ondate di calore \u00e8 possibile acquisire anche:<\/p>\n<ul>\n<li><a id=\"\" class=\"\" title=\"cosa fare\" href=\"https:\/\/www.salute.gov.it\/new\/it\/tema\/ondate-di-calore\/chi-rischia-di-piu\/\" target=\"_blank\" rel=\"noopener\" aria-label=\"\">misure da adottare per prevenire i rischi per la salute legati al caldo<\/a><\/li>\n<li><a id=\"\" class=\"\" title=\"apre nuova finestra\" href=\"https:\/\/www.salute.gov.it\/new\/it\/tema\/ondate-di-calore\/servizi-sul-territorio\/\" target=\"_blank\" rel=\"noopener\" aria-label=\"\">numeri verdi utili e servizi socio-sanitari<\/a> attivati sul territorio nazionale da ASL e Comuni nell&#8217;estate 2025<\/li>\n<li><a id=\"\" class=\"\" title=\"linee guida e raccomandazioni\" href=\"https:\/\/www.salute.gov.it\/new\/it\/tema\/ondate-di-calore\/linee-guida-e-raccomandazioni\/\" target=\"_blank\" rel=\"noopener\" aria-label=\"\">linee guida e raccomandazioni<\/a> And <a id=\"\" class=\"\" title=\"opuscoli caldo\" href=\"https:\/\/www.salute.gov.it\/new\/it\/sezione\/prodotti-editoriali\/?tema=Ondate+di+calore\" target=\"_blank\" rel=\"noopener\" aria-label=\"\">opuscoli sul caldo<\/a>.<\/li>\n<\/ul>\n<h4>to know more<\/h4>\n<ul>\n<li><a id=\"\" class=\"\" title=\"circolare caldo\" href=\"https:\/\/www.trovanorme.salute.gov.it\/norme\/renderNormsanPdf?anno=2025&amp;codLeg=106356&amp;parte=1%20&amp;serie=null\" target=\"_blank\" rel=\"noopener\" aria-label=\"Circolare 23 maggio 2025 n. 2557 - Sito esterno - Apertura in una nuova finestra\">Circolare 23 maggio 2025 n. 2557<\/a> &#8211; Sistema operativo nazionale di previsione e prevenzione degli effetti del caldo sulla salute &#8211; Attivit\u00e0 2025<\/li>\n<li><a id=\"\" class=\"\" title=\"spot tv proteggiamoci dal caldo\" href=\"https:\/\/www.salute.gov.it\/new\/it\/multimedia\/campagna-2025-proteggiamoci-dal-caldo-spot-tv\/\" target=\"_blank\" rel=\"noopener\" aria-label=\"\">Spot TV &#8220;Proteggiamoci dal caldo&#8221;<\/a><\/li>\n<\/ul>\n<p>Related news: <a href=\"https:\/\/www.inail.it\/portale\/it\/inail-comunica\/news\/notizia.2025.06.ondate-di-calore-dal-23-giugno---attivo-il-numero-di-pubblica-utilit--1500.html\" target=\"_blank\" rel=\"noopener\">INAIL. Ondate di calore, dal 23 giugno \u00e8 attivo il numero di pubblica utilit\u00e0 1500<\/a><\/p>\n<hr \/>\n<p>Related news: <a href=\"https:\/\/www.fedaiisf.it\/en\/fedaiisf-norme-per-conservazione-consegna-dei-campioni-medicinali\/\" target=\"_blank\" rel=\"noopener\"><strong>Allarme caldo. Norme per gli ISF per la conservazione e il trasporto dei campioni medicinali<\/strong><\/a><\/p>\n<p style=\"font-weight: 400;\">","protected":false},"excerpt":{"rendered":"<p>Estate 2025, attivo dal 23 giugno il numero di pubblica utilit\u00e0 1500 sulle ondate di calore Ministero della Salute Dal 23 giugno \u00e8 attivo dalle 9 alle 17\u00a0dal luned\u00ec al venerd\u00ec, festivi esclusi, il numero di pubblica utilit\u00e0 1500, un servizio gratuito, che consente ai cittadini di ricevere informazioni su come affrontare il caldo e &hellip;<\/p>","protected":false},"author":4,"featured_media":82479,"comment_status":"closed","ping_status":"closed","sticky":false,"template":"","format":"standard","meta":{"footnotes":""},"categories":[1],"tags":[],"class_list":["post-82475","post","type-post","status-publish","format-standard","has-post-thumbnail","hentry","category-notizie"],"amp_enabled":true,"_links":{"self":[{"href":"https:\/\/www.fedaiisf.it\/en\/wp-json\/wp\/v2\/posts\/82475","targetHints":{"allow":["GET"]}}],"collection":[{"href":"https:\/\/www.fedaiisf.it\/en\/wp-json\/wp\/v2\/posts"}],"about":[{"href":"https:\/\/www.fedaiisf.it\/en\/wp-json\/wp\/v2\/types\/post"}],"author":[{"embeddable":true,"href":"https:\/\/www.fedaiisf.it\/en\/wp-json\/wp\/v2\/users\/4"}],"replies":[{"embeddable":true,"href":"https:\/\/www.fedaiisf.it\/en\/wp-json\/wp\/v2\/comments?post=82475"}],"version-history":[{"count":5,"href":"https:\/\/www.fedaiisf.it\/en\/wp-json\/wp\/v2\/posts\/82475\/revisions"}],"predecessor-version":[{"id":82481,"href":"https:\/\/www.fedaiisf.it\/en\/wp-json\/wp\/v2\/posts\/82475\/revisions\/82481"}],"wp:featuredmedia":[{"embeddable":true,"href":"https:\/\/www.fedaiisf.it\/en\/wp-json\/wp\/v2\/media\/82479"}],"wp:attachment":[{"href":"https:\/\/www.fedaiisf.it\/en\/wp-json\/wp\/v2\/media?parent=82475"}],"wp:term":[{"taxonomy":"category","embeddable":true,"href":"https:\/\/www.fedaiisf.it\/en\/wp-json\/wp\/v2\/categories?post=82475"},{"taxonomy":"post_tag","embeddable":true,"href":"https:\/\/www.fedaiisf.it\/en\/wp-json\/wp\/v2\/tags?post=82475"}],"curies":[{"name":"wp","href":"https:\/\/api.w.org\/{rel}","templated":true}]}}