{"id":82567,"date":"2025-07-04T18:27:08","date_gmt":"2025-07-04T16:27:08","guid":{"rendered":"https:\/\/www.fedaiisf.it\/?p=82567"},"modified":"2025-07-04T18:27:08","modified_gmt":"2025-07-04T16:27:08","slug":"quattro-giovani-italiani-su-dieci-affermano-di-non-sapere-cosa-sia-la-ricerca-clinica","status":"publish","type":"post","link":"https:\/\/www.fedaiisf.it\/en\/quattro-giovani-italiani-su-dieci-affermano-di-non-sapere-cosa-sia-la-ricerca-clinica\/","title":{"rendered":"Quattro giovani italiani su dieci affermano di non sapere cosa sia la ricerca clinica"},"content":{"rendered":"<h3 class=\"BaseWrap-sc-gjQpdd BaseText-ewhhUZ ContentHeaderHed-NCyCC iUEiRd dCBpvp kctZMs\" data-testid=\"ContentHeaderHed\">Ricerca clinica, i giovani italiani temono che il contesto nazionale la ostacoli ma hanno fiducia nelle sue potenzialit\u00e0<\/h3>\n<p>Secondo l&#8217;indagine \u201cScienza e salute: la voce dei giovani\u201d, burocrazia, costi e scarsi livelli di digitalizzazione sono percepiti come limiti. Ma non manca una visione positiva sulle <img loading=\"lazy\" decoding=\"async\" class=\"wp-image-31367 alignright\" src=\"https:\/\/www.fedaiisf.it\/wp-content\/uploads\/2017\/05\/novartis.ricerca.jpg\" alt=\"\" width=\"239\" height=\"159\" srcset=\"https:\/\/www.fedaiisf.it\/wp-content\/uploads\/2017\/05\/novartis.ricerca.jpg 640w, https:\/\/www.fedaiisf.it\/wp-content\/uploads\/2017\/05\/novartis.ricerca-300x200.jpg 300w, https:\/\/www.fedaiisf.it\/wp-content\/uploads\/2017\/05\/novartis.ricerca-274x183.jpg 274w, https:\/\/www.fedaiisf.it\/wp-content\/uploads\/2017\/05\/novartis.ricerca-80x54.jpg 80w, https:\/\/www.fedaiisf.it\/wp-content\/uploads\/2017\/05\/novartis.ricerca-130x87.jpg 130w, https:\/\/www.fedaiisf.it\/wp-content\/uploads\/2017\/05\/novartis.ricerca-359x240.jpg 359w, https:\/\/www.fedaiisf.it\/wp-content\/uploads\/2017\/05\/novartis.ricerca-85x57.jpg 85w, https:\/\/www.fedaiisf.it\/wp-content\/uploads\/2017\/05\/novartis.ricerca-546x365.jpg 546w, https:\/\/www.fedaiisf.it\/wp-content\/uploads\/2017\/05\/novartis.ricerca-165x109.jpg 165w, https:\/\/www.fedaiisf.it\/wp-content\/uploads\/2017\/05\/novartis.ricerca-347x233.jpg 347w, https:\/\/www.fedaiisf.it\/wp-content\/uploads\/2017\/05\/novartis.ricerca-112x75.jpg 112w, https:\/\/www.fedaiisf.it\/wp-content\/uploads\/2017\/05\/novartis.ricerca-179x120.jpg 179w, https:\/\/www.fedaiisf.it\/wp-content\/uploads\/2017\/05\/novartis.ricerca-170x113.jpg 170w, https:\/\/www.fedaiisf.it\/wp-content\/uploads\/2017\/05\/novartis.ricerca-81x55.jpg 81w, https:\/\/www.fedaiisf.it\/wp-content\/uploads\/2017\/05\/novartis.ricerca-765x510.jpg 765w\" sizes=\"auto, (max-width: 239px) 100vw, 239px\" \/>potenzialit\u00e0 al fine di incidere sulle malattie incurabili entro cinque anni<\/p>\n<p><a href=\"https:\/\/www.wired.it\/article\/ricerca-clinica-giovani-italiani-temono-contesto-nazionale-ostacoli-fiducia-potenzialita\/\" target=\"_blank\" rel=\"noopener\">wired &#8211; 4 luglio 2025<\/a><\/p>\n<p>Quattro giovani italiani su dieci <strong>affermano di non sapere cosa sia la ricerca clinica<\/strong> mentre poco pi\u00f9 del 45% ritiene che il rallentamento della stessa possa essere un fattore di rischio per il peggioramento della <a href=\"https:\/\/www.wired.it\/topic\/salute\/\" target=\"_blank\" rel=\"noopener\">Health<\/a> dei connazionali nei prossimi 5-10 anni.<\/p>\n<p>Sono due tra i dati pi\u00f9 interessanti che emergono dall&#8217;indagine <em><strong>\u201cScienza e salute: la voce dei giovani\u201d<\/strong><\/em>promossa da <strong>Novartis<\/strong> a giugno 2025 (su un campione di 1005 italiani tra i 25 e i 65 anni, <strong>il campione include 500 under 40<\/strong> e 500 over 40, ndr). I margini di miglioramento, sia in termini di una maggiore informazione che di consapevolezza sulle ricadute di una frenata, sono quindi ampi e la speranza \u00e8 che i gap conoscitivi si chiudano a vantaggio di una conoscenza pi\u00f9 generale e sentita.<\/p>\n<p>Tuttavia, emergono anche aspetti positivi, come la fiducia sul fatto che la ricerca clinica possa portare risultati (74,4%) e che sia lo strumento con cui <strong>sar\u00e0 possibile curare entro cinque anni una malattia attualmente incurabile<\/strong> (lo pensano 3 giovani su 4).<\/p>\n<p>Il rallentamento o le difficolt\u00e0 di fare ricerca, secondo i soggetti indagati, toccherebbe ovviamente in primis i pazienti e si tradurrebbe anche in un minor accesso ai trattamenti ma la preoccupazione dei giovani, per pi\u00f9 di 1 su 2, si allarga anche al mondo del lavoro. Il richiamo va <strong>alla perdita di opportunit\u00e0 per i giovani ricercatori<\/strong>(35,9%) ma anche ai minor investimenti nelle <a href=\"https:\/\/www.wired.it\/topic\/lavoro\/\" target=\"_blank\" rel=\"noopener\">professioni <\/a>del futuro (29,8%).<\/p>\n<p><img loading=\"lazy\" decoding=\"async\" class=\"wp-image-82569 alignleft\" src=\"https:\/\/www.fedaiisf.it\/wp-content\/uploads\/2025\/07\/novartis-sound.png\" alt=\"\" width=\"289\" height=\"180\" srcset=\"https:\/\/www.fedaiisf.it\/wp-content\/uploads\/2025\/07\/novartis-sound.png 1088w, https:\/\/www.fedaiisf.it\/wp-content\/uploads\/2025\/07\/novartis-sound-300x187.png 300w, https:\/\/www.fedaiisf.it\/wp-content\/uploads\/2025\/07\/novartis-sound-1024x638.png 1024w, https:\/\/www.fedaiisf.it\/wp-content\/uploads\/2025\/07\/novartis-sound-768x479.png 768w, https:\/\/www.fedaiisf.it\/wp-content\/uploads\/2025\/07\/novartis-sound-18x12.png 18w\" sizes=\"auto, (max-width: 289px) 100vw, 289px\" \/>La ricerca viene presentata nell&#8217;ambito di <em><strong>\u201cSound of Science (il futuro della salute cambia musica\u201d)<\/strong><\/em>, a <a class=\"external-link\" href=\"https:\/\/soundofscience.it\/\" target=\"_blank\" rel=\"nofollow noopener\" data-offer-url=\"https:\/\/soundofscience.it\/\" data-event-click=\"{&quot;pattern&quot;:&quot;ExternalLink&quot;}\" data-event-boundary=\"click\" data-in-view=\"{&quot;pattern&quot;:&quot;ExternalLink&quot;}\" data-include-experiments=\"true\">appuntamento<\/a> in programma oggi 4 luglio a Palazzo della Regione Lombardia. Il programma di giornata prevede confronti su temi nodali per il futuro dei sistemi sanitari: si parler\u00e0 di <strong>Innovazione: valore per il paese e per i pazienti<\/strong> e quindi della ricerca come asset essenziale per Italia ed Europa nella partita della competizione globale; e poi ancora di <strong>nuovi modelli di collaborazione per un sistema sanitario evoluto<\/strong>, con nuove soluzioni per le sfide sanitarie che emergono dalla messa in comune delle competenze; e infine il ruolo dell&#8217;<strong>innovazione in sanit\u00e0<\/strong> (oltre il farmaco, nuovi approcci e tecnologie guidano l&#8217;evoluzione della cura).<\/p>\n<p>Il focus molto accentuato sull&#8217;innovazione porta ovviamente la discussione anche sul piano degli investimenti e dell&#8217;attrazione di capitali e chiama in causa il contesto geopolitico, con tutte le complessit\u00e0 della fase attuale. Anche su questo fronte, il parallelo con altre realt\u00e0 non manca e anche elevando il discorso a un livello continentale, uscendo quindi dalla logica nazionale, il rischio \u00e8 di limitarsi a rincorrere.<\/p>\n<p>L&#8217;evento <em>\u201cSound of Science&#8221;<\/em> casca inoltre a pochi giorni <a href=\"https:\/\/commission.europa.eu\/news-and-media\/news\/making-europe-global-leader-life-sciences-2025-07-02_en?prefLang=it&amp;etrans=it\" target=\"_blank\" rel=\"noopener\">dall&#8217;annuncio<\/a> della Commissione Europea sul lancio di una nuova strategia <em>\u201cper rendere l&#8217;Europa il luogo pi\u00f9 attraente al mondo per le scienze della vita entro il 2030\u201d<\/em>. La Commissione, <a href=\"https:\/\/ec.europa.eu\/commission\/presscorner\/detail\/it\/ip_25_1686\" target=\"_blank\" rel=\"noopener\">come da annunci<\/a>, elaborer\u00e0 un <strong>piano di investimenti dell&#8217;UE<\/strong> per agevolare il finanziamento delle sperimentazioni cliniche multinazionali e <strong>rafforzare le infrastrutture europee di ricerca clinica<\/strong>.<\/p>\n<p>L&#8217;annuncio <a class=\"external-link\" href=\"https:\/\/www.efpia.eu\/news-events\/the-efpia-view\/statements-press-releases\/eu-life-science-strategy-a-springboard-for-european-life-sciences\/\" target=\"_blank\" rel=\"nofollow noopener\" data-offer-url=\"https:\/\/www.efpia.eu\/news-events\/the-efpia-view\/statements-press-releases\/eu-life-science-strategy-a-springboard-for-european-life-sciences\/\" data-event-click=\"{&quot;pattern&quot;:&quot;ExternalLink&quot;}\" data-event-boundary=\"click\" data-in-view=\"{&quot;pattern&quot;:&quot;ExternalLink&quot;}\" data-include-experiments=\"true\">\u00e8 stato salutato<\/a> positivamente, ad esempio, dall&#8217;Efpia, la Federazione europea dell&#8217;associazione e dell&#8217;industrie farmaceutiche, che sottolinea come <em>\u201cl&#8217;attenzione <strong>rivolta a semplificare la conduzione di sperimentazioni cliniche in tutta Europa<\/strong> \u00e8 fondamentale per aumentare il numero di posti disponibili per i cittadini europei\u201d<\/em>. Il fattore dell&#8217;attrazione degli investimenti e della capacit\u00e0 di convertire gli stessi in trattamenti \u00e8 cruciale, diversamente i pazienti italiani ed europei non accedono allo stesso ritmo di altre regioni alle opzioni per la cura.<\/p>\n<p>La discussione di scena a <a class=\"external-link\" href=\"https:\/\/soundofscience.it\/\" target=\"_blank\" rel=\"nofollow noopener\" data-offer-url=\"https:\/\/soundofscience.it\/\" data-event-click=\"{&quot;pattern&quot;:&quot;ExternalLink&quot;}\" data-event-boundary=\"click\" data-in-view=\"{&quot;pattern&quot;:&quot;ExternalLink&quot;}\" data-include-experiments=\"true\">\u201cSound of Science&#8221;<\/a> terr\u00e0 ovviamente conto di questo e molti altri aspetti, bilanciando il piano italiano, quello continentale e quello globale.<\/p>\n<p>Di certo, come conferma anche l&#8217;indagine <strong>\u201cScienza e salute: la voce dei giovani\u201d<\/strong>, la fiducia nella <a href=\"https:\/\/www.wired.it\/scienza\/\" target=\"_blank\" rel=\"noopener\">capacit\u00e0 interna<\/a> di fare ricerca non manca: il 44% dei giovani intervistati pensa che i ricercatori italiani <strong>abbiano anche qualcosa in pi\u00f9 rispetto agli altri paesi<\/strong>. Tuttavia, gli intervistati temono anche che il contesto possa limitare i professionisti, rendendo complicato il lavoro di ricerca clinica. Secondo il sentiment dell&#8217;indagine, a pesare sono la burocrazia che limita il coinvolgimento dei persone e la lentezza delle autorizzazioni (55,2%) ma anche costi alti rispetto ad altre nazioni (31,1%) <strong>e scarso livello di digitalizzazione e infrastruttura tech<\/strong> (24,2%).<\/p>\n<p><img loading=\"lazy\" decoding=\"async\" class=\"wp-image-82570 alignright\" src=\"https:\/\/www.fedaiisf.it\/wp-content\/uploads\/2025\/07\/Confalone-Novartis.png\" alt=\"\" width=\"232\" height=\"171\" srcset=\"https:\/\/www.fedaiisf.it\/wp-content\/uploads\/2025\/07\/Confalone-Novartis.png 712w, https:\/\/www.fedaiisf.it\/wp-content\/uploads\/2025\/07\/Confalone-Novartis-300x222.png 300w, https:\/\/www.fedaiisf.it\/wp-content\/uploads\/2025\/07\/Confalone-Novartis-16x12.png 16w\" sizes=\"auto, (max-width: 232px) 100vw, 232px\" \/>Le soluzioni esistono, come commenta <strong>Valentino Confalone<\/strong>, Amministratore Delegato di Novartis Italia: \u201c<em>Crediamo nel nostro Paese e nella sua eccellenza nella ricerca medico-scientifica, per continuare a portare innovazione ai pazienti italiani. Ora \u00e8 il tempo di cambiare passo e superare gli ostacoli che ritardano l\u2019accesso all\u2019innovazione per i pazienti e limitano la crescita del settore, non riconoscendone il valore. Serve una transizione verso un nuovo modello integrato di gestione delle risorse sanitarie, incentrato sui percorsi di cura e sulla centralit\u00e0 dei dati, per superare l\u2019attuale gestione a silos della spesa sanitaria e i suoi meccanismi distorti di finanziamento. Il nostro impegno si concentra alla frontiera dell\u2019innovazione e ci vede lavorare al fianco di tutti gli attori del sistema salute, per favorire l\u2019emergere di nuovi modelli e di nuove competenze\u201d.<\/em><\/p>\n<p>Related news: <a href=\"https:\/\/www.ilsole24ore.com\/radiocor\/nRC_04.07.2025_16.44_438\" target=\"_blank\" rel=\"noopener\">Novartis Italia: entro il 2028 investira&#8217; oltre 150 milioni in ricerca e sviluppo<\/a><\/p>\n<p><a href=\"https:\/\/www.fortuneita.com\/2025\/07\/04\/novartis-investe-150-mln-in-italia-confalone-e-il-tempo-del-coraggio\/\" target=\"_blank\" rel=\"noopener\">Intervista a Confalone<\/a><\/p>","protected":false},"excerpt":{"rendered":"<p>Ricerca clinica, i giovani italiani temono che il contesto nazionale la ostacoli ma hanno fiducia nelle sue potenzialit\u00e0 Secondo l&#8217;indagine \u201cScienza e salute: la voce dei giovani\u201d, burocrazia, costi e scarsi livelli di digitalizzazione sono percepiti come limiti. Ma non manca una visione positiva sulle potenzialit\u00e0 al fine di incidere sulle malattie incurabili entro cinque &hellip;<\/p>","protected":false},"author":4,"featured_media":82572,"comment_status":"closed","ping_status":"closed","sticky":false,"template":"","format":"standard","meta":{"footnotes":""},"categories":[1],"tags":[54],"class_list":["post-82567","post","type-post","status-publish","format-standard","has-post-thumbnail","hentry","category-notizie","tag-marketing"],"amp_enabled":true,"_links":{"self":[{"href":"https:\/\/www.fedaiisf.it\/en\/wp-json\/wp\/v2\/posts\/82567","targetHints":{"allow":["GET"]}}],"collection":[{"href":"https:\/\/www.fedaiisf.it\/en\/wp-json\/wp\/v2\/posts"}],"about":[{"href":"https:\/\/www.fedaiisf.it\/en\/wp-json\/wp\/v2\/types\/post"}],"author":[{"embeddable":true,"href":"https:\/\/www.fedaiisf.it\/en\/wp-json\/wp\/v2\/users\/4"}],"replies":[{"embeddable":true,"href":"https:\/\/www.fedaiisf.it\/en\/wp-json\/wp\/v2\/comments?post=82567"}],"version-history":[{"count":3,"href":"https:\/\/www.fedaiisf.it\/en\/wp-json\/wp\/v2\/posts\/82567\/revisions"}],"predecessor-version":[{"id":82573,"href":"https:\/\/www.fedaiisf.it\/en\/wp-json\/wp\/v2\/posts\/82567\/revisions\/82573"}],"wp:featuredmedia":[{"embeddable":true,"href":"https:\/\/www.fedaiisf.it\/en\/wp-json\/wp\/v2\/media\/82572"}],"wp:attachment":[{"href":"https:\/\/www.fedaiisf.it\/en\/wp-json\/wp\/v2\/media?parent=82567"}],"wp:term":[{"taxonomy":"category","embeddable":true,"href":"https:\/\/www.fedaiisf.it\/en\/wp-json\/wp\/v2\/categories?post=82567"},{"taxonomy":"post_tag","embeddable":true,"href":"https:\/\/www.fedaiisf.it\/en\/wp-json\/wp\/v2\/tags?post=82567"}],"curies":[{"name":"wp","href":"https:\/\/api.w.org\/{rel}","templated":true}]}}