{"id":82574,"date":"2025-07-04T19:28:20","date_gmt":"2025-07-04T17:28:20","guid":{"rendered":"https:\/\/www.fedaiisf.it\/?p=82574"},"modified":"2025-07-08T11:15:09","modified_gmt":"2025-07-08T09:15:09","slug":"eurostat-in-europa-11-milioni-di-morti-evitabili-i-mancati-investimenti-e-i-tagli-alla-sanita-mietono-vittime-nel-vecchio-continente","status":"publish","type":"post","link":"https:\/\/www.fedaiisf.it\/en\/eurostat-in-europa-11-milioni-di-morti-evitabili-i-mancati-investimenti-e-i-tagli-alla-sanita-mietono-vittime-nel-vecchio-continente\/","title":{"rendered":"Eurostat. In Europa 1,1 milioni di morti evitabili. I mancati investimenti e i tagli alla sanit\u00e0 mietono vittime nel vecchio continente."},"content":{"rendered":"<p><em>Il concetto di mortalit\u00e0 curabile e prevenibile si basa sull&#8217;idea che alcuni decessi potrebbero essere &#8220;evitati&#8221; tra le persone di et\u00e0 inferiore ai 75 anni. Queste morti evitabili non si sarebbero verificate in questa fase se ci fossero stati interventi di salute pubblica e\/o medici pi\u00f9 efficaci.<\/em><\/p>\n<p><a href=\"https:\/\/ec.europa.eu\/eurostat\/web\/products-eurostat-news\/w\/ddn-20250630-1\" target=\"_blank\" rel=\"noopener\">Eurosat &#8211; 30 giugno 2025<\/a><\/p>\n<p class=\"ecl-u-type-paragraph\"><img loading=\"lazy\" decoding=\"async\" class=\"wp-image-79506 alignright\" src=\"https:\/\/www.fedaiisf.it\/wp-content\/uploads\/2024\/12\/risparmio-farmaci.jpg\" alt=\"\" width=\"252\" height=\"103\" srcset=\"https:\/\/www.fedaiisf.it\/wp-content\/uploads\/2024\/12\/risparmio-farmaci.jpg 1100w, https:\/\/www.fedaiisf.it\/wp-content\/uploads\/2024\/12\/risparmio-farmaci-300x123.jpg 300w, https:\/\/www.fedaiisf.it\/wp-content\/uploads\/2024\/12\/risparmio-farmaci-1024x419.jpg 1024w, https:\/\/www.fedaiisf.it\/wp-content\/uploads\/2024\/12\/risparmio-farmaci-768x314.jpg 768w, https:\/\/www.fedaiisf.it\/wp-content\/uploads\/2024\/12\/risparmio-farmaci-18x7.jpg 18w\" sizes=\"auto, (max-width: 252px) 100vw, 252px\" \/>Nel 2022, 1,1 milioni di decessi tra le persone di et\u00e0 inferiore ai 75 anni nell&#8217;UE &#8211; equivalente al <a class=\"ecl-link\" href=\"https:\/\/ec.europa.eu\/eurostat\/statistics-explained\/index.php?title=Glossary:Standardised_death_rate_(SDR)\" target=\"_blank\" rel=\"noopener\">tasso di mortalit\u00e0 standardizzato <\/a>di 257,8 decessi per 100 000 abitanti &#8211; sono stati considerati evitabili con il trattamento precoce o la prevenzione delle malattie. Questa cifra include 386 710 decessi per malattie curabili, che avrebbero potuto essere evitate attraverso un&#8217;assistenza<a class=\"ecl-link\" href=\"https:\/\/ec.europa.eu\/eurostat\/statistics-explained\/index.php?title=Glossary:Healthcare\" target=\"_blank\" rel=\"noopener\"> sanitaria <\/a>di alta qualit\u00e0, nonch\u00e9 725 625 decessi per malattie prevenibili, che avrebbero potuto essere evitate attraverso efficaci interventi di sanit\u00e0 pubblica. Il tasso di mortalit\u00e0 standardizzato nel 2022 \u00e8 stato di 89,7 per 100 000 abitanti per i decessi derivanti da malattie e condizioni curabili e 168,1 per quelle prevenibili.<\/p>\n<p class=\"ecl-u-type-paragraph\">La causa pi\u00f9 comune di morte per malattie e condizioni curabili \u00e8 stata la cardiopatia ischemica con 77.704 decessi (17,9 per 100 000 abitanti), seguita dal cancro del colon-retto con 57 476 (13,2 per 100 000 abitanti) e dal cancro al seno nelle donne con 40 970 (9,5 per 100 000 abitanti) decessi.<\/p>\n<p class=\"ecl-u-type-paragraph\">Per le malattie prevenibili, le cause di morte pi\u00f9 comuni erano il cancro ai polmoni con 136 199 (31,2 per 100 000 abitanti), la cardiopatia ischemica con 77 704 decessi (17,9 per 100 000 abitanti) e il COVID-19 con 71 919 decessi (16,6 per 100 000 abitanti).<\/p>\n<p class=\"ecl-u-type-paragraph\"><img loading=\"lazy\" decoding=\"async\" class=\"wp-image-82575 aligncenter\" src=\"https:\/\/www.fedaiisf.it\/wp-content\/uploads\/2025\/07\/eurostat-mortalita.png\" alt=\"\" width=\"596\" height=\"333\" srcset=\"https:\/\/www.fedaiisf.it\/wp-content\/uploads\/2025\/07\/eurostat-mortalita.png 1834w, https:\/\/www.fedaiisf.it\/wp-content\/uploads\/2025\/07\/eurostat-mortalita-300x168.png 300w, https:\/\/www.fedaiisf.it\/wp-content\/uploads\/2025\/07\/eurostat-mortalita-1024x572.png 1024w, https:\/\/www.fedaiisf.it\/wp-content\/uploads\/2025\/07\/eurostat-mortalita-768x429.png 768w, https:\/\/www.fedaiisf.it\/wp-content\/uploads\/2025\/07\/eurostat-mortalita-1536x858.png 1536w, https:\/\/www.fedaiisf.it\/wp-content\/uploads\/2025\/07\/eurostat-mortalita-18x10.png 18w\" sizes=\"auto, (max-width: 596px) 100vw, 596px\" \/>Nel 2022, il numero di decessi per malattie prevenibili variava in modo significativo in tutta l&#8217;UE. La Lettonia ha registrato il tasso pi\u00f9 alto con 543,3 decessi evitabili per 100 000 abitanti, di cui 200,7 da cura e 342,6 da condizioni e malattie prevenibili. La Romania ha avuto 519,3 decessi evitabili per 100 000 (215,0 curabili e 304,3 prevenibili), mentre l&#8217;Ungheria ha registrato 511,8 (178,4 curabili e 333,4 prevenibili).<\/p>\n<p class=\"ecl-u-type-paragraph\">I tassi pi\u00f9 bassi di decessi evitabili sono stati registrati in Svezia con 169,3 per 100 000 (59,2 curabile e 110,2 prevenibile), in Italia con 176,7 (63,5 curabili e 113,3 prevenibili) e in Lussemburgo con 180,2 (60,4 curabili e 119,8 prevenibili).<\/p>\n<p><img loading=\"lazy\" decoding=\"async\" class=\"wp-image-82576 aligncenter\" src=\"https:\/\/www.fedaiisf.it\/wp-content\/uploads\/2025\/07\/eurostat-mortalita-per-nazioni.png\" alt=\"\" width=\"613\" height=\"338\" srcset=\"https:\/\/www.fedaiisf.it\/wp-content\/uploads\/2025\/07\/eurostat-mortalita-per-nazioni.png 1834w, https:\/\/www.fedaiisf.it\/wp-content\/uploads\/2025\/07\/eurostat-mortalita-per-nazioni-300x166.png 300w, https:\/\/www.fedaiisf.it\/wp-content\/uploads\/2025\/07\/eurostat-mortalita-per-nazioni-1024x565.png 1024w, https:\/\/www.fedaiisf.it\/wp-content\/uploads\/2025\/07\/eurostat-mortalita-per-nazioni-768x424.png 768w, https:\/\/www.fedaiisf.it\/wp-content\/uploads\/2025\/07\/eurostat-mortalita-per-nazioni-1536x848.png 1536w, https:\/\/www.fedaiisf.it\/wp-content\/uploads\/2025\/07\/eurostat-mortalita-per-nazioni-18x10.png 18w\" sizes=\"auto, (max-width: 613px) 100vw, 613px\" \/><\/p>\n<h4 class=\"ecl-u-type-heading-2 mt-3\">For more information<\/h4>\n<ul class=\"ecl-unordered-list\">\n<li class=\"ecl-unordered-list__item se\"><a class=\"ecl-link\" href=\"https:\/\/ec.europa.eu\/eurostat\/statistics-explained\/index.php?title=Preventable_and_treatable_mortality_statistics\" target=\"_blank\" rel=\"noopener\">Statistics Explained article on preventable and treatable mortality\u00a0<\/a><\/li>\n<li class=\"ecl-unordered-list__item arrow\"><a class=\"ecl-link\" href=\"https:\/\/ec.europa.eu\/eurostat\/web\/experimental-statistics\/overview\" target=\"_blank\" rel=\"noopener\">Thematic section on health<\/a><\/li>\n<li class=\"ecl-unordered-list__item arrow\"><a class=\"ecl-link\" href=\"https:\/\/ec.europa.eu\/eurostat\/web\/health\/database\" target=\"_blank\" rel=\"noopener\">Database on health<\/a><\/li>\n<\/ul>\n<p><span style=\"font-size: 14pt;\"><strong>Commento dei sindacati<\/strong><\/span><\/p>\n<p><span style=\"font-size: 26px; font-weight: bold;\">In Europa l\u2019austerit\u00e0 uccide<\/span><\/p>\n<header class=\"article-header\">\n<div class=\"article-lead\">\n<p>I dati Eurostat: nel 2022 un milione di morti per malattie che si sarebbero potute prevenire. Manca personale e si taglia sulla sanit\u00e0. I sindacati: \u201cBasta sacrificare vite sull\u2019altare del pareggio di bilancio\u201d<\/p>\n<\/div>\n<div class=\"jsx-2021593298 jsx-3641481875 jsx-572277702 jsx-514244505 byline-card byline-type-author_role\">\n<div class=\"jsx-2021593298 jsx-3641481875 jsx-572277702 jsx-514244505 byline-text\"><span class=\"jsx-2021593298 jsx-3641481875 jsx-572277702 jsx-514244505 byline-name\"><span class=\"jsx-2021593298 jsx-3641481875 jsx-572277702 jsx-514244505 author-name\"><span class=\"jsx-2021593298 jsx-3641481875 jsx-572277702 jsx-514244505 author-name-text\"><a href=\"https:\/\/www.collettiva.it\/author\/carlo-ruggiero-ko9sm1kc\" target=\"_top\" rel=\"noopener\">CARLO RUGGIERO<\/a><\/span><\/span><\/span> &#8211; <a href=\"https:\/\/www.collettiva.it\/copertine\/internazionale\/in-europa-lausterita-uccide-avoazccq\" target=\"_blank\" rel=\"noopener\">4 luglio 2025 \u2022 Collettiva<\/a><\/div>\n<\/div>\n<\/header>\n<div><\/div>\n<div>Secondo l&#8217;Eurostat, pi\u00f9 di un milione di cittadini europei sotto i 75 anni ha perso la vita nel 2022 per patologie considerate evitabili. La stragrande maggioranza di queste morti si sarebbe potuta evitare, grazie a trattamenti sanitari adeguati o efficaci interventi di salute pubblica. I mancati investimenti e i tagli alla sanit\u00e0, insomma, mietono vittime nel vecchio continente. Sono <a href=\"https:\/\/ec.europa.eu\/eurostat\/web\/products-eurostat-news\/w\/ddn-20250630-1\" target=\"_blank\" rel=\"noopener\">cifre che fanno tremare i polsi<\/a> e che parlano di un\u2019Europa inviluppata in una crisi sanitaria strutturale, in cui la mancanza di investimenti pubblici e la carenza cronica di personale mettono a rischio vite umane, ogni giorno.<\/div>\n<h4><img loading=\"lazy\" decoding=\"async\" class=\"wp-image-82580 alignright\" src=\"https:\/\/www.fedaiisf.it\/wp-content\/uploads\/2025\/07\/europa-siamo-noi.png\" alt=\"\" width=\"315\" height=\"149\" srcset=\"https:\/\/www.fedaiisf.it\/wp-content\/uploads\/2025\/07\/europa-siamo-noi.png 768w, https:\/\/www.fedaiisf.it\/wp-content\/uploads\/2025\/07\/europa-siamo-noi-300x142.png 300w, https:\/\/www.fedaiisf.it\/wp-content\/uploads\/2025\/07\/europa-siamo-noi-18x9.png 18w\" sizes=\"auto, (max-width: 315px) 100vw, 315px\" \/><\/h4>\n<h4>CURE MANCATE<\/h4>\n<div id=\"article-body\" class=\"article-body\">\n<p>Il dato pi\u00f9 allarmante riguarda, in effetti, le condizioni trattabili: centinaia di migliaia di persone sono sostanzialmente morte per mancanza di cure tempestive e di accesso a servizi. Ancora pi\u00f9 gravi sono le morti legate a patologie prevenibili, che avrebbero potuto essere evitate se le politiche pubbliche avessero puntato su campagne di prevenzione, vaccinazioni, educazione sanitaria e tutela dell\u2019ambiente. Ma cos\u00ec non \u00e8 stato.<\/p>\n<h4>CARENZA DI PERSONALE<\/h4>\n<p>La pubblicazione arriva in un momento in cui il sistema sanitario europeo \u00e8 messo a dura prova da una carenza generalizzata di personale. Secondo l\u2019Ocse, infatti, nei paesi membri dell\u2019Unione mancano almeno 1,2 milioni tra medici, infermieri e ostetriche. A rendere ancora pi\u00f9 critico il quadro, ci sono le regole fiscali europee, che costringono molti Stati membri a comprimere la spesa pubblica, tagliando proprio su sanit\u00e0, istruzione e welfare. A tutto questo s&#8217;aggiunge l\u2019attuale pressione politica per aumentare i fondi destinati alla difesa, spostando ulteriori risorse dai servizi essenziali.<\/p>\n<h4>L&#8217;AUSTERIT\u00c0 UCCIDE<\/h4>\n<p>Di fronte a questa terribile emergenza, la Confederazione Europea dei Sindacati (Ces) ha <a href=\"https:\/\/www.amazon.it\/Morire-austerit\u00e0-Democrazie-europee-spalle\/dp\/8815245227\" target=\"_blank\" rel=\"noopener\"><img loading=\"lazy\" decoding=\"async\" class=\"wp-image-82581 alignleft\" src=\"https:\/\/www.fedaiisf.it\/wp-content\/uploads\/2025\/07\/austerita-uccide.png\" alt=\"\" width=\"197\" height=\"273\" srcset=\"https:\/\/www.fedaiisf.it\/wp-content\/uploads\/2025\/07\/austerita-uccide.png 528w, https:\/\/www.fedaiisf.it\/wp-content\/uploads\/2025\/07\/austerita-uccide-216x300.png 216w, https:\/\/www.fedaiisf.it\/wp-content\/uploads\/2025\/07\/austerita-uccide-9x12.png 9w\" sizes=\"auto, (max-width: 197px) 100vw, 197px\" \/><\/a>rilanciato con forza la richiesta di una riforma delle regole fiscali europee. La segretaria generale Esther Lynch ha definito \u201cscioccante e inaccettabile\u201d che pi\u00f9 di un milione di persone perdano la vita ogni anno per mancanza di cure accessibili. Ha lodato il \u201clavoro eroico degli operatori sanitari, spesso costretti a fare straordinari per colmare vuoti ormai strutturali\u201d, ma ha anche ribadito che \u201cnon \u00e8 pi\u00f9 tollerabile continuare a sacrificare la vita delle persone sull\u2019altare del pareggio di bilancio\u201d. Per Lynch, il messaggio \u00e8 chiaro: \u201cL\u2019austerit\u00e0 uccide, e le attuali regole fiscali dell\u2019Ue non permettono neanche di garantire i bisogni pi\u00f9 basilari dei cittadini\u201d.<\/p>\n<p>Anche la Federazione sindacale europea dei Servizi Pubblici (Epsu) ha espresso forte preoccupazione. Il segretario generale <strong>Jan Willem Goudriaan<\/strong> ha sottolineato come lo slogan &#8220;l\u2019austerit\u00e0 uccide&#8221; sia ormai una realt\u00e0 quotidiana per pazienti e operatori. Le testimonianze raccolte dagli ospedali parlano di reparti sovraffollati, pazienti curati nei corridoi, tempi d\u2019attesa infiniti e un personale stremato, colpito da burnout e costretto a lavorare in condizioni insostenibili. Goudriaan ha anche messo in discussione \u201cla fiducia cieca nella privatizzazione\u201d, sostenendo che \u201cla logica del profitto non ha risolto, e non pu\u00f2 risolvere, i problemi del sistema sanitario\u201d. La soluzione, per Epsu, passa da \u201cmaggiori fondi pubblici e da una sospensione del Patto di Stabilit\u00e0 e Crescita per quanto riguarda i servizi pubblici essenziali\u201d.<\/p>\n<h4><span style=\"font-size: 24px; font-weight: bold;\">TASSARE LE RICCHEZZE<\/span><\/h4>\n<p>Un\u2019ultima proposta emerge con forza: tassare l\u2019estrema ricchezza. Secondo Goudriaan, <strong>un&#8217;imposta anche modesta, pari all\u20191% sui grandi patrimoni<\/strong>, basterebbe a coprire le carenze di personale sanitario in tutta Europa: \u201cIn un\u2019epoca segnata da profitti aziendali record e distribuzioni straordinarie di dividendi, la richiesta appare pi\u00f9 che legittima\u201d.<\/p>\n<\/div>\n<p class=\"article-content\">Related news: <a href=\"https:\/\/www.unimondo.org\/Guide\/Salute\/Accesso-ai-farmaci\/14-milioni-di-morti-in-5-anni-il-prezzo-dei-tagli-a-USAID-265354\" target=\"_blank\" rel=\"noopener\">14 milioni di morti in 5 anni: il prezzo dei tagli a USAID<\/a><\/p>\n<p><a href=\"https:\/\/www.thelancet.com\/journals\/lancet\/article\/PIIS0140-6736(25)01186-9\/fulltext\" target=\"_blank\" rel=\"noopener\">Lancet. Evaluating the impact of two decades of USAID interventions and projecting the effects of defunding on mortality up to 2030: a retrospective impact evaluation and forecasting analysis<\/a><\/p>\n<p class=\"article-title\"><a href=\"https:\/\/www.collettiva.it\/copertine\/welfare\/tagli-sanita-pubblica-jpubveqf\" target=\"_blank\" rel=\"noopener\">Sanit\u00e0 pubblica sotto attacco. E i pi\u00f9 fragili pagano il prezzo pi\u00f9 alto<\/a><\/p>\n<p>&nbsp;<\/p>","protected":false},"excerpt":{"rendered":"<p>Il concetto di mortalit\u00e0 curabile e prevenibile si basa sull&#8217;idea che alcuni decessi potrebbero essere &#8220;evitati&#8221; tra le persone di et\u00e0 inferiore ai 75 anni. Queste morti evitabili non si sarebbero verificate in questa fase se ci fossero stati interventi di salute pubblica e\/o medici pi\u00f9 efficaci. Eurosat &#8211; 30 giugno 2025 Nel 2022, 1,1 &hellip;<\/p>","protected":false},"author":4,"featured_media":82579,"comment_status":"closed","ping_status":"closed","sticky":false,"template":"","format":"standard","meta":{"footnotes":""},"categories":[1],"tags":[79],"class_list":["post-82574","post","type-post","status-publish","format-standard","has-post-thumbnail","hentry","category-notizie","tag-ssn"],"amp_enabled":true,"_links":{"self":[{"href":"https:\/\/www.fedaiisf.it\/en\/wp-json\/wp\/v2\/posts\/82574","targetHints":{"allow":["GET"]}}],"collection":[{"href":"https:\/\/www.fedaiisf.it\/en\/wp-json\/wp\/v2\/posts"}],"about":[{"href":"https:\/\/www.fedaiisf.it\/en\/wp-json\/wp\/v2\/types\/post"}],"author":[{"embeddable":true,"href":"https:\/\/www.fedaiisf.it\/en\/wp-json\/wp\/v2\/users\/4"}],"replies":[{"embeddable":true,"href":"https:\/\/www.fedaiisf.it\/en\/wp-json\/wp\/v2\/comments?post=82574"}],"version-history":[{"count":9,"href":"https:\/\/www.fedaiisf.it\/en\/wp-json\/wp\/v2\/posts\/82574\/revisions"}],"predecessor-version":[{"id":82632,"href":"https:\/\/www.fedaiisf.it\/en\/wp-json\/wp\/v2\/posts\/82574\/revisions\/82632"}],"wp:featuredmedia":[{"embeddable":true,"href":"https:\/\/www.fedaiisf.it\/en\/wp-json\/wp\/v2\/media\/82579"}],"wp:attachment":[{"href":"https:\/\/www.fedaiisf.it\/en\/wp-json\/wp\/v2\/media?parent=82574"}],"wp:term":[{"taxonomy":"category","embeddable":true,"href":"https:\/\/www.fedaiisf.it\/en\/wp-json\/wp\/v2\/categories?post=82574"},{"taxonomy":"post_tag","embeddable":true,"href":"https:\/\/www.fedaiisf.it\/en\/wp-json\/wp\/v2\/tags?post=82574"}],"curies":[{"name":"wp","href":"https:\/\/api.w.org\/{rel}","templated":true}]}}