{"id":82608,"date":"2025-07-07T12:05:34","date_gmt":"2025-07-07T10:05:34","guid":{"rendered":"https:\/\/www.fedaiisf.it\/?p=82608"},"modified":"2025-07-07T12:05:34","modified_gmt":"2025-07-07T10:05:34","slug":"iss-patologie-croniche-e-vaccinazione-antinfluenzale-negli-ultra-65enni","status":"publish","type":"post","link":"https:\/\/www.fedaiisf.it\/en\/iss-patologie-croniche-e-vaccinazione-antinfluenzale-negli-ultra-65enni\/","title":{"rendered":"ISS. Patologie croniche e vaccinazione antinfluenzale negli ultra 65enni"},"content":{"rendered":"<h3>La qualit\u00e0 della vita vista dalle persone con 65 anni e pi\u00f9<\/h3>\n<p><a href=\"https:\/\/www.epicentro.iss.it\/passi-argento\/\" target=\"_blank\" rel=\"noopener\">ISS Passi d&#8217;Argento &#8211; 3 luglio 2025<\/a><\/p>\n<p><strong>Patologie croniche e vaccinazione antinfluenzale: i nuovi dati PASSI e PdA 2023-2024\u00a0<\/strong><\/p>\n<p>Continua la pubblicazione dei risultati delle sorveglianze PASSI e PdA aggiornati al 2023-24 e dedicate alla popolazione adulta e anziana rispettivamente.<\/p>\n<p><img loading=\"lazy\" decoding=\"async\" class=\"wp-image-59207 alignright\" src=\"https:\/\/www.fedaiisf.it\/wp-content\/uploads\/2021\/07\/vaccino-covid_anziani-900x760-1.jpg\" alt=\"\" width=\"302\" height=\"255\" srcset=\"https:\/\/www.fedaiisf.it\/wp-content\/uploads\/2021\/07\/vaccino-covid_anziani-900x760-1.jpg 900w, https:\/\/www.fedaiisf.it\/wp-content\/uploads\/2021\/07\/vaccino-covid_anziani-900x760-1-300x253.jpg 300w, https:\/\/www.fedaiisf.it\/wp-content\/uploads\/2021\/07\/vaccino-covid_anziani-900x760-1-768x649.jpg 768w\" sizes=\"auto, (max-width: 302px) 100vw, 302px\" \/>Dai dati emerge che nell\u2019ultima campagna vaccinale il 12% dei 18-64enni si \u00e8 sottoposto alla vaccinazione contro l\u2019influenza e questa percentuale non supera il 25% fra coloro che sono affetti da patologie croniche. Per quanto riguarda gli anziani risulta che il 62% degli ultra 65enni si \u00e8 sottoposto a vaccinazione contro l\u2019influenza e questa percentuale ha raggiunto il 69% fra le persone con patologie croniche.<\/p>\n<p>L\u2019adesione alla vaccinazione sia negli adulti sia negli anziani \u00e8 andata aumentando in piena pandemia di COVID-19, per poi diminuire nuovamente con le campagne successive. Per approfondire consulta le pagine dedicate alla <strong>vaccinazione antinfluenzale<\/strong> per le sorveglianze <a href=\"https:\/\/www.epicentro.iss.it\/passi\/dati\/VaccinazioneAntinfluenzale?tab-container-1=tab1\" target=\"_blank\" rel=\"noopener\">PASSI<\/a>\u00a0And\u00a0<a href=\"https:\/\/www.epicentro.iss.it\/passi-argento\/dati\/VaccinazioneAntinfluenzale\" target=\"_blank\" rel=\"noopener\">PdA<\/a>. Inoltre, dai dati sulle patologie croniche emerge che la condizione di cronicit\u00e0 coinvolge il 7% degli adulti con meno di 34 anni, il 12% fra i 35-49enni e il 29% fra i 50-69enni, mentre il 57% degli ultra 65enni riferisce che, nel corso della vita, un medico gli ha diagnosticato una o pi\u00f9 patologie.<\/p>\n<p>Infine, la condizione di policronicit\u00e0, cio\u00e8 la compresenza di due o pi\u00f9 patologie croniche (fra quelle indagate), riguarda il 4% dei 18-69enni e coinvolge 1 ultra 65enne su 4, ma cresce con l\u2019et\u00e0 e fra le persone con status socioeconomico pi\u00f9 svantaggiato, per difficolt\u00e0 economiche o bassa istruzione. Per approfondire consulta le pagine dedicate alle\u00a0<strong>patologie croniche<\/strong>\u00a0per le sorveglianze\u00a0<a href=\"https:\/\/www.epicentro.iss.it\/passi\/dati\/croniche\" target=\"_blank\" rel=\"noopener\">PASSI<\/a>\u00a0And\u00a0<a href=\"https:\/\/www.epicentro.iss.it\/passi-argento\/dati\/croniche\" target=\"_blank\" rel=\"noopener\">PdA<\/a>.<\/p>\n<p>Note:<\/p>\n<p><em>PASSI d\u2019Argento (PdA) \u00e8 il sistema di sorveglianza dedicato alla popolazione anziana, di 65 anni e pi\u00f9, che completa il quadro offerto dalla sorveglianza <a href=\"https:\/\/www.epicentro.iss.it\/passi\" target=\"_blank\" rel=\"noopener\">PASSI<\/a>\u00a0 <\/em>(<em>Progressi delle Aziende Sanitarie per la Salute in Italia<\/em>) <em>dedicata agli adulti. Come il sistema di sorveglianza PASSI, anche PdA si caratterizza come una sorveglianza in sanit\u00e0 pubblica che raccoglie informazioni, dalla popolazione generale residente in Italia, su salute e fattori di rischio comportamentali connessi all\u2019insorgenza o alle complicanze delle malattie croniche non trasmissibili, ma anche informazioni su molti aspetti volti a descrivere la qualit\u00e0 di vita e i bisogni di cura e assistenza delle persone ultra 65enni, con uno sguardo nuovo al fenomeno dell\u2019invecchiamento, a partire dalla definizione di \u201cinvecchiamento sano e attivo\u201d voluta dall\u2019Organizzazione Mondiale della Sanit\u00e0 (OMS).<\/em><\/p>\n<p><em><img loading=\"lazy\" decoding=\"async\" class=\"wp-image-22570 alignleft\" src=\"https:\/\/www.fedaiisf.it\/wp-content\/uploads\/2015\/10\/anziani-ap.jpg\" alt=\"\" width=\"296\" height=\"156\" srcset=\"https:\/\/www.fedaiisf.it\/wp-content\/uploads\/2015\/10\/anziani-ap.jpg 439w, https:\/\/www.fedaiisf.it\/wp-content\/uploads\/2015\/10\/anziani-ap-300x158.jpg 300w\" sizes=\"auto, (max-width: 296px) 100vw, 296px\" \/>Con PASSI d\u2019Argento si riesce anche a definire una quadro sul contributo che gli anziani offrono alla societ\u00e0, attraverso il lavoro retribuito o fornendo sostegno all\u2019interno del proprio contesto familiare e della comunit\u00e0 (\u201canziano risorsa\u201d) con attivit\u00e0 di volontariato per le quali sono centrali non solo la salute fisica e l\u2019autosufficienza, ma anche il benessere psicologico e sociale della persona. Questo sistema \u00e8 dunque in grado di fornire informazioni utili alla programmazione di azioni e interventi mirati per le scelte di politiche sanitarie volte a migliorare la qualit\u00e0 di vita degli anziani e a rafforzare le condizioni alla base di un \u201cinvecchiamento sano e attivo\u201d.<\/em><\/p>\n<p><em>L&#039;<a href=\"https:\/\/www.epicentro.iss.it\/influenza\/aggiornamenti\" target=\"_blank\" rel=\"noopener\">influence<\/a> \u00e8 una delle prime dieci cause di morte in Italia e, oltre che una malattia a contagiosit\u00e0 elevata (che pu\u00f2 comportare gravi complicanze nei soggetti a rischio, come gli anziani e i portatori di patologie croniche), rappresenta un importante problema di sanit\u00e0 pubblica perch\u00e9 \u00e8 una fonte rilevante di costi diretti e indiretti per la gestione dei casi e delle complicanze della malattia e l\u2019attuazione delle misure di controllo.<\/em><\/p>\n<p><em>There <a href=\"https:\/\/www.epicentro.iss.it\/vaccini\/campagna-vaccinazione-antinfluenzale-2018-19\" target=\"_blank\" rel=\"noopener\">vaccination<\/a> antinfluenzale rappresenta il principale strumento di prevenzione dell\u2019influenza in quanto efficace e sicura in termini di riduzione sia della probabilit\u00e0 di incorrere nella malattia e sue complicanze sia dei costi sociali connessi a morbosit\u00e0 e mortalit\u00e0.<\/em><\/p>\n<p>Related news: <a href=\"https:\/\/www.aifa.gov.it\/documents\/20142\/0\/Rapporto_vaccini_2023.pdf\" target=\"_blank\" rel=\"noopener\">AIFA, Rapporto vaccini 2023<\/a><\/p>","protected":false},"excerpt":{"rendered":"<p>La qualit\u00e0 della vita vista dalle persone con 65 anni e pi\u00f9 ISS Passi d&#8217;Argento &#8211; 3 luglio 2025 Patologie croniche e vaccinazione antinfluenzale: i nuovi dati PASSI e PdA 2023-2024\u00a0 Continua la pubblicazione dei risultati delle sorveglianze PASSI e PdA aggiornati al 2023-24 e dedicate alla popolazione adulta e anziana rispettivamente. Dai dati emerge &hellip;<\/p>","protected":false},"author":4,"featured_media":20101,"comment_status":"closed","ping_status":"closed","sticky":false,"template":"","format":"standard","meta":{"footnotes":""},"categories":[1],"tags":[79,39],"class_list":["post-82608","post","type-post","status-publish","format-standard","has-post-thumbnail","hentry","category-notizie","tag-ssn","tag-vaccini"],"amp_enabled":true,"_links":{"self":[{"href":"https:\/\/www.fedaiisf.it\/en\/wp-json\/wp\/v2\/posts\/82608","targetHints":{"allow":["GET"]}}],"collection":[{"href":"https:\/\/www.fedaiisf.it\/en\/wp-json\/wp\/v2\/posts"}],"about":[{"href":"https:\/\/www.fedaiisf.it\/en\/wp-json\/wp\/v2\/types\/post"}],"author":[{"embeddable":true,"href":"https:\/\/www.fedaiisf.it\/en\/wp-json\/wp\/v2\/users\/4"}],"replies":[{"embeddable":true,"href":"https:\/\/www.fedaiisf.it\/en\/wp-json\/wp\/v2\/comments?post=82608"}],"version-history":[{"count":4,"href":"https:\/\/www.fedaiisf.it\/en\/wp-json\/wp\/v2\/posts\/82608\/revisions"}],"predecessor-version":[{"id":82612,"href":"https:\/\/www.fedaiisf.it\/en\/wp-json\/wp\/v2\/posts\/82608\/revisions\/82612"}],"wp:featuredmedia":[{"embeddable":true,"href":"https:\/\/www.fedaiisf.it\/en\/wp-json\/wp\/v2\/media\/20101"}],"wp:attachment":[{"href":"https:\/\/www.fedaiisf.it\/en\/wp-json\/wp\/v2\/media?parent=82608"}],"wp:term":[{"taxonomy":"category","embeddable":true,"href":"https:\/\/www.fedaiisf.it\/en\/wp-json\/wp\/v2\/categories?post=82608"},{"taxonomy":"post_tag","embeddable":true,"href":"https:\/\/www.fedaiisf.it\/en\/wp-json\/wp\/v2\/tags?post=82608"}],"curies":[{"name":"wp","href":"https:\/\/api.w.org\/{rel}","templated":true}]}}