{"id":82623,"date":"2025-07-08T10:30:49","date_gmt":"2025-07-08T08:30:49","guid":{"rendered":"https:\/\/www.fedaiisf.it\/?p=82623"},"modified":"2025-07-11T19:58:16","modified_gmt":"2025-07-11T17:58:16","slug":"gemmato-da-sottosegretario-a-viceministro","status":"publish","type":"post","link":"https:\/\/www.fedaiisf.it\/en\/gemmato-da-sottosegretario-a-viceministro\/","title":{"rendered":"Gemmato da sottosegretario a viceministro?"},"content":{"rendered":"<p>Alcuni organi di stampa riferiscono dell&#8217;imminente nomina di Marcello Gemmato a viceministro. Di questa nomina se ne era gi\u00e0 parlato a giugno ma poi era stata rimandata per una ulteriore riflessione su eventuali conflitti di interesse del farmacista Gemmato<\/p>\n<p><img loading=\"lazy\" decoding=\"async\" class=\"wp-image-59907 alignright\" src=\"https:\/\/www.fedaiisf.it\/wp-content\/uploads\/2021\/09\/Andrea_Costa_Sottosegretario_di_Stato_al_Ministero_della_Salute.jpg\" alt=\"\" width=\"268\" height=\"172\" srcset=\"https:\/\/www.fedaiisf.it\/wp-content\/uploads\/2021\/09\/Andrea_Costa_Sottosegretario_di_Stato_al_Ministero_della_Salute.jpg 1200w, https:\/\/www.fedaiisf.it\/wp-content\/uploads\/2021\/09\/Andrea_Costa_Sottosegretario_di_Stato_al_Ministero_della_Salute-300x193.jpg 300w, https:\/\/www.fedaiisf.it\/wp-content\/uploads\/2021\/09\/Andrea_Costa_Sottosegretario_di_Stato_al_Ministero_della_Salute-1024x658.jpg 1024w, https:\/\/www.fedaiisf.it\/wp-content\/uploads\/2021\/09\/Andrea_Costa_Sottosegretario_di_Stato_al_Ministero_della_Salute-768x493.jpg 768w\" sizes=\"auto, (max-width: 268px) 100vw, 268px\" \/>Oltre a Gemmato viceministro si parla anche di un una piccolo rimpasto con la nomina di Andrea Costa (nella foto) di Noi Moderati a sottosegretario alla salute (ruolo gi\u00e0 ricoperto con Draghi) e l\u2019ingresso nel governo della Svp con l&#8217;ex sindaco di Brunico, Roland Griessmair, con l\u2019incarico di sottosegretario agli affari regionali, al fianco del ministro Roberto Calderoli.<\/p>\n<p>Il presunto conflitto d&#8217;interessi nasce ad ottobre scorso da uno spot online di \u201cTherapia srl\u201d, una clinica privata barese di cui Gemmato, sottosegretario alla Salute, detiene il 10% delle quote, messe per\u00f2 da tempo a disposizione degli altri soci. La pubblicit\u00e0 della clinica spinge sulla possibilit\u00e0 di avere accertamenti diagnostici \u00absenza dover attendere i tempi lunghi del sistema sanitario pubblico\u00bb, tempi che proprio Gemmato come sottosegretario dovrebbe eliminare. Gemmato aveva ribattuto che non c&#8217;\u00e8 alcun conflitto di interesse avendo solo \u00ab<em>il 10% di una societ\u00e0 senza averne alcuna responsabilit\u00e0 di gestione, figuriamoci poi dei contenuti del sito internet. Non esiste alcun conflitto di interessi come certifica il Garante della concorrenza<\/em>\u00bb<\/p>\n<p>\u00c8 anche socio con i fratelli della farmacia A. Gemmato di Terlizzi (BA) della quale per\u00f2 non se ne occupa.<\/p>\n<p>Le accuse a Gemmato riguardano anche di favorire le farmacie con l&#8217;allargamento delle funzioni delle farmacie dei servizi sul fronte della telemedicina ed esami con i relativi rimborsi da parte delle regioni.<\/p>\n<p><img loading=\"lazy\" decoding=\"async\" class=\"wp-image-75759 alignleft\" src=\"https:\/\/www.fedaiisf.it\/wp-content\/uploads\/2024\/03\/schillaci-gemmato.jpeg\" alt=\"\" width=\"290\" height=\"162\" srcset=\"https:\/\/www.fedaiisf.it\/wp-content\/uploads\/2024\/03\/schillaci-gemmato.jpeg 700w, https:\/\/www.fedaiisf.it\/wp-content\/uploads\/2024\/03\/schillaci-gemmato-300x167.jpeg 300w, https:\/\/www.fedaiisf.it\/wp-content\/uploads\/2024\/03\/schillaci-gemmato-18x10.jpeg 18w\" sizes=\"auto, (max-width: 290px) 100vw, 290px\" \/>Il ministro della salute Orazio Schillaci sulla nomina di Marcello Gemmato a viceministro, a margine dell&#8217;evento &#8216;Salute Direzione Nord 2025&#8217; a Palazzo Lombardia, ha dichiarato &#8220;Non commento, non lo so, gli auguro di s\u00ec.\u201d<\/p>\n<p>La figura di viceministro, non prevista dalla Costituzione, \u00e8 stata introdotta nell&#8217;ordinamento italiano nel 2001. Al viceministro sono conferite deleghe relative all&#8217;intera area di competenza di una o pi\u00f9 strutture dipartimentali oppure di pi\u00f9 direzioni generali. In tale caso la delega, conferita dal ministro competente, \u00e8 approvata dal Consiglio dei ministri, su proposta del Presidente del Consiglio dei ministri.<\/p>\n<p>Inoltre i viceministri, a differenza dei sottosegretari, possono essere invitati dal Presidente del Consiglio dei ministri, d&#8217;intesa con il ministro competente, a partecipare alle sedute del Consiglio dei ministri, senza diritto di voto, per riferire su argomenti e questioni attinenti alla materia loro delegata. I sottosegretari invece non hanno competenze proprie. I loro compiti sono decisi dal ministro che delega loro alcune\u00a0 materie tramite decreto ministeriale.<\/p>\n<p>L\u2019operazione comunque avrebbe una logica politica ben precisa: dare un segnale forte sul potenziamento della medicina territoriale a favore delle farmacie e, allo stesso tempo, riequilibrare i pesi all\u2019interno del Ministero guidato da Orazio Schillaci a favore di Fratelli d&#8217;Italia. Gemmato smentisce.<\/p>\n<p>Related news: <a href=\"https:\/\/www.fedaiisf.it\/en\/bufera-su-gemmato-e-socio-di-una-clinica\/\" target=\"_blank\" rel=\"noopener\">Bufera su Gemmato, \u00e8 socio di una clinica privata<\/a><\/p>\n<p><a href=\"https:\/\/www.censis.it\/welfare-e-salute\/farmacia-aspettativa-di-nuovi-servizi-e-riconoscimento-del-valore-sociale\" target=\"_blank\" rel=\"noopener\">CENSIS. Farmacia: aspettativa di nuovi servizi e riconoscimento del valore sociale. Roma, 8 luglio 2025<\/a><\/p>","protected":false},"excerpt":{"rendered":"<p>Alcuni organi di stampa riferiscono dell&#8217;imminente nomina di Marcello Gemmato a viceministro. Di questa nomina se ne era gi\u00e0 parlato a giugno ma poi era stata rimandata per una ulteriore riflessione su eventuali conflitti di interesse del farmacista Gemmato Oltre a Gemmato viceministro si parla anche di un una piccolo rimpasto con la nomina di &hellip;<\/p>","protected":false},"author":4,"featured_media":68401,"comment_status":"closed","ping_status":"closed","sticky":false,"template":"","format":"standard","meta":{"footnotes":""},"categories":[1],"tags":[79],"class_list":["post-82623","post","type-post","status-publish","format-standard","has-post-thumbnail","hentry","category-notizie","tag-ssn"],"amp_enabled":true,"_links":{"self":[{"href":"https:\/\/www.fedaiisf.it\/en\/wp-json\/wp\/v2\/posts\/82623","targetHints":{"allow":["GET"]}}],"collection":[{"href":"https:\/\/www.fedaiisf.it\/en\/wp-json\/wp\/v2\/posts"}],"about":[{"href":"https:\/\/www.fedaiisf.it\/en\/wp-json\/wp\/v2\/types\/post"}],"author":[{"embeddable":true,"href":"https:\/\/www.fedaiisf.it\/en\/wp-json\/wp\/v2\/users\/4"}],"replies":[{"embeddable":true,"href":"https:\/\/www.fedaiisf.it\/en\/wp-json\/wp\/v2\/comments?post=82623"}],"version-history":[{"count":11,"href":"https:\/\/www.fedaiisf.it\/en\/wp-json\/wp\/v2\/posts\/82623\/revisions"}],"predecessor-version":[{"id":82731,"href":"https:\/\/www.fedaiisf.it\/en\/wp-json\/wp\/v2\/posts\/82623\/revisions\/82731"}],"wp:featuredmedia":[{"embeddable":true,"href":"https:\/\/www.fedaiisf.it\/en\/wp-json\/wp\/v2\/media\/68401"}],"wp:attachment":[{"href":"https:\/\/www.fedaiisf.it\/en\/wp-json\/wp\/v2\/media?parent=82623"}],"wp:term":[{"taxonomy":"category","embeddable":true,"href":"https:\/\/www.fedaiisf.it\/en\/wp-json\/wp\/v2\/categories?post=82623"},{"taxonomy":"post_tag","embeddable":true,"href":"https:\/\/www.fedaiisf.it\/en\/wp-json\/wp\/v2\/tags?post=82623"}],"curies":[{"name":"wp","href":"https:\/\/api.w.org\/{rel}","templated":true}]}}