{"id":82690,"date":"2025-07-11T05:57:13","date_gmt":"2025-07-11T03:57:13","guid":{"rendered":"https:\/\/www.fedaiisf.it\/?p=82690"},"modified":"2025-07-14T19:41:40","modified_gmt":"2025-07-14T17:41:40","slug":"la-carta-di-roma-firmata-dagli-oo-mm-europei-la-carta-per-ridefinire-la-spesa-sanitaria-come-investimento-strategico-e-non-un-costo","status":"publish","type":"post","link":"https:\/\/www.fedaiisf.it\/en\/la-carta-di-roma-firmata-dagli-oo-mm-europei-la-carta-per-ridefinire-la-spesa-sanitaria-come-investimento-strategico-e-non-un-costo\/","title":{"rendered":"La Carta di Roma. Firmata da sei OO.MM europei la carta per ridefinire la spesa sanitaria come investimento strategico e non un costo"},"content":{"rendered":"<h4 class=\"entry-title\">La FNOMCeO presenta la \u201cCarta di Roma: la Salute come investimento strategico\u201d. A firmarla, gli Ordini nazionali dei medici di Francia, Germania, Grecia, Italia, Portogallo e Spagna. In un\u2019Europa sempre pi\u00f9 anziana, necessario investire in salute, diritto fondamentale e volano economico e di sviluppo sociale<\/h4>\n<p><a href=\"https:\/\/portale.fnomceo.it\/la-fnomceo-presenta-la-carta-di-roma-la-salute-come-investimento-strategico-a-firmarla-gli-ordini-nazionali-dei-medici-di-francia-germania-grecia-italia-portogallo-e-spagna-i\/\" target=\"_blank\" rel=\"noopener\">FNONCeO &#8211; 10 luglio 2025<\/a><\/p>\n<p>Una \u201c<em>clausola di resilienza sanitaria<\/em>\u201d, che consenta agli Stati membri dell\u2019<strong>European Union<\/strong>\u00a0di destinare risorse aggiuntive alla prevenzione e gestione delle malattie croniche, senza violare i parametri.<\/p>\n<p><img loading=\"lazy\" decoding=\"async\" class=\"wp-image-82693 alignright\" src=\"https:\/\/www.fedaiisf.it\/wp-content\/uploads\/2025\/07\/salute-come-investimento.png\" alt=\"\" width=\"246\" height=\"206\" srcset=\"https:\/\/www.fedaiisf.it\/wp-content\/uploads\/2025\/07\/salute-come-investimento.png 932w, https:\/\/www.fedaiisf.it\/wp-content\/uploads\/2025\/07\/salute-come-investimento-300x251.png 300w, https:\/\/www.fedaiisf.it\/wp-content\/uploads\/2025\/07\/salute-come-investimento-768x643.png 768w, https:\/\/www.fedaiisf.it\/wp-content\/uploads\/2025\/07\/salute-come-investimento-14x12.png 14w\" sizes=\"auto, (max-width: 246px) 100vw, 246px\" \/>\u00c8 una delle proposte contenute nella\u00a0<strong>\u201c<a href=\"https:\/\/portale.fnomceo.it\/wp-content\/uploads\/2025\/07\/carta-it_def.pdf\" target=\"_blank\" rel=\"noopener\">Carta di Roma: la Salute come investimento strategico<\/a><\/strong>\u201d. Il manifesto, che esorta a cambiare il paradigma e a considerare la spesa sanitaria non come un costo ma come un investimento strategico, appunto, e come uno strumento di resilienza sociale a garanzia del futuro, \u00e8 stato firmato questa mattina a Roma, presso la sede della <strong>FNOMCeO<\/strong>, la Federazione degli Ordini dei Medici. A sottoscriverlo, gli Ordini dei medici nazionali di\u00a0<strong>France<\/strong>,\u00a0<strong>Germany<\/strong>,\u00a0<strong>Greece<\/strong>,\u00a0<strong>Italy<\/strong>,\u00a0<strong>Portugal<\/strong>\u00a0And\u00a0<strong>Spain<\/strong>. \u00c8 stato poi presentato nell\u2019ambito del convegno\u00a0<strong>\u201cLa Salute come investimento: un impegno europeo\u201d<\/strong>, in corso sempre nella Capitale, a Villa Aurelia.<\/p>\n<p><em>&#8220;La salute, ha detto Filippo Anelli, Presidente FNOMCeO, \u00e8 considerata un diritto fondamentale sancito dall\u2019articolo 35 della Carta dei diritti fondamentali dell\u2019Unione Europea e pilastro della coesione sociale e della sostenibilit\u00e0 economica. Ai cittadini europei, e ad ogni individuo presente in Europa, \u00e8 riconosciuto il diritto alla tutela della salute in quanto persona e questo riconoscimento \u00e8 diventato una caratteristica della nostra Unione Europea e un grande segno di crescita civile e sociale\u201d.<\/em><\/p>\n<p><em>I medici, custodi della salute dei cittadini europei, propongono di considerare la spesa sanitaria come un investimento strategico per il futuro delle nostre societ\u00e0, in considerazione dell\u2019impatto positivo sulla produttivit\u00e0, la coesione sociale e la sostenibilit\u00e0 fiscale.<\/em><\/p>\n<p>Tra le altre proposte della \u201c<strong>Carta di Roma<\/strong>\u201d, l\u2019invito agli Stati membri a prevedere nei piani di bilancio a medio termine programmi di investimenti sanitari, la richiesta alla Commissione europea di riconoscere il ruolo della spesa sanitaria come investimento strutturale nelle Raccomandazioni specifiche per ogni Paese. Ancora, il sostegno all\u2019espansione del programma\u00a0<a href=\"https:\/\/health.ec.europa.eu\/funding\/eu4health-programme-2021-2027-vision-healthier-european-union_en\" target=\"_blank\" rel=\"noopener\"><strong>EU4Health<\/strong><\/a>, in modo che le risorse europee possano integrare quelle nazionali per rafforzare i sistemi sanitari. E poi, un\u2019attenzione particolare alla prevenzione, attraverso programmi di screening e alla gestione delle malattie croniche.<\/p>\n<p><img loading=\"lazy\" decoding=\"async\" class=\"wp-image-82692 alignleft\" src=\"https:\/\/www.fedaiisf.it\/wp-content\/uploads\/2025\/07\/chris-brown.png\" alt=\"\" width=\"157\" height=\"192\" srcset=\"https:\/\/www.fedaiisf.it\/wp-content\/uploads\/2025\/07\/chris-brown.png 454w, https:\/\/www.fedaiisf.it\/wp-content\/uploads\/2025\/07\/chris-brown-245x300.png 245w, https:\/\/www.fedaiisf.it\/wp-content\/uploads\/2025\/07\/chris-brown-10x12.png 10w\" sizes=\"auto, (max-width: 157px) 100vw, 157px\" \/>Un punto fondamentale, questo, visto che, secondo i dati preliminari del rapporto\u00a0<strong>HESRI2<\/strong>\u00a0(Health Equity Status Report) dell\u2019OMS, presentati da Chris\u00a0<strong>Brown <\/strong>(nella foto), Capo dell\u2019Ufficio Europeo dell\u2019Oms per l\u2019investimento in salute e sviluppo, nelle prossime decadi in Europa ci saranno\u00a0<strong>due giovani ogni tre anziani,<\/strong>\u00a0con un raddoppio, rispetto ad oggi, degli\u00a0<strong>ultra-ottantacinquenni<\/strong>, che diventeranno\u00a0<strong>65 milioni nel 2050<\/strong>. Le strategie di investimento nei sistemi sanitari europei per un invecchiamento sano ed equo della popolazione rappresentano dunque un investimento per l\u2019intera economia.<\/p>\n<p>Come, del resto, gi\u00e0 dimostrato dal 1\u00b0 rapporto <strong>FNOMCeO-Censis<\/strong>, qui riproposto e aggiornato da Francesco\u00a0<strong>Maietta<\/strong>, responsabile dell\u2019Area Consumi, Mercati e Welfare del\u00a0<strong>Censis<\/strong>: ogni euro di spesa sanitaria pubblica, secondo la ricerca, ne genera quasi due di valore della produzione. La spesa sanitaria, infatti, produce domanda per il sistema di imprese, Pil, occupazione di qualit\u00e0, sviluppo e, anche, coesione sociale. Investire in sanit\u00e0, quindi, \u00e8 un modo per investire in un proficuo sviluppo economico e sociale.<\/p>\n<p>Nota: A sottoscrivere la CARTA i rappresentanti di sei Ordini nazionali. Per la Francia <strong>Philippe Cathala<\/strong> (Conseil national de l\u2019Ordre des\u00a0 M\u00e9decins \u2013 Cnom), per la Germania <strong>Ramin Parsa-Parsi<\/strong>(Bundes\u00e4rztekammer \u2013 B\u00e4k), per la Grecia <strong>Athanasios Exadaktylos<\/strong> (Panhellenic Medical Association \u2013 Pis). E poi l\u2019italiano <strong>Philip Rings<\/strong> (Fnomceo), il portoghese <strong>Carlos<\/strong> <strong>Cortes<\/strong><strong>(<\/strong>Ordem dos M\u00e9dicos) e lo spagnolo <strong>Tom\u00e1s Cobo<\/strong> (Organizaci\u00f3n M\u00e9dica Colegial \u2013 Omc). Il documento \u00e8 stato poi presentato nell\u2019ambito del convegno internazionale \u201cLa salute come investimento: un impegno europeo\u201d, in corso questo pomeriggio nella capitale.<\/p>\n<hr \/>\n<p>Anelli: bene un Piano strategico per il Ssn<\/p>\n<p>Una &#8216;rivoluzione copernicana&#8217; della sanit\u00e0, che metta al centro &#8220;non i pareggi di bilancio ma gli obiettivi di salute, i professionisti e i cittadini. E, per realizzarla, un piano straordinario di investimenti sul personale, di assunzioni e di incentivi che possano rendere il Servizio sanitario nazionale attrattivo&#8221;. \u00c8 quanto \u00e8 tornato a chiedere il presidente della Federazione nazionale degli Ordini dei Medici Chirurghi e degli Odontoiatri, la Fnomceo, Filippo Anelli, nella sua relazione al Consiglio nazionale, l&#8217;assemblea dei 106 presidenti degli Ordini territoriali.<\/p>\n<p>Tra gli undici interventi proposti per rilanciare il Servizio sanitario nazionale, con l&#8217;obiettivo di garantire equit\u00e0, universalit\u00e0 e diritto alla salute, anche la valorizzazione del personale, in ospedale e sul territorio, attraverso nuove assunzioni e la fidelizzazione dei professionisti gi\u00e0 dipendenti e convenzionati, dei giovani medici e degli specializzandi. L&#8217;iniziativa ha riscosso l&#8217;apprezzamento di Anelli, che si \u00e8 detto &#8220;contento che la sanit\u00e0 torni al centro del dibattito politico&#8221;. (Fonte <a href=\"https:\/\/www.fimmg.org\/it\/News\/art\/6024-anelli-bene-un-piano-strategico-per-il-ssn\/\" target=\"_blank\" rel=\"noopener\">Fimmg<\/a> da Ansa)<\/p>\n<p>E proprio mentre\u00a0<strong>Rings<\/strong>\u00a0teneva la sua relazione al Consiglio nazionale, alla Camera dei deputati\u00a0<strong>Come on Italy<\/strong>\u00a0presentava il suo\u00a0<strong>Piano strategico per il Servizio sanitario pubblico<\/strong>. Tra gli undici interventi proposti per rilanciare il Servizio sanitario nazionale, con l\u2019obiettivo di garantire equit\u00e0, universalit\u00e0 e diritto alla salute, anche la\u00a0<strong>valorizzazione del personale<\/strong>, in ospedale e sul territorio, attraverso nuove assunzioni e la fidelizzazione dei professionisti gi\u00e0 dipendenti e convenzionati, dei giovani medici e degli specializzandi. (Fonte <a href=\"https:\/\/portale.fnomceo.it\/anelli-fnomceo-bene-un-piano-strategico-per-il-ssn-la-sanita-sia-al-centro-del-dibattito-politico\/\" target=\"_blank\" rel=\"noopener\">FNOMCeO<\/a>)<\/p>\n<p>&nbsp;<\/p>","protected":false},"excerpt":{"rendered":"<p>La FNOMCeO presenta la \u201cCarta di Roma: la Salute come investimento strategico\u201d. A firmarla, gli Ordini nazionali dei medici di Francia, Germania, Grecia, Italia, Portogallo e Spagna. In un\u2019Europa sempre pi\u00f9 anziana, necessario investire in salute, diritto fondamentale e volano economico e di sviluppo sociale FNONCeO &#8211; 10 luglio 2025 Una \u201cclausola di resilienza sanitaria\u201d, &hellip;<\/p>","protected":false},"author":4,"featured_media":82695,"comment_status":"closed","ping_status":"closed","sticky":false,"template":"","format":"standard","meta":{"footnotes":""},"categories":[1],"tags":[79],"class_list":["post-82690","post","type-post","status-publish","format-standard","has-post-thumbnail","hentry","category-notizie","tag-ssn"],"amp_enabled":true,"_links":{"self":[{"href":"https:\/\/www.fedaiisf.it\/en\/wp-json\/wp\/v2\/posts\/82690","targetHints":{"allow":["GET"]}}],"collection":[{"href":"https:\/\/www.fedaiisf.it\/en\/wp-json\/wp\/v2\/posts"}],"about":[{"href":"https:\/\/www.fedaiisf.it\/en\/wp-json\/wp\/v2\/types\/post"}],"author":[{"embeddable":true,"href":"https:\/\/www.fedaiisf.it\/en\/wp-json\/wp\/v2\/users\/4"}],"replies":[{"embeddable":true,"href":"https:\/\/www.fedaiisf.it\/en\/wp-json\/wp\/v2\/comments?post=82690"}],"version-history":[{"count":7,"href":"https:\/\/www.fedaiisf.it\/en\/wp-json\/wp\/v2\/posts\/82690\/revisions"}],"predecessor-version":[{"id":82779,"href":"https:\/\/www.fedaiisf.it\/en\/wp-json\/wp\/v2\/posts\/82690\/revisions\/82779"}],"wp:featuredmedia":[{"embeddable":true,"href":"https:\/\/www.fedaiisf.it\/en\/wp-json\/wp\/v2\/media\/82695"}],"wp:attachment":[{"href":"https:\/\/www.fedaiisf.it\/en\/wp-json\/wp\/v2\/media?parent=82690"}],"wp:term":[{"taxonomy":"category","embeddable":true,"href":"https:\/\/www.fedaiisf.it\/en\/wp-json\/wp\/v2\/categories?post=82690"},{"taxonomy":"post_tag","embeddable":true,"href":"https:\/\/www.fedaiisf.it\/en\/wp-json\/wp\/v2\/tags?post=82690"}],"curies":[{"name":"wp","href":"https:\/\/api.w.org\/{rel}","templated":true}]}}