{"id":82860,"date":"2025-07-21T06:24:13","date_gmt":"2025-07-21T04:24:13","guid":{"rendered":"https:\/\/www.fedaiisf.it\/?p=82860"},"modified":"2025-07-20T11:27:40","modified_gmt":"2025-07-20T09:27:40","slug":"classifica-censis-delle-universita-tor-vergata-prima-per-farmacia","status":"publish","type":"post","link":"https:\/\/www.fedaiisf.it\/en\/classifica-censis-delle-universita-tor-vergata-prima-per-farmacia\/","title":{"rendered":"Classifica CENSIS delle Universit\u00e0. Tor Vergata prima per farmacia"},"content":{"rendered":"<h3 class=\"font-weight-light color-by-taxonomy\">La Classifica Censis delle Universit\u00e0 italiane (edizione 2025\/2026)<\/h3>\n<p><a href=\"https:\/\/www.censis.it\/formazione\/la-classifica-censis-delle-universit\u00e0-italiane-edizione-20252026\" target=\"_blank\" rel=\"noopener\">Censis &#8211; 17 luglio 2025<\/a><\/p>\n<p>Anche quest\u2019anno \u00e8 disponibile la Classifica Censis delle Universit\u00e0 italiane, giunta alla sua venticinquesima edizione: uno strumento che \u00e8 stato creato per fornire orientamenti alle scelte di tutti gli studenti pronti a intraprendere la carriera universitaria.<\/p>\n<p><img loading=\"lazy\" decoding=\"async\" class=\"wp-image-82866 alignright\" src=\"https:\/\/www.fedaiisf.it\/wp-content\/uploads\/2025\/07\/immatricolazioni.png\" alt=\"\" width=\"490\" height=\"381\" srcset=\"https:\/\/www.fedaiisf.it\/wp-content\/uploads\/2025\/07\/immatricolazioni.png 848w, https:\/\/www.fedaiisf.it\/wp-content\/uploads\/2025\/07\/immatricolazioni-300x233.png 300w, https:\/\/www.fedaiisf.it\/wp-content\/uploads\/2025\/07\/immatricolazioni-768x597.png 768w, https:\/\/www.fedaiisf.it\/wp-content\/uploads\/2025\/07\/immatricolazioni-15x12.png 15w\" sizes=\"auto, (max-width: 490px) 100vw, 490px\" \/>Si tratta di un\u2019articolata analisi del sistema universitario italiano (atenei statali e non statali, divisi in categorie omogenee per dimensioni) basata sulla valutazione delle strutture disponibili, dei servizi erogati, del livello di internazionalizzazione, della capacit\u00e0 di comunicazione 2.0 e della occupabilit\u00e0.<\/p>\n<p>Sono consultabili anche le classifiche della didattica delle lauree triennali, delle magistrali a ciclo unico e delle lauree magistrali biennali (rispettivamente raggruppate in 15, 7 e 15 gruppi disciplinari) ed \u00e8 disponibile la metodologia utilizzata per la classificazione.\u00a0 Complessivamente, sono 70 le classifiche stilate, a partire da una batteria di 962 variabili considerate.<\/p>\n<p>Tutte le classifiche sono disponibili in formato interattivo. Cliccando sul punteggio del singolo ateneo \u00e8 possibile visualizzare i punteggi ottenuti per ciascun indicatore che concorre al posizionamento generale. Per le classifiche degli atenei sono consultabili anche le serie storiche dei punteggi ottenuti per ogni indicatore.<\/p>\n<p>Dal 2017, anno della loro introduzione, ad oggi, i cruscotti interattivi delle classifiche hanno totalizzato pi\u00f9 di 3 milioni di visualizzazioni totali.<\/p>\n<p>Attraverso la funzione share \u00e8 possibile condividerle online e attraverso il tasto download si possono scaricare i dati delle singole classifiche.<\/p>\n<p><a href=\"https:\/\/www.censis.it\/formazione\/la-classifica-censis-delle-universit%C3%A0-italiane-edizione-20252026\/gli-atenei-statali\" target=\"_blank\" rel=\"noopener\">Gli atenei statali<\/a><\/p>\n<p><a href=\"https:\/\/www.censis.it\/formazione\/la-classifica-censis-delle-universit%C3%A0-italiane-edizione-20252026\/gli-atenei-non-statali\" target=\"_blank\" rel=\"noopener\">Gli atenei non statali<\/a><\/p>\n<p><a href=\"https:\/\/www.censis.it\/formazione\/la-classifica-censis-delle-universit%C3%A0-italiane-edizione-20252026\/la-didattica-lauree-biennali-atenei-statali\" target=\"_blank\" rel=\"noopener\">La didattica: lauree biennali &#8211; atenei statali<\/a><\/p>\n<p><a href=\"https:\/\/www.censis.it\/formazione\/la-classifica-censis-delle-universit%C3%A0-italiane-edizione-20252026\/la-didattica-lauree-triennali-atenei-statali\" target=\"_blank\" rel=\"noopener\">La didattica: lauree triennali &#8211; atenei statali<\/a><\/p>\n<p><a href=\"https:\/\/www.censis.it\/formazione\/la-classifica-censis-delle-universit%C3%A0-italiane-edizione-20252026\/la-didattica-lauree-magistrali-a%20ciclo%20unico-atenei-statali\" target=\"_blank\" rel=\"noopener\">La didattica: lauree magistrali a ciclo unico &#8211; atenei statali<\/a><\/p>\n<p><a href=\"https:\/\/www.censis.it\/formazione\/la-classifica-censis-delle-universit%C3%A0-italiane-edizione-20252026\/la-didattica-lauree-biennali-atenei-non-statali\" target=\"_blank\" rel=\"noopener\">La didattica: lauree biennali &#8211; atenei non statali<\/a><\/p>\n<p><a href=\"https:\/\/www.censis.it\/formazione\/la-classifica-censis-delle-universit%C3%A0-italiane-edizione-20252026\/la-didattica-lauree%20triennali-atenei-non-statali\" target=\"_blank\" rel=\"noopener\">La didattica: lauree triennali &#8211; atenei non statali<\/a><\/p>\n<p><a href=\"https:\/\/www.censis.it\/formazione\/la-classifica-censis-delle-universit%C3%A0-italiane-edizione-20252026\/la-didattica-lauree-magistrali-a-ciclo-unico-atenei-non-statali\" target=\"_blank\" rel=\"noopener\">La didattica: lauree magistrali a ciclo unico &#8211; atenei non statali<\/a><\/p>\n<p><a class=\"related-ebook-link colored color-12\" href=\"https:\/\/www.censis.it\/formazione\/la-classifica-censis-delle-universit%C3%A0-italiane-edizione-20252026-1\" target=\"_blank\" rel=\"noopener\">Sfoglia la versione digitale<\/a><\/p>\n<p><a href=\"https:\/\/www.censis.it\/sites\/default\/files\/downloads\/Classifica%20Censis%20delle%20Universita%20Italiane%202025-2026.pdf\" target=\"_blank\" rel=\"noopener\"><strong>LA CLASSIFICA CENSIS DELLE UNIVERSIT\u00c1 ITALIANE<\/strong><\/a><\/p>\n<hr \/>\n<h3 class=\"title\">Classifica Censis: ateneo di Roma Tor Vergata primo in Italia per Farmacia<\/h3>\n<p><a href=\"https:\/\/www.cremonaoggi.it\/2025\/07\/18\/universita-classifica-censis-ateneo-di-roma-tor-vergata-primo-in-italia-per-farmacia\/\" target=\"_blank\" rel=\"noopener\">Cremona oggi<\/a><\/p>\n<p><img loading=\"lazy\" decoding=\"async\" class=\"wp-image-82865 alignleft\" src=\"https:\/\/www.fedaiisf.it\/wp-content\/uploads\/2025\/07\/tor-vergata-farmacia.png\" alt=\"\" width=\"333\" height=\"230\" srcset=\"https:\/\/www.fedaiisf.it\/wp-content\/uploads\/2025\/07\/tor-vergata-farmacia.png 587w, https:\/\/www.fedaiisf.it\/wp-content\/uploads\/2025\/07\/tor-vergata-farmacia-300x207.png 300w, https:\/\/www.fedaiisf.it\/wp-content\/uploads\/2025\/07\/tor-vergata-farmacia-18x12.png 18w\" sizes=\"auto, (max-width: 333px) 100vw, 333px\" \/>L\u2019universit\u00e0 di Roma Tor Vergata \u00e8 prima per il corso di laurea in Farmacia secondo la Classifica Censis delle Universit\u00e0 italiane 2025\/2026: un corso totalmente erogato in inglese che si pone l\u2019obiettivo di un\u2019alta formazione teorica e pratica.<\/p>\n<p>\u201cGrande soddisfazione e orgoglio per il risultato della classifica \u2013 commenta Nathan Levialdi Ghiron, rettore dell\u2019universit\u00e0 di Roma Tor Vergata \u2013 che vede il corso di laurea magistrale a ciclo unico in Farmacia al primo posto a livello nazionale nel punteggio generale dedicato a farmacia e farmacia industriale. E con i corsi di laurea nell\u2019ambito economico, politico-sociale e della comunicazione del nostro Ateneo che si posizionano ai vertici per tipologia di ateneo e appartenenza territoriale\u201d.<\/p>\n<p>\u201cFarmacia ha riorganizzato il suo curriculum formativo \u2013 spiega Laura Di Renzo, coordinatrice del corso di laurea erogato in lingua inglese \u2013 con la sua trasformazione a corso di laurea professionalizzante, ponendo l\u2019attenzione all\u2019acquisizione di conoscenze trasversali per lo svolgimento della professione, che deve sempre pi\u00f9 rispondere da una parte alle mutevoli esigenze della Farmacia dei Servizi e dall\u2019altra alla strategia farmaceutica per l\u2019Europa, in campo sanitario, ricerca, innovazione tecnologica, digitalizzazione\u201d.<\/p>\n<p>A livello generale l\u2019Ateneo, che si classifica ottavo (con punteggio 84,8 su 100) tra i grandi atenei statali in Italia, registra un importante terzo posto per internazionalizzazione (punteggio 83 su 100) e il corso di laurea in Farmacia ne \u00e8 espressione chiara. (articolo integrale su<a href=\"https:\/\/www.cremonaoggi.it\/2025\/07\/18\/universita-classifica-censis-ateneo-di-roma-tor-vergata-primo-in-italia-per-farmacia\/\" target=\"_blank\" rel=\"noopener\"> Cremona oggi)<\/a><\/p>\n<p><img loading=\"lazy\" decoding=\"async\" class=\"size-full wp-image-82868 aligncenter\" src=\"https:\/\/www.fedaiisf.it\/wp-content\/uploads\/2025\/07\/classifica-farmacia.png\" alt=\"\" width=\"450\" height=\"533\" srcset=\"https:\/\/www.fedaiisf.it\/wp-content\/uploads\/2025\/07\/classifica-farmacia.png 450w, https:\/\/www.fedaiisf.it\/wp-content\/uploads\/2025\/07\/classifica-farmacia-253x300.png 253w, https:\/\/www.fedaiisf.it\/wp-content\/uploads\/2025\/07\/classifica-farmacia-10x12.png 10w\" sizes=\"auto, (max-width: 450px) 100vw, 450px\" \/><\/p>\n<p><img loading=\"lazy\" decoding=\"async\" class=\"size-full wp-image-82869 aligncenter\" src=\"https:\/\/www.fedaiisf.it\/wp-content\/uploads\/2025\/07\/classifica-2.png\" alt=\"\" width=\"450\" height=\"204\" srcset=\"https:\/\/www.fedaiisf.it\/wp-content\/uploads\/2025\/07\/classifica-2.png 450w, https:\/\/www.fedaiisf.it\/wp-content\/uploads\/2025\/07\/classifica-2-300x136.png 300w, https:\/\/www.fedaiisf.it\/wp-content\/uploads\/2025\/07\/classifica-2-18x8.png 18w\" sizes=\"auto, (max-width: 450px) 100vw, 450px\" \/><\/p>","protected":false},"excerpt":{"rendered":"<p>La Classifica Censis delle Universit\u00e0 italiane (edizione 2025\/2026) Censis &#8211; 17 luglio 2025 Anche quest\u2019anno \u00e8 disponibile la Classifica Censis delle Universit\u00e0 italiane, giunta alla sua venticinquesima edizione: uno strumento che \u00e8 stato creato per fornire orientamenti alle scelte di tutti gli studenti pronti a intraprendere la carriera universitaria. Si tratta di un\u2019articolata analisi del &hellip;<\/p>","protected":false},"author":4,"featured_media":82872,"comment_status":"closed","ping_status":"closed","sticky":false,"template":"","format":"standard","meta":{"footnotes":""},"categories":[1],"tags":[21],"class_list":["post-82860","post","type-post","status-publish","format-standard","has-post-thumbnail","hentry","category-notizie","tag-informatori-scientifici"],"amp_enabled":true,"_links":{"self":[{"href":"https:\/\/www.fedaiisf.it\/en\/wp-json\/wp\/v2\/posts\/82860","targetHints":{"allow":["GET"]}}],"collection":[{"href":"https:\/\/www.fedaiisf.it\/en\/wp-json\/wp\/v2\/posts"}],"about":[{"href":"https:\/\/www.fedaiisf.it\/en\/wp-json\/wp\/v2\/types\/post"}],"author":[{"embeddable":true,"href":"https:\/\/www.fedaiisf.it\/en\/wp-json\/wp\/v2\/users\/4"}],"replies":[{"embeddable":true,"href":"https:\/\/www.fedaiisf.it\/en\/wp-json\/wp\/v2\/comments?post=82860"}],"version-history":[{"count":6,"href":"https:\/\/www.fedaiisf.it\/en\/wp-json\/wp\/v2\/posts\/82860\/revisions"}],"predecessor-version":[{"id":82870,"href":"https:\/\/www.fedaiisf.it\/en\/wp-json\/wp\/v2\/posts\/82860\/revisions\/82870"}],"wp:featuredmedia":[{"embeddable":true,"href":"https:\/\/www.fedaiisf.it\/en\/wp-json\/wp\/v2\/media\/82872"}],"wp:attachment":[{"href":"https:\/\/www.fedaiisf.it\/en\/wp-json\/wp\/v2\/media?parent=82860"}],"wp:term":[{"taxonomy":"category","embeddable":true,"href":"https:\/\/www.fedaiisf.it\/en\/wp-json\/wp\/v2\/categories?post=82860"},{"taxonomy":"post_tag","embeddable":true,"href":"https:\/\/www.fedaiisf.it\/en\/wp-json\/wp\/v2\/tags?post=82860"}],"curies":[{"name":"wp","href":"https:\/\/api.w.org\/{rel}","templated":true}]}}