{"id":82892,"date":"2025-07-23T06:33:35","date_gmt":"2025-07-23T04:33:35","guid":{"rendered":"https:\/\/www.fedaiisf.it\/?p=82892"},"modified":"2025-07-29T12:11:50","modified_gmt":"2025-07-29T10:11:50","slug":"pace-fatta-fra-farmacisti-e-biologi-protocollo-dintesa-fofi-fnob","status":"publish","type":"post","link":"https:\/\/www.fedaiisf.it\/en\/pace-fatta-fra-farmacisti-e-biologi-protocollo-dintesa-fofi-fnob\/","title":{"rendered":"Pace fatta fra farmacisti e biologi. Protocollo d\u2019intesa FOFI\u2013FNOB"},"content":{"rendered":"<h3 class=\"entry-title\">Protocollo d\u2019intesa FOFI\u2013FNOB: collaborazione tra farmacisti e biologi per rafforzare la rete di prossimit\u00e0 a beneficio dei cittadini<\/h3>\n<p><a href=\"https:\/\/www.fnob.it\/2025\/07\/16\/protocollo-dintesa-fofi-fnob-collaborazione-tra-farmacisti-e-biologi-per-rafforzare-la-rete-di-prossimita-a-beneficio-dei-cittadini\/\" target=\"_blank\" rel=\"noopener\">Comunicato FNOB &#8211; 16 luglio 2025<\/a><\/p>\n<p>La Federazione degli Ordini dei Farmacisti Italiani (FOFI) e la Federazione Nazionale degli Ordini dei Biologi (FNOB) hanno sottoscritto ieri a Roma un protocollo d\u2019intesa che <img loading=\"lazy\" decoding=\"async\" class=\"wp-image-82896 alignright\" src=\"https:\/\/www.fedaiisf.it\/wp-content\/uploads\/2025\/07\/firma-intesa-fofi-fnob.png\" alt=\"\" width=\"318\" height=\"322\" srcset=\"https:\/\/www.fedaiisf.it\/wp-content\/uploads\/2025\/07\/firma-intesa-fofi-fnob.png 768w, https:\/\/www.fedaiisf.it\/wp-content\/uploads\/2025\/07\/firma-intesa-fofi-fnob-297x300.png 297w, https:\/\/www.fedaiisf.it\/wp-content\/uploads\/2025\/07\/firma-intesa-fofi-fnob-12x12.png 12w\" sizes=\"auto, (max-width: 318px) 100vw, 318px\" \/>sancisce la collaborazione tra farmacisti e biologi per l\u2019esecuzione dei test diagnostici ematico-capillari attraverso l\u2019impiego di strumentazioni POCT (Point-of-Care-Testing). L\u2019accordo, firmato dal presidente FOFI Andrea Mandelli e dal presidente FNOB Vincenzo D\u2019Anna, e consegnato al Sottosegretario di Stato, On. Marcello Gemmato, ha l\u2019obiettivo di assicurare il pi\u00f9 alto livello di qualit\u00e0, affidabilit\u00e0 e sicurezza nelle prestazioni erogate ai cittadini, valorizzando le specifiche competenze professionali, nell\u2019ottica del rafforzamento della rete assistenziale di prossimit\u00e0.<\/p>\n<p>L\u2019esecuzione dei test diagnostici POCT da parte dei farmacisti del territorio rientra tra le prestazioni previste nell\u2019ambito della \u201cFarmacia dei servizi\u201d, come disciplinata dal D.lgs. 153\/2009, nel rispetto degli standard e dei requisiti strutturali ed organizzativi previsti dalla vigente Convenzione Nazionale Farmaceutica e delle Linee Guida gi\u00e0 predisposte dalla FOFI e che sono in attesa della validazione da parte del Ministero della salute.<\/p>\n<p>In virt\u00f9 dell\u2019accordo, il paziente che effettua il test ematico-capillare in farmacia riceve un attestato di esito \u2013 che non ha valore di referto \u2013 riportante i valori registrati ed elaborati dal dispositivo in uso. L\u2019attestato di esito \u00e8 sottoscritto dal farmacista che assicura il rispetto delle procedure seguite, la corretta conduzione della fase pre-analitica rispetto alle indicazioni fornite dal produttore dell\u2019apparecchiatura con marchio CE, la scelta del test e la manutenzione della strumentazione. D\u2019ora in poi, inoltre, su richiesta dell\u2019assistito, le farmacie, che abbiano attivato l\u2019apposito collegamento con un laboratorio clinico, potranno trasmettere a quest\u2019ultimo i dati rilevati per il rilascio del referto clinico, sottoscritto dal biologo o dal medico di laboratorio.<\/p>\n<p>\u00abLa firma del protocollo d\u2019intesa segna l\u2019avvio di una proficua collaborazione tra farmacisti e biologi, volta a garantire, ai pazienti, la migliore assistenza possibile. Mai come in questi anni abbiamo compreso quanto sia importante fare squadra per costruire un servizio sanitario pi\u00f9 efficiente e vicino ai reali bisogni delle persone\u00bb, ha dichiarato Andrea Mandelli.<\/p>\n<p>\u00abLa capillarit\u00e0 e la prossimit\u00e0 dei farmacisti non solo facilitano l\u2019accesso ai servizi sanitari, ma si fondano sulla relazione di fiducia con il cittadino che ci permette di attuare un approccio proattivo alla salute, fondamentale per affrontare le sfide legate all\u2019invecchiamento della popolazione e alla sostenibilit\u00e0 economica del SSN.<\/p>\n<p><img loading=\"lazy\" decoding=\"async\" class=\"wp-image-82897 alignleft\" src=\"https:\/\/www.fedaiisf.it\/wp-content\/uploads\/2025\/07\/test-diagnostici.png\" alt=\"\" width=\"315\" height=\"192\" srcset=\"https:\/\/www.fedaiisf.it\/wp-content\/uploads\/2025\/07\/test-diagnostici.png 1178w, https:\/\/www.fedaiisf.it\/wp-content\/uploads\/2025\/07\/test-diagnostici-300x183.png 300w, https:\/\/www.fedaiisf.it\/wp-content\/uploads\/2025\/07\/test-diagnostici-1024x624.png 1024w, https:\/\/www.fedaiisf.it\/wp-content\/uploads\/2025\/07\/test-diagnostici-768x468.png 768w, https:\/\/www.fedaiisf.it\/wp-content\/uploads\/2025\/07\/test-diagnostici-18x12.png 18w\" sizes=\"auto, (max-width: 315px) 100vw, 315px\" \/>La collaborazione con i biologi si inserisce in questa visione: assicurare i pi\u00f9 elevati standard di qualit\u00e0 e sicurezza delle prestazioni che ogni giorno eroghiamo ai cittadini, che \u00e8 la priorit\u00e0 assoluta dei farmacisti e di tutti i professionisti del Servizio Sanitario Nazionale. Un sincero ringraziamento al Sottosegretario Gemmato per la sensibilit\u00e0 e l\u2019impegno profuso per il raggiungimento di questo importante traguardo di collaborazione interprofessionale\u00bb.<\/p>\n<p>\u00abAbbiamo salvaguardato e ribadito le diverse competenze professionali che fanno capo ai Biologi ed ai Farmacisti definendo, al tempo stesso, i loro differenti ruoli e funzioni. Il tutto in sinergia e collaborazione rafforzando, per entrambe le categorie, la professionalit\u00e0 che gli compete\u00bb ha commentato Vincenzo D\u2019Anna, presidente della FNOB.<\/p>\n<p>L\u2019auspicio \u00e8 che questo accordo trovi la pi\u00f9 ampia adesione di tutti gli attori coinvolti e degli organismi di rappresentanza.<\/p>\n<hr \/>\n<p>Note:<em> \u201cIl rispetto delle reciproche competenze che si coadiuvano nell\u2019interesse del cittadino-paziente, \u00e8 un valore imprescindibile che deve essere proprio di tutti gli attori della sanit\u00e0 pubblica\u201d<\/em> spiega Lamberti, presidente di Federlab Italia, in una nota<\/p>\n<p>Related news: <a href=\"https:\/\/www.fnob.it\/2025\/07\/16\/farmacia-dei-servizi-gemmato-bene-laccordo-tra-farmacisti-e-biologi-sui-test-diagnostici-sintesi-utile-per-garantire-piu-accesso-e-qualita-ai-cittadini\/\" target=\"_blank\" rel=\"noopener\">Farmacia dei servizi, Gemmato: \u201cBene l\u2019accordo tra farmacisti e biologi sui test diagnostici. Sintesi utile per garantire pi\u00f9 accesso e qualit\u00e0 ai cittadini\u201d<\/a><\/p>\n<p style=\"font-weight: 400;\"><a href=\"https:\/\/www.fedaiisf.it\/en\/tar-sicilia-no-ad-ambulatori-medici-nelle-farmacie\/\" target=\"_blank\" rel=\"noopener\">TAR Sicilia. Biologi: No a laboratori nelle farmacie. Federfarma: le farmacie continueranno ad erogare, nei locali della farmacia, tutti i servizi relativi alla c.d. \u201cfarmacia dei servizi\u201d<\/a><\/p>\n<p>&nbsp;<\/p>\n<p>&nbsp;<\/p>","protected":false},"excerpt":{"rendered":"<p>Protocollo d\u2019intesa FOFI\u2013FNOB: collaborazione tra farmacisti e biologi per rafforzare la rete di prossimit\u00e0 a beneficio dei cittadini Comunicato FNOB &#8211; 16 luglio 2025 La Federazione degli Ordini dei Farmacisti Italiani (FOFI) e la Federazione Nazionale degli Ordini dei Biologi (FNOB) hanno sottoscritto ieri a Roma un protocollo d\u2019intesa che sancisce la collaborazione tra farmacisti &hellip;<\/p>","protected":false},"author":4,"featured_media":82895,"comment_status":"closed","ping_status":"closed","sticky":false,"template":"","format":"standard","meta":{"footnotes":""},"categories":[16],"tags":[79],"class_list":["post-82892","post","type-post","status-publish","format-standard","has-post-thumbnail","hentry","category-primo-piano","tag-ssn"],"amp_enabled":true,"_links":{"self":[{"href":"https:\/\/www.fedaiisf.it\/en\/wp-json\/wp\/v2\/posts\/82892","targetHints":{"allow":["GET"]}}],"collection":[{"href":"https:\/\/www.fedaiisf.it\/en\/wp-json\/wp\/v2\/posts"}],"about":[{"href":"https:\/\/www.fedaiisf.it\/en\/wp-json\/wp\/v2\/types\/post"}],"author":[{"embeddable":true,"href":"https:\/\/www.fedaiisf.it\/en\/wp-json\/wp\/v2\/users\/4"}],"replies":[{"embeddable":true,"href":"https:\/\/www.fedaiisf.it\/en\/wp-json\/wp\/v2\/comments?post=82892"}],"version-history":[{"count":4,"href":"https:\/\/www.fedaiisf.it\/en\/wp-json\/wp\/v2\/posts\/82892\/revisions"}],"predecessor-version":[{"id":82899,"href":"https:\/\/www.fedaiisf.it\/en\/wp-json\/wp\/v2\/posts\/82892\/revisions\/82899"}],"wp:featuredmedia":[{"embeddable":true,"href":"https:\/\/www.fedaiisf.it\/en\/wp-json\/wp\/v2\/media\/82895"}],"wp:attachment":[{"href":"https:\/\/www.fedaiisf.it\/en\/wp-json\/wp\/v2\/media?parent=82892"}],"wp:term":[{"taxonomy":"category","embeddable":true,"href":"https:\/\/www.fedaiisf.it\/en\/wp-json\/wp\/v2\/categories?post=82892"},{"taxonomy":"post_tag","embeddable":true,"href":"https:\/\/www.fedaiisf.it\/en\/wp-json\/wp\/v2\/tags?post=82892"}],"curies":[{"name":"wp","href":"https:\/\/api.w.org\/{rel}","templated":true}]}}