{"id":82936,"date":"2025-07-25T19:37:48","date_gmt":"2025-07-25T17:37:48","guid":{"rendered":"https:\/\/www.fedaiisf.it\/?p=82936"},"modified":"2025-07-26T19:14:37","modified_gmt":"2025-07-26T17:14:37","slug":"carrassi-ba-la-protesta-di-un-medico-di-base-la-regione-ci-manda-la-finanza-non-vi-prescriviamo-piu-i-farmaci","status":"publish","type":"post","link":"https:\/\/www.fedaiisf.it\/en\/carrassi-ba-la-protesta-di-un-medico-di-base-la-regione-ci-manda-la-finanza-non-vi-prescriviamo-piu-i-farmaci\/","title":{"rendered":"Carrassi (BA). La protesta di un medico di base: \u00abLa Regione ci manda la Finanza, non vi prescriviamo pi\u00f9 i farmaci\u00bb"},"content":{"rendered":"<p>There <a href=\"https:\/\/www.lagazzettadelmezzogiorno.it\/news\/bari\/1779633\/bari-lavviso-choc-del-medico-di-base-la-regione-ci-manda-la-finanza-non-vi-prescriviamo-piu-i-farmaci.html\" target=\"_blank\" rel=\"noopener\">Gazzetta del Mezzogiorno<\/a> riporta il caso di un medico di medicina generale del quartiere Carrassi di Bari che con un lungo avviso, ha informato i suoi pazienti che la pacchia \u00e8 finita: \u00abPoich\u00e9 molti farmaci (anche se <img loading=\"lazy\" decoding=\"async\" class=\"size-full wp-image-82940 alignright\" src=\"https:\/\/www.fedaiisf.it\/wp-content\/uploads\/2025\/07\/avviso-agli-assistiti-bari.png\" alt=\"\" width=\"402\" height=\"535\" srcset=\"https:\/\/www.fedaiisf.it\/wp-content\/uploads\/2025\/07\/avviso-agli-assistiti-bari.png 402w, https:\/\/www.fedaiisf.it\/wp-content\/uploads\/2025\/07\/avviso-agli-assistiti-bari-225x300.png 225w, https:\/\/www.fedaiisf.it\/wp-content\/uploads\/2025\/07\/avviso-agli-assistiti-bari-9x12.png 9w\" sizes=\"auto, (max-width: 402px) 100vw, 402px\" \/>prescritti da medici specialisti ospedalieri e Asl dopo visita o accesso al Pronto soccorso o alla dimissione ospedaliera) potrebbero non essere prescrivibili, si invitano gli assistiti di consultare il proprio medico di base prima di farsi anticipare farmaci dalle farmacie ed evitare l\u2019autoprescrizione di farmaci che non rientrano nella prescrivibilit\u00e0\u00bb.<\/p>\n<p>Il medico fa notare che la responsabilit\u00e0 sulla cosiddetta propriet\u00e0 prescrittiva ricade sul medico di base \u00e8 punita con procedimenti disciplinari dell\u2019Ordine e Asl, procedimenti giudiziari (civili e penali) che possono comportare il semplice risarcimento del costo dei farmaci, sino alla sospensione dell\u2019attivit\u00e0 e alla perdita del posto di lavoro.<\/p>\n<p>Tutto nasce dal fatto che la spesa farmaceutica in Puglia ha sforato di 200 milioni la cui responsabilit\u00e0, dice il medico, \u00abda Regione e organi di stampa viene fatta ricadere tutta sui medici di medicina generale\u00bb, nonostante in realt\u00e0 \u00able cause siano molteplici\u00bb e la quota di sforamento &#8220;territoriale&#8221; \u00e8 molto contenuta\u00bb.<\/p>\n<p>Non \u00e8 la prima volta che i medici di medicina generale pugliesi protestano con le autorit\u00e0 regionali. Lo scontro si \u00e8 esteso anche agli assessori al bilancio e alla salute. L&#8217;assessore al bilancio a febbraio aveva convocato i Direttori Generali per richiamarli al rigore. Un modo del tutto irrituale essendo i DG di competenza dell&#8217;Assessore alla salute.<\/p>\n<p style=\"font-weight: 400;\">Rispetto al tema della spesa farmaceutica, ha dichiarato Raffaele Piemontese, assessore alla salute, la Puglia rispetta i tetti sulla convenzionata. Sugli acquisti diretti siamo settimi in Italia per sforamento. Ma posto che c\u2019\u00e8 stata una flessione, nel momento in cui tutte le Regioni superano il tetto sulla spesa dei medicinali per curare i ricoverati, \u00e8 evidente che sono i parametri a dover essere rivisti. Noi dobbiamo garantire le migliori cure e anche i farmaci innovativi. Non sono tra quelli che pensano di dover mettere pressione ai manager sperando che il numeretto scenda. Se ci sono farmaci di ultima generazione devono essere usati anche in Puglia, altrimenti i pazienti andranno a curarsi fuori e a noi coster\u00e0 ancora di pi\u00f9. Dobbiamo garantire &#8211; conclude Piemontese &#8211; i farmaci ai malati, e dobbiamo lavorare per la riduzione delle liste d\u2019attesa. Il nostro compito \u00e8 dare risposte ai cittadini\u00bb.<\/p>\n<p style=\"font-weight: 400;\"><img loading=\"lazy\" decoding=\"async\" class=\"size-full wp-image-80127 alignleft\" src=\"https:\/\/www.fedaiisf.it\/wp-content\/uploads\/2025\/02\/ass-piemontese-puglia.png\" alt=\"\" width=\"379\" height=\"331\" srcset=\"https:\/\/www.fedaiisf.it\/wp-content\/uploads\/2025\/02\/ass-piemontese-puglia.png 379w, https:\/\/www.fedaiisf.it\/wp-content\/uploads\/2025\/02\/ass-piemontese-puglia-300x262.png 300w, https:\/\/www.fedaiisf.it\/wp-content\/uploads\/2025\/02\/ass-piemontese-puglia-14x12.png 14w\" sizes=\"auto, (max-width: 379px) 100vw, 379px\" \/>Piemontese ha escluso il contrasto con l\u2019assessore al bilancio. Una lite in questa fase, in un momento in cui la maggioranza \u00e8 in agitazione perch\u00e9 pensa alle candidature per le prossime elezioni regionali, non conviene a nessuno.<\/p>\n<p style=\"font-weight: 400;\">Un ragionamento, quello dell&#8217;assessore Piemontese, che ci sembra logico, razionale e &#8230; umano. Quest&#8217;ultimo aspetto ci sembra importante perch\u00e9 \u00e8 sempre pi\u00f9 evidente che lo scopo delle varie ASL in Italia non \u00e8 la cura dei pazienti ma far quadrare i bilanci, del resto dal 1992 sono aziende e come tali sono stati introdotti nel settore sanitario logiche delle imprese private. I tetti sono appositamente sottostimati rispetto ai fabbisogni e la spesa per gli acquisti diretti dei farmaci, rispetto alla convenzionata, \u00e8 destinata sempre ad aumentare semplicemente \u00a0perch\u00e9 con la diretta i farmaci, per legge, costano meno, almeno il 50% in meno, ma poi con le gare al ribasso si arriva a molto meno. Inoltre lo sfondamento del tetto \u00e8 finanziato per il 50% dalle stesse aziende farmaceutiche e dei dispositivi \u00a0con il cosiddetto payback, una mostruosit\u00e0 in un sistema economico occidentale, che per i bilanci della sanit\u00e0 \u00e8 (sulla carta) una fonte di ricavo.<\/p>\n<p>La spesa farmaceutica territoriale \u00e8 stata negli ultimi anni oggetto di contrazione vistosa e, se si propongono ulteriori tagli, si corre il grande rischio di sottrarre ai cittadini cure essenziali senza generare risparmi, anzi con la conseguenza concreta di aumentare altre voci di spesa sanitaria.<\/p>\n<p>Related news: <a href=\"https:\/\/www.fedaiisf.it\/en\/puglia-assessore-alla-salute-non-tagliero-i-farmaci-ai-malati-per-migliorare-qualche-numero-del-bilancio\/\" target=\"_blank\" rel=\"noopener\">Puglia. Assessore alla Salute: \u00abNon taglier\u00f2 i farmaci ai malati per migliorare qualche numero del bilancio\u00bb<\/a><\/p>\n<p class=\"jeg_post_title\"><a href=\"https:\/\/www.umbriaon.it\/terni-usl-sanziona-dottoressa-a-causa-della-spesa-per-i-farmaci-il-tar-ordina-allazienda-di-esibire-i-documenti\/\" target=\"_blank\" rel=\"noopener\">Terni, Usl sanziona medico a causa della spesa per i farmaci. Tar ordina all\u2019azienda di esibire i documenti<\/a><\/p>\n<p>&nbsp;<\/p>","protected":false},"excerpt":{"rendered":"<p>La Gazzetta del Mezzogiorno riporta il caso di un medico di medicina generale del quartiere Carrassi di Bari che con un lungo avviso, ha informato i suoi pazienti che la pacchia \u00e8 finita: \u00abPoich\u00e9 molti farmaci (anche se prescritti da medici specialisti ospedalieri e Asl dopo visita o accesso al Pronto soccorso o alla dimissione &hellip;<\/p>","protected":false},"author":4,"featured_media":82942,"comment_status":"closed","ping_status":"closed","sticky":false,"template":"","format":"standard","meta":{"footnotes":""},"categories":[1],"tags":[],"class_list":["post-82936","post","type-post","status-publish","format-standard","has-post-thumbnail","hentry","category-notizie"],"amp_enabled":true,"_links":{"self":[{"href":"https:\/\/www.fedaiisf.it\/en\/wp-json\/wp\/v2\/posts\/82936","targetHints":{"allow":["GET"]}}],"collection":[{"href":"https:\/\/www.fedaiisf.it\/en\/wp-json\/wp\/v2\/posts"}],"about":[{"href":"https:\/\/www.fedaiisf.it\/en\/wp-json\/wp\/v2\/types\/post"}],"author":[{"embeddable":true,"href":"https:\/\/www.fedaiisf.it\/en\/wp-json\/wp\/v2\/users\/4"}],"replies":[{"embeddable":true,"href":"https:\/\/www.fedaiisf.it\/en\/wp-json\/wp\/v2\/comments?post=82936"}],"version-history":[{"count":7,"href":"https:\/\/www.fedaiisf.it\/en\/wp-json\/wp\/v2\/posts\/82936\/revisions"}],"predecessor-version":[{"id":82945,"href":"https:\/\/www.fedaiisf.it\/en\/wp-json\/wp\/v2\/posts\/82936\/revisions\/82945"}],"wp:featuredmedia":[{"embeddable":true,"href":"https:\/\/www.fedaiisf.it\/en\/wp-json\/wp\/v2\/media\/82942"}],"wp:attachment":[{"href":"https:\/\/www.fedaiisf.it\/en\/wp-json\/wp\/v2\/media?parent=82936"}],"wp:term":[{"taxonomy":"category","embeddable":true,"href":"https:\/\/www.fedaiisf.it\/en\/wp-json\/wp\/v2\/categories?post=82936"},{"taxonomy":"post_tag","embeddable":true,"href":"https:\/\/www.fedaiisf.it\/en\/wp-json\/wp\/v2\/tags?post=82936"}],"curies":[{"name":"wp","href":"https:\/\/api.w.org\/{rel}","templated":true}]}}