{"id":83007,"date":"2025-07-30T12:05:24","date_gmt":"2025-07-30T10:05:24","guid":{"rendered":"https:\/\/www.fedaiisf.it\/?p=83007"},"modified":"2025-07-30T12:05:24","modified_gmt":"2025-07-30T10:05:24","slug":"istat-esportazioni-prodotti-farmaceutici-a-maggio-2025-39-effetto-accaparramento-per-possibili-dazi","status":"publish","type":"post","link":"https:\/\/www.fedaiisf.it\/en\/istat-esportazioni-prodotti-farmaceutici-a-maggio-2025-39-effetto-accaparramento-per-possibili-dazi\/","title":{"rendered":"ISTAT. Esportazioni prodotti farmaceutici a maggio 2025: +39%. Effetto accaparramento per possibili dazi"},"content":{"rendered":"<p>A maggio 2025 si stima una flessione congiunturale pi\u00f9 ampia per le importazioni (-4,1%) rispetto alle esportazioni (-2,3%). La diminuzione su base mensile dell\u2019export riguarda entrambe le aree, UE (-1,7%) ed \u00a0extra UE (-3,1%).<\/p>\n<p><img loading=\"lazy\" decoding=\"async\" class=\"wp-image-77573 alignright\" src=\"https:\/\/www.fedaiisf.it\/wp-content\/uploads\/2024\/08\/import-export.png\" alt=\"\" width=\"301\" height=\"113\" srcset=\"https:\/\/www.fedaiisf.it\/wp-content\/uploads\/2024\/08\/import-export.png 2146w, https:\/\/www.fedaiisf.it\/wp-content\/uploads\/2024\/08\/import-export-300x112.png 300w, https:\/\/www.fedaiisf.it\/wp-content\/uploads\/2024\/08\/import-export-1024x384.png 1024w, https:\/\/www.fedaiisf.it\/wp-content\/uploads\/2024\/08\/import-export-768x288.png 768w, https:\/\/www.fedaiisf.it\/wp-content\/uploads\/2024\/08\/import-export-1536x575.png 1536w, https:\/\/www.fedaiisf.it\/wp-content\/uploads\/2024\/08\/import-export-2048x767.png 2048w, https:\/\/www.fedaiisf.it\/wp-content\/uploads\/2024\/08\/import-export-18x7.png 18w\" sizes=\"auto, (max-width: 301px) 100vw, 301px\" \/>Nel trimestre marzo-maggio 2025, rispetto al precedente, l\u2019export si riduce dell\u20191,2%, l\u2019import dello 0,7%.<\/p>\n<p>A maggio 2025 l\u2019export diminuisce su base annua dell\u20191,9% in termini monetari e del 4,3% in volume. La flessione tendenziale dell\u2019export in valore \u00e8 sintesi di una riduzione per i mercati extra UE (-4,6%) e di un moderato incremento per quelli UE (+0,7%). L\u2019import registra un calo tendenziale dell\u20191,7% in valore, che coinvolge in misura pi\u00f9 marcata l\u2019area extra UE (-3,4%), rispetto a quella UE (-0,4%); in volume, le importazioni si riducono del 2,4%.<\/p>\n<p>Tra i settori che pi\u00f9 contribuiscono alla flessione tendenziale dell\u2019export si segnalano: articoli sportivi, giochi, strumenti musicali, preziosi, strumenti medici e altri prodotti non classificati altrove (n.c.a.) (-15,1%), macchinari e apparecchi n.c.a. (-4,1%) e computer, apparecchi elettronici e ottici (-15,9%). <span style=\"font-size: 14pt;\"><strong>Crescono su base annua soltanto le esportazioni di articoli farmaceutici, chimico-medicinali e botanici (+39,0%)<\/strong> <\/span>e prodotti alimentari, bevande e tabacco (+3,5%).<\/p>\n<p>Su base annua, i paesi che forniscono i contributi maggiori alla flessione dell\u2019export nazionale sono Turchia (-22,5%), Cina (-22,6%), Regno Unito (-7,4%) e Paesi Bassi (-8,4%). <strong>All\u2019opposto, Spagna (+15,6%), Svizzera (+9,2%) e Stati Uniti (+2,6%) forniscono i contributi positivi pi\u00f9 ampi<\/strong>.<\/p>\n<p><strong>Nel periodo gennaio-maggio 2025, l\u2019export registra una crescita tendenziale dell\u20191,6%, spiegata dalle maggiori vendite di articoli farmaceutici, chimico-medicinali e botanici (+38,8%)<\/strong>, prodotti alimentari, bevande e tabacco (+5,0%), mezzi di trasporto, esclusi autoveicoli (+7,3%) e metalli di base e prodotti in metallo, escluse macchine e impianti (+4,1%). Per tutti gli altri settori si rilevano diminuzioni nelle vendite: le pi\u00f9 ampie per coke e prodotti petroliferi raffinati (-26,1%) e autoveicoli (-11,7%).<\/p>\n<p><img loading=\"lazy\" decoding=\"async\" class=\"size-full wp-image-83009 aligncenter\" src=\"https:\/\/www.fedaiisf.it\/wp-content\/uploads\/2025\/07\/graduatoria-export-maggio-25.png\" alt=\"\" width=\"1796\" height=\"690\" srcset=\"https:\/\/www.fedaiisf.it\/wp-content\/uploads\/2025\/07\/graduatoria-export-maggio-25.png 1796w, https:\/\/www.fedaiisf.it\/wp-content\/uploads\/2025\/07\/graduatoria-export-maggio-25-300x115.png 300w, https:\/\/www.fedaiisf.it\/wp-content\/uploads\/2025\/07\/graduatoria-export-maggio-25-1024x393.png 1024w, https:\/\/www.fedaiisf.it\/wp-content\/uploads\/2025\/07\/graduatoria-export-maggio-25-768x295.png 768w, https:\/\/www.fedaiisf.it\/wp-content\/uploads\/2025\/07\/graduatoria-export-maggio-25-1536x590.png 1536w, https:\/\/www.fedaiisf.it\/wp-content\/uploads\/2025\/07\/graduatoria-export-maggio-25-18x7.png 18w\" sizes=\"auto, (max-width: 1796px) 100vw, 1796px\" \/>Il saldo commerciale a maggio 2025 \u00e8 pari a +6.163 milioni di euro (era +6.377 milioni nello stesso mese del 2024). Il deficit energetico (-3.458 milioni) \u00e8 inferiore rispetto a un anno prima (-4.018 milioni). L\u2019avanzo nell\u2019interscambio di prodotti non energetici si riduce da 10.395 milioni di maggio 2024 a 9.621 milioni di maggio 2025.<\/p>\n<p>Nel mese di maggio 2025 i prezzi all\u2019importazione diminuiscono dell\u20191,4% su base mensile e del 3,0 % su base annua (da -1,5% di aprile).<\/p>\n<h4 class=\"wp-block-heading\"><strong><em>Il commento ISTAT<\/em><\/strong><\/h4>\n<p>A maggio, la riduzione congiunturale dell\u2019export \u00e8 generalizzata e pi\u00f9 ampia per l\u2019area extra UE, rispetto all\u2019area UE.<\/p>\n<p><strong>La sua flessione su base annua investe tutti i settori, a esclusione di alimentari e farmaceutica, che si conferma molto dinamica, e coinvolge in particolare l\u2019area extra UE<\/strong>; in tale area, le flessioni maggiori riguardano Turchia, Cina e Regno Unito mentre <strong>cresce l\u2019export verso Svizzera e Stati Uniti, sostenuto dalle maggiori vendite del settore farmaceutico<\/strong>.<\/p>\n<p><img loading=\"lazy\" decoding=\"async\" class=\"wp-image-67892 alignleft\" src=\"https:\/\/www.fedaiisf.it\/wp-content\/uploads\/2022\/10\/Statistica_istat-grafico.jpeg\" alt=\"\" width=\"204\" height=\"204\" srcset=\"https:\/\/www.fedaiisf.it\/wp-content\/uploads\/2022\/10\/Statistica_istat-grafico.jpeg 260w, https:\/\/www.fedaiisf.it\/wp-content\/uploads\/2022\/10\/Statistica_istat-grafico-150x150.jpeg 150w\" sizes=\"auto, (max-width: 204px) 100vw, 204px\" \/>Nei primi cinque mesi del 2025, la dinamica tendenziale dell\u2019export \u00e8 positiva (+1,6%), trainata dall\u2019aumento delle vendite di un numero ristretto di settori; quella dell\u2019import \u00e8 pi\u00f9 sostenuta (+4,5%). Il saldo commerciale \u00e8 positivo (+17,5 miliardi di euro) ma in decisa riduzione (era +24,0 miliardi nei primi cinque mesi del 2024). Il nuovo calo su base mensile e l\u2019accentuazione della flessione su base annua dei prezzi all\u2019import si devono soprattutto ai ribassi dei prezzi dei prodotti energetici in entrambe le aree, euro e non euro.<\/p>\n<p class=\"p1\"><strong>Le maggiori vendite di articoli farmaceutici, chimico-medicinali e botanici verso Stati Uniti, Spagna, Svizzera, Belgio e Francia sostengono l\u2019export nazionale con un ampio contributo positivo, pari a +3,3 punti percentuali.<\/strong><\/p>\n<p><a href=\"https:\/\/www.istat.it\/comunicato-stampa\/commercio-con-lestero-e-prezzi-allimport-maggio-2025\/\" target=\"_blank\" rel=\"noopener\">ISTAT &#8211; 16 luglio 2025<\/a><\/p>\n<p>&nbsp;<\/p>","protected":false},"excerpt":{"rendered":"<p>A maggio 2025 si stima una flessione congiunturale pi\u00f9 ampia per le importazioni (-4,1%) rispetto alle esportazioni (-2,3%). La diminuzione su base mensile dell\u2019export riguarda entrambe le aree, UE (-1,7%) ed \u00a0extra UE (-3,1%). Nel trimestre marzo-maggio 2025, rispetto al precedente, l\u2019export si riduce dell\u20191,2%, l\u2019import dello 0,7%. A maggio 2025 l\u2019export diminuisce su base &hellip;<\/p>","protected":false},"author":4,"featured_media":77575,"comment_status":"closed","ping_status":"closed","sticky":false,"template":"","format":"standard","meta":{"footnotes":""},"categories":[1],"tags":[42],"class_list":["post-83007","post","type-post","status-publish","format-standard","has-post-thumbnail","hentry","category-notizie","tag-istat"],"amp_enabled":true,"_links":{"self":[{"href":"https:\/\/www.fedaiisf.it\/en\/wp-json\/wp\/v2\/posts\/83007","targetHints":{"allow":["GET"]}}],"collection":[{"href":"https:\/\/www.fedaiisf.it\/en\/wp-json\/wp\/v2\/posts"}],"about":[{"href":"https:\/\/www.fedaiisf.it\/en\/wp-json\/wp\/v2\/types\/post"}],"author":[{"embeddable":true,"href":"https:\/\/www.fedaiisf.it\/en\/wp-json\/wp\/v2\/users\/4"}],"replies":[{"embeddable":true,"href":"https:\/\/www.fedaiisf.it\/en\/wp-json\/wp\/v2\/comments?post=83007"}],"version-history":[{"count":3,"href":"https:\/\/www.fedaiisf.it\/en\/wp-json\/wp\/v2\/posts\/83007\/revisions"}],"predecessor-version":[{"id":83011,"href":"https:\/\/www.fedaiisf.it\/en\/wp-json\/wp\/v2\/posts\/83007\/revisions\/83011"}],"wp:featuredmedia":[{"embeddable":true,"href":"https:\/\/www.fedaiisf.it\/en\/wp-json\/wp\/v2\/media\/77575"}],"wp:attachment":[{"href":"https:\/\/www.fedaiisf.it\/en\/wp-json\/wp\/v2\/media?parent=83007"}],"wp:term":[{"taxonomy":"category","embeddable":true,"href":"https:\/\/www.fedaiisf.it\/en\/wp-json\/wp\/v2\/categories?post=83007"},{"taxonomy":"post_tag","embeddable":true,"href":"https:\/\/www.fedaiisf.it\/en\/wp-json\/wp\/v2\/tags?post=83007"}],"curies":[{"name":"wp","href":"https:\/\/api.w.org\/{rel}","templated":true}]}}