{"id":83396,"date":"2025-08-27T18:11:52","date_gmt":"2025-08-27T16:11:52","guid":{"rendered":"https:\/\/www.fedaiisf.it\/?p=83396"},"modified":"2025-08-28T18:54:33","modified_gmt":"2025-08-28T16:54:33","slug":"il-settore-veterinario-e-accusato-come-principale-responsabile-dellantibioticoresistenza","status":"publish","type":"post","link":"https:\/\/www.fedaiisf.it\/en\/il-settore-veterinario-e-accusato-come-principale-responsabile-dellantibioticoresistenza\/","title":{"rendered":"Il settore veterinario \u00e8 accusato di essere il principale responsabile dell&#8217;antibioticoresistenza"},"content":{"rendered":"<h3 class=\"d-none d-sm-block\">Antibiotico-resistenza nel settore veterinario<\/h3>\n<p><a href=\"https:\/\/www.salute.gov.it\/new\/it\/tema\/antibiotico-resistenza\/antibiotico-resistenza-nel-settore-veterinario\/\" target=\"_blank\" rel=\"noopener\">Ministero della Salute<\/a><\/p>\n<p>Dalla loro scoperta, gli antibiotici hanno svolto un ruolo fondamentale nel trattamento di numerose malattie infettive, contribuendo in modo significativo al miglioramento della salute umana e animale. Oggi, per\u00f2, questo <img loading=\"lazy\" decoding=\"async\" class=\"wp-image-61098 alignleft\" src=\"https:\/\/www.fedaiisf.it\/wp-content\/uploads\/2021\/11\/antibiotici-COP-emergenza-mondiale.jpeg\" alt=\"\" width=\"314\" height=\"204\" srcset=\"https:\/\/www.fedaiisf.it\/wp-content\/uploads\/2021\/11\/antibiotici-COP-emergenza-mondiale.jpeg 1080w, https:\/\/www.fedaiisf.it\/wp-content\/uploads\/2021\/11\/antibiotici-COP-emergenza-mondiale-300x194.jpeg 300w, https:\/\/www.fedaiisf.it\/wp-content\/uploads\/2021\/11\/antibiotici-COP-emergenza-mondiale-1024x664.jpeg 1024w, https:\/\/www.fedaiisf.it\/wp-content\/uploads\/2021\/11\/antibiotici-COP-emergenza-mondiale-768x498.jpeg 768w\" sizes=\"auto, (max-width: 314px) 100vw, 314px\" \/>progresso rischia di essere compromesso dalla crescente diffusione di patogeni resistenti agli antibiotici.<\/p>\n<p>Negli ultimi anni, l\u2019abuso e l\u2019uso improprio di antibiotici, sia in medicina umana che veterinaria, hanno amplificato e accelerato il fenomeno della resistenza. L\u2019impiego eccessivo di questi medicinali \u201csalva-vita\u201d esercita, infatti, una forte pressione selettiva sulla popolazione microbica, riducendo l\u2019efficacia delle terapie e aumentando il rischio che le malattie diventino pi\u00f9 gravi e difficili da contenere.<\/p>\n<h4>Rischi nel settore veterinario<\/h4>\n<p>Il settore veterinario \u00e8 stato spesso annoverato tra i principali responsabili del fenomeno dell\u2019antibiotico-resistenza, in quanto \u201coltre il 50% degli antibiotici utilizzati a livello globale viene impiegato in ambito veterinario\u201d. \u00c8 per\u00f2 importante sottolineare che l\u2019antibiotico-resistenza causa un aumento della morbilit\u00e0 e mortalit\u00e0 delle malattie negli animali, minacciando non solo la loro salute e il loro benessere, ma anche la loro produttivit\u00e0. L\u2019antibiotico-resistenza, quindi, ha un impatto socio-economico significativo sul settore veterinario. La salute e il benessere degli animali, soprattutto quelli allevati per la produzione alimentare, influiscono sulla sicurezza della filiera alimentare.<\/p>\n<p>Pertanto, garantire elevati livelli di salute e benessere animale ne aumenta la resilienza e li rende meno vulnerabili alle malattie, contribuendo cos\u00ec a ridurre l\u2019uso di antibiotici e i relativi costi di gestione.<\/p>\n<p>Tuttavia, nonostante l\u2019adozione di misure adeguate da parte degli allevatori \u2013 come buone pratiche zootecniche, igiene, alimentazione equilibrata, gestione ottimale e rigorosa biosicurezza \u2013 gli animali possono comunque ammalarsi e devono essere curati.<\/p>\n<h4>Approccio integrato e benessere animale<\/h4>\n<p>L&#8217;uso prudente degli antibiotici \u00e8 strettamente legato all&#8217;applicazione di elevati standard di benessere animale e di biosicurezza in allevamento. Di conseguenza, un approccio integrato alla gestione dell&#8217;antibiotico-resistenza rappresenta un elemento essenziale per contrastarne l&#8217;insorgenza<\/p>\n<h4>Azioni cardine in veterinaria<\/h4>\n<p>Tra le principali azioni in veterinaria troviamo:<\/p>\n<ul>\n<li><img loading=\"lazy\" decoding=\"async\" class=\"wp-image-32625 alignright\" src=\"https:\/\/www.fedaiisf.it\/wp-content\/uploads\/2017\/08\/Antibiotici.allevamentijpg.jpg\" alt=\"\" width=\"282\" height=\"188\" srcset=\"https:\/\/www.fedaiisf.it\/wp-content\/uploads\/2017\/08\/Antibiotici.allevamentijpg.jpg 750w, https:\/\/www.fedaiisf.it\/wp-content\/uploads\/2017\/08\/Antibiotici.allevamentijpg-300x200.jpg 300w, https:\/\/www.fedaiisf.it\/wp-content\/uploads\/2017\/08\/Antibiotici.allevamentijpg-274x183.jpg 274w, https:\/\/www.fedaiisf.it\/wp-content\/uploads\/2017\/08\/Antibiotici.allevamentijpg-80x54.jpg 80w, https:\/\/www.fedaiisf.it\/wp-content\/uploads\/2017\/08\/Antibiotici.allevamentijpg-130x87.jpg 130w, https:\/\/www.fedaiisf.it\/wp-content\/uploads\/2017\/08\/Antibiotici.allevamentijpg-359x240.jpg 359w, https:\/\/www.fedaiisf.it\/wp-content\/uploads\/2017\/08\/Antibiotici.allevamentijpg-85x57.jpg 85w, https:\/\/www.fedaiisf.it\/wp-content\/uploads\/2017\/08\/Antibiotici.allevamentijpg-546x365.jpg 546w, https:\/\/www.fedaiisf.it\/wp-content\/uploads\/2017\/08\/Antibiotici.allevamentijpg-165x109.jpg 165w, https:\/\/www.fedaiisf.it\/wp-content\/uploads\/2017\/08\/Antibiotici.allevamentijpg-347x233.jpg 347w, https:\/\/www.fedaiisf.it\/wp-content\/uploads\/2017\/08\/Antibiotici.allevamentijpg-112x75.jpg 112w, https:\/\/www.fedaiisf.it\/wp-content\/uploads\/2017\/08\/Antibiotici.allevamentijpg-179x120.jpg 179w, https:\/\/www.fedaiisf.it\/wp-content\/uploads\/2017\/08\/Antibiotici.allevamentijpg-170x113.jpg 170w, https:\/\/www.fedaiisf.it\/wp-content\/uploads\/2017\/08\/Antibiotici.allevamentijpg-81x55.jpg 81w, https:\/\/www.fedaiisf.it\/wp-content\/uploads\/2017\/08\/Antibiotici.allevamentijpg-765x510.jpg 765w\" sizes=\"auto, (max-width: 282px) 100vw, 282px\" \/>una normativa sui <a id=\"\" class=\"link-to-content-rewrite link-to-content-rewrite-insert\" title=\"\" href=\"https:\/\/www.salute.gov.it\/new\/it\/tema\/medicinali-e-dispositivi-veterinari\/regolamento-ue-20196-generale\/\" aria-label=\"\" target=\"_blank\" rel=\"noopener\">medicinali veterinari<\/a> e sui <a id=\"\" class=\"\" title=\"\" href=\"https:\/\/eur-lex.europa.eu\/legal-content\/IT\/TXT\/PDF\/?uri=CELEX:32019R0004\" target=\"_blank\" rel=\"noopener nopener noreferrer\" aria-label=\"mangimi medicati - Sito esterno - Apertura in una nuova finestra\">mangimi medicati<\/a> che risponde concretamente alla sfida dell\u2019antimicrobico-resistenza<\/li>\n<li>un sistema informatizzato di tracciabilit\u00e0, che include la\u00a0<a id=\"\" class=\"\" title=\"apre sito nuovo\" href=\"http:\/\/www.ricettaveterinariaelettronica.it\/\" target=\"_blank\" rel=\"noopener nopener noreferrer\" aria-label=\"Ricetta elettronica veterinaria - Sito esterno - Apertura in una nuova finestra\">Ricetta elettronica veterinaria<\/a> (obbligatoria dal 16 aprile 2019) e il registro elettronico dei medicinali somministrati agli animali destinati alla produzione di alimenti (obbligatorio dal 21 luglio 2022)<\/li>\n<li>una raccolta dati sul volume delle vendite e sull\u2019impiego di medicinali antibiotici negli animali ai sensi dell\u2019articolo 57 del <a id=\"\" class=\"link-to-content-rewrite link-to-content-rewrite-insert\" title=\"\" href=\"https:\/\/www.salute.gov.it\/new\/it\/tema\/medicinali-e-dispositivi-veterinari\/regolamento-ue-20196-generale\/\" aria-label=\"\" target=\"_blank\" rel=\"noopener\">regolamento (UE) 2019\/6<\/a><\/li>\n<li>un sistema di\u00a0<a id=\"\" class=\"link-to-content-rewrite link-to-content-rewrite-insert\" title=\"\" href=\"https:\/\/www.salute.gov.it\/new\/it\/tema\/prevenzione-e-controllo-malattie-degli-animali\/classy-farm\/\" aria-label=\"\" target=\"_blank\" rel=\"noopener\"><em>Classy Farm<\/em><\/a>\u00a0per la categorizzazione del rischio all\u2019interno degli allevamenti con l\u2019innovativo cruscotto <a id=\"\" class=\"link-to-content-rewrite link-to-content-rewrite-insert\" title=\"\" href=\"https:\/\/www.salute.gov.it\/new\/it\/highlight\/attuazione-della-strategia-nazionale-veterinaria-di-contrasto-alla-resistenza\/\" aria-label=\"\" target=\"_blank\" rel=\"noopener\"><em>Stewardship<\/em> e appropriatezza prescrittiva<\/a><\/li>\n<li>controlli da parte delle autorit\u00e0 competenti, effettuati regolarmente, in base al rischio di sviluppo e diffusione di resistenza agli antibiotici<\/li>\n<li>linee guida per l\u2019uso prudente degli antibiotici e orientamenti nazionali<\/li>\n<li>attivit\u00e0 di formazione e campagne di informazione per gli\u00a0<em>stakeholders<\/em>\u00a0(medici veterinari, farmacisti, allevatori, proprietari di animali da compagnia)<\/li>\n<li>attivit\u00e0 di ricerca in ambito veterinario su alternative agli antimicrobici, appropriatezza prescrittiva, miglioramento dello stato di salute degli animali e dell\u2019uso prudente degli antibiotici.<\/li>\n<\/ul>\n<h4>Per approfondire<\/h4>\n<ul>\n<li><a id=\"\" class=\"link-to-file-rewrite rw2\" title=\"Relazione sulla resistenza agli antimicrobici dei batteri zoonotici e commensali negli animali destinati alla produzione di alimenti e nelle carni derivate (2014-2021)\" href=\"https:\/\/www.salute.gov.it\/new\/sites\/default\/files\/2025-05\/Relazione%20dati%20di%20resistenza%20AMR%202014-2023_def.pdf%20\" target=\"_blank\" rel=\"noopener nopener noreferrer\" aria-label=\" Collegamento a Relazione sulla resistenza agli antimicrobici dei batteri zoonotici e commensali negli animali destinati alla produzione di alimenti e nelle carni derivate (2014-2023)\">Relazione sulla resistenza agli antimicrobici dei batteri zoonotici e commensali negli animali destinati alla produzione di alimenti e nelle carni derivate (2014-2023)<\/a><\/li>\n<li><a id=\"\" class=\"\" title=\"Linee guida sull\u2019uso prudente degli antibiotici nell\u2019allevamento suino - 2\u00aa revisione\" href=\"http:\/\/sites\/default\/files\/2025-04\/LG%20AMR%20SUINO_3%20rev_2025.pdf\" target=\"_blank\" rel=\"noopener nopener noreferrer\" aria-label=\"Linee guida sull&#039;uso prudente degli antibiotici nell&#039;allevamento suino - 2 revisone - Sito esterno - Apertura in una nuova finestra\">Linee guida sull&#8217;uso prudente degli antibiotici nell&#8217;allevamento suino &#8211; 2 revisone<\/a><\/li>\n<li><a id=\"\" class=\"link-to-file-rewrite rw2\" title=\"Relazione sulla resistenza agli antimicrobici dei batteri zoonotici e commensali negli animali destinati alla produzione di alimenti e nelle carni derivate (2014-2021)\" href=\"https:\/\/www.salute.gov.it\/new\/sites\/default\/files\/imported\/C_17_pubblicazioni_3396_allegato.pdf\" target=\"_blank\" rel=\"noopener nopener noreferrer\" aria-label=\" Collegamento a Relazione sulla resistenza agli antimicrobici dei batteri zoonotici e commensali negli animali destinati alla produzione di alimenti e nelle carni derivate (2014-2021)\">Relazione sulla resistenza agli antimicrobici dei batteri zoonotici e commensali negli animali destinati alla produzione di alimenti e nelle carni derivate (2014-2021)<\/a><\/li>\n<li><a id=\"\" class=\"link-to-content-rewrite link-to-content-rewrite-insert\" title=\"\" href=\"https:\/\/www.salute.gov.it\/new\/it\/pubblicazione\/relazione-sulla-resistenza-agli-antimicrobici-dei-batteri-zoonotici-e-commensali-anno\/\" aria-label=\"\" target=\"_blank\" rel=\"noopener\">Relazione sulla resistenza agli antimicrobici dei batteri zoonotici e commensali, anno 2014<\/a><\/li>\n<li><a id=\"\" class=\"\" title=\"\" href=\"https:\/\/www.efsa.europa.eu\/en\/data-report\/biological-monitoring\" target=\"_blank\" rel=\"noopener nopener noreferrer\" aria-label=\"EU summary report on AMR in zoonotic and indicator bacteria from humans, animals and food\"><em>EU summary report on AMR in zoonotic and indicator bacteria from humans, animals and food<\/em><\/a><\/li>\n<li><a id=\"\" class=\"link-to-file-rewrite rw2\" title=\" Uso prudente dell\u2019antibiotico nell\u2019allevamento bovino da latte \" href=\"https:\/\/www.salute.gov.it\/new\/sites\/default\/files\/imported\/C_17_pubblicazioni_3347_allegato.pdf\" target=\"_blank\" rel=\"noopener nopener noreferrer\" aria-label=\" Collegamento a Linee guida su uso prudente dell\u2019antibiotico nell\u2019allevamento bovino da latte\">Linee guida su uso prudente dell\u2019antibiotico nell\u2019allevamento bovino da latte<\/a><\/li>\n<li><a id=\"\" class=\"link-to-file-rewrite rw2\" title=\"Apre PDF\" href=\"https:\/\/www.salute.gov.it\/new\/sites\/default\/files\/imported\/C_17_pubblicazioni_3219_allegato.pdf\" target=\"_blank\" rel=\"noopener nopener noreferrer\" aria-label=\" Collegamento a Linee guida sull\u2019uso prudente dell\u2019antibiotico nell\u2019allevamento del coniglio da carne\">Linee guida sull\u2019uso prudente dell\u2019antibiotico nell\u2019allevamento del coniglio da carne<\/a><\/li>\n<li><a id=\"\" class=\"link-to-file-rewrite rw2\" title=\"apre pdf Linee guida negli allevamenti zootecnici\" href=\"https:\/\/www.salute.gov.it\/new\/sites\/default\/files\/imported\/C_17_pubblicazioni_2782_allegato.pdf\" target=\"_blank\" rel=\"noopener nopener noreferrer\" aria-label=\" Collegamento a Linee guida per l\u2019uso prudente degli antimicrobici negli allevamenti zootecnici per la prevenzione dell\u2019antimicrobico-resistenza e proposte alternative\">Linee guida per l\u2019uso prudente degli antimicrobici negli allevamenti zootecnici per la prevenzione dell\u2019antimicrobico-resistenza e proposte alternative<\/a><\/li>\n<li><a id=\"\" class=\"link-to-file-rewrite rw2\" title=\"Biosicurezza e uso corretto e razionale degli antibiotici in zootecnia\" href=\"https:\/\/www.salute.gov.it\/new\/sites\/default\/files\/imported\/C_17_pubblicazioni_1683_allegato.pdf\" target=\"_blank\" rel=\"noopener nopener noreferrer\" aria-label=\"Biosicurezza e uso corretto e razionale degli antibiotici in zootecnia\"><span role=\"link\">Biosicurezza e uso corretto e razionale degli antibiotici in zootecnia<\/span><\/a><\/li>\n<\/ul>\n<hr \/>\n<p>Notizie correlate: <a href=\"https:\/\/corrieredellaltoadige.corriere.it\/notizie\/cronaca\/25_agosto_27\/merano-trovati-farmaci-nelle-scuderie-i-carabinieri-sospettano-il-doping-per-alterare-le-prestazioni-dei-cavalli-f3092b84-d2af-41ed-bb33-d91c4f389xlk.shtml\" target=\"_blank\" rel=\"noopener\">Merano, trovati farmaci nelle scuderie: i carabinieri sospettano il doping per alterare le prestazioni dei cavalli<\/a><\/p>\n<p><a href=\"https:\/\/www.rainews.it\/tgr\/bolzano\/video\/2025\/08\/martone-nessun-caso-di-doping-conclamato-solo-vecchie-medicine-bbd0261d-7ead-4052-bca3-37c18192ccf0.html\" target=\"_blank\" rel=\"noopener\">Merano. Martone: &#8220;Nessun caso di doping conclamato, solo vecchie medicine&#8221;<\/a><\/p>\n<p class=\"lg:text-5xl lg:leading-[1.1] text-4xl leading-10 max-w-6xl mb-5 lg:mb-6 font-adobeGaramond font-semibold\"><a href=\"https:\/\/www.liberta.it\/news\/tag\/veterinari_7830farmaci-veterinari-illeciti-un-piacentino-tra-gli-indagati\/66132\" target=\"_blank\" rel=\"noopener\">Farmaci veterinari illeciti: un piacentino tra gli indagati<\/a><\/p>\n<p class=\"post__title mb-4\"><a href=\"https:\/\/www.metropolitano.it\/la-caffeina-cambia-anche-i-batteri\/\" target=\"_blank\" rel=\"noopener\">La caffeina cambia anche i batteri e ne modifica la resistenza agli antibiotici<\/a><\/p>\n<p>&nbsp;<\/p>\n","protected":false},"excerpt":{"rendered":"<p>Antibiotico-resistenza nel settore veterinario Ministero della Salute Dalla loro scoperta, gli antibiotici hanno svolto un ruolo fondamentale nel trattamento di numerose malattie infettive, contribuendo in modo significativo al miglioramento della salute umana e animale. Oggi, per\u00f2, questo progresso rischia di essere compromesso dalla crescente diffusione di patogeni resistenti agli antibiotici. Negli ultimi anni, l\u2019abuso e &hellip;<\/p>","protected":false},"author":4,"featured_media":83400,"comment_status":"closed","ping_status":"closed","sticky":false,"template":"","format":"standard","meta":{"footnotes":""},"categories":[1],"tags":[73],"class_list":["post-83396","post","type-post","status-publish","format-standard","has-post-thumbnail","hentry","category-notizie","tag-batteri-farmacoresistenza"],"amp_enabled":true,"_links":{"self":[{"href":"https:\/\/www.fedaiisf.it\/en\/wp-json\/wp\/v2\/posts\/83396","targetHints":{"allow":["GET"]}}],"collection":[{"href":"https:\/\/www.fedaiisf.it\/en\/wp-json\/wp\/v2\/posts"}],"about":[{"href":"https:\/\/www.fedaiisf.it\/en\/wp-json\/wp\/v2\/types\/post"}],"author":[{"embeddable":true,"href":"https:\/\/www.fedaiisf.it\/en\/wp-json\/wp\/v2\/users\/4"}],"replies":[{"embeddable":true,"href":"https:\/\/www.fedaiisf.it\/en\/wp-json\/wp\/v2\/comments?post=83396"}],"version-history":[{"count":8,"href":"https:\/\/www.fedaiisf.it\/en\/wp-json\/wp\/v2\/posts\/83396\/revisions"}],"predecessor-version":[{"id":83417,"href":"https:\/\/www.fedaiisf.it\/en\/wp-json\/wp\/v2\/posts\/83396\/revisions\/83417"}],"wp:featuredmedia":[{"embeddable":true,"href":"https:\/\/www.fedaiisf.it\/en\/wp-json\/wp\/v2\/media\/83400"}],"wp:attachment":[{"href":"https:\/\/www.fedaiisf.it\/en\/wp-json\/wp\/v2\/media?parent=83396"}],"wp:term":[{"taxonomy":"category","embeddable":true,"href":"https:\/\/www.fedaiisf.it\/en\/wp-json\/wp\/v2\/categories?post=83396"},{"taxonomy":"post_tag","embeddable":true,"href":"https:\/\/www.fedaiisf.it\/en\/wp-json\/wp\/v2\/tags?post=83396"}],"curies":[{"name":"wp","href":"https:\/\/api.w.org\/{rel}","templated":true}]}}