{"id":83407,"date":"2025-08-28T11:52:09","date_gmt":"2025-08-28T09:52:09","guid":{"rendered":"https:\/\/www.fedaiisf.it\/?p=83407"},"modified":"2025-08-28T11:52:09","modified_gmt":"2025-08-28T09:52:09","slug":"grossista-in-provincia-di-udine-con-informatori-scientifici-in-liquidazione-giudiziale","status":"publish","type":"post","link":"https:\/\/www.fedaiisf.it\/en\/grossista-in-provincia-di-udine-con-informatori-scientifici-in-liquidazione-giudiziale\/","title":{"rendered":"Grossista in provincia di Udine con informatori scientifici in liquidazione giudiziale"},"content":{"rendered":"<h3 class=\"post-title single-post-title entry-title\">Farmaci all\u2019ingrosso, liquidazione giudiziale per Parapharma<\/h3>\n<p><em>Per 50 anni al servizio delle farmacie friulane<\/em><\/p>\n<p><a href=\"https:\/\/www.telefriuli.it\/cronaca\/farmaci-allingrosso-liquidazione-giudiziale-per-parapharma\/\" target=\"_blank\" rel=\"noopener\">TeleFriuli &#8211; 27 agosto 2025<\/a> di Hubert Londero<\/p>\n<p><img loading=\"lazy\" decoding=\"async\" class=\"wp-image-83413 alignright\" src=\"https:\/\/www.fedaiisf.it\/wp-content\/uploads\/2025\/08\/parapharma-50.png\" alt=\"\" width=\"281\" height=\"158\" srcset=\"https:\/\/www.fedaiisf.it\/wp-content\/uploads\/2025\/08\/parapharma-50.png 1264w, https:\/\/www.fedaiisf.it\/wp-content\/uploads\/2025\/08\/parapharma-50-300x169.png 300w, https:\/\/www.fedaiisf.it\/wp-content\/uploads\/2025\/08\/parapharma-50-1024x577.png 1024w, https:\/\/www.fedaiisf.it\/wp-content\/uploads\/2025\/08\/parapharma-50-768x433.png 768w, https:\/\/www.fedaiisf.it\/wp-content\/uploads\/2025\/08\/parapharma-50-18x10.png 18w, https:\/\/www.fedaiisf.it\/wp-content\/uploads\/2025\/08\/parapharma-50-390x220.png 390w\" sizes=\"auto, (max-width: 281px) 100vw, 281px\" \/>Per cinquant\u2019anni \u00e8 stata al fianco dei farmacisti friulani e non solo. Il Tribunale di Udine ha aperto la liquidazione giudiziale per Parapharma srl, societ\u00e0 con sede a Tavagnacco che per mezzo secolo ha rifornito i magazzini delle farmacie anche di fuori regione. A depositare l\u2019istanza \u00e8 stato il liquidatore e legale rappresentante dell\u2019azienda, Giorgio Passon. I giudici hanno nominato curatore la commercialista udinese Laura Briganti.<\/p>\n<p>Parapharma, che nel 2024 aveva fatturato oltre 2,8 milioni di euro e che dava lavoro a sette dipendenti, \u00e8 stata fondata dallo stesso Passon e Mario Codispoti a met\u00e0 degli Anni \u201970. Punto di forza della societ\u00e0 fin dall\u2019inizio \u00e8 stato l\u2019aver affiancato alla tradizionale vendita all\u2019ingrosso di farmaci quella di prodotti a loro compendio, come parafarmaci, cosmetici e articoli sanitari. <strong>Un\u2019offerta che l\u2019azienda proponeva ai professionisti grazie a rete di informatori medico scientifici professionali dislocata su tutto il Nordest.<\/strong><\/p>\n<p>Lo stato passivo della societ\u00e0 sar\u00e0 esaminato in Tribunale nell\u2019udienza fissata per met\u00e0 dicembre.<\/p>\n<p>Note<\/p>\n<p><em>Parapharma viene fondata nel 1974 da Passon Giorgio e Codispoti Mario, a risposta di <img loading=\"lazy\" decoding=\"async\" class=\"wp-image-83412 alignleft\" src=\"https:\/\/www.fedaiisf.it\/wp-content\/uploads\/2025\/08\/passon.png\" alt=\"\" width=\"205\" height=\"181\" srcset=\"https:\/\/www.fedaiisf.it\/wp-content\/uploads\/2025\/08\/passon.png 978w, https:\/\/www.fedaiisf.it\/wp-content\/uploads\/2025\/08\/passon-300x264.png 300w, https:\/\/www.fedaiisf.it\/wp-content\/uploads\/2025\/08\/passon-768x675.png 768w, https:\/\/www.fedaiisf.it\/wp-content\/uploads\/2025\/08\/passon-14x12.png 14w\" sizes=\"auto, (max-width: 205px) 100vw, 205px\" \/>nuove esigenze distributive del settore farmaceutico, come anello di congiunzione tra produttori importatori e le farmacie, ritagliandosi da subito un ruolo di precorritrice nel proporre anche la vendita di prodotti a compendio del farmaco.<\/em><\/p>\n<p><em>Il focus aziendale \u00e8 la rappresentanza e la distribuzione di parafarmaci, specialit\u00e0 medicinali, cosmetici, articoli sanitari e integratori alimentari grazie alla ricerca costante di nuovi prodotti per la crescita dell\u2019offerta e del servizio ai clienti.<\/em><\/p>\n<p><em>Si avvale di una forza vendita e di una rete di <strong>scientific medical informants<\/strong> professionali dislocate su tutto il triveneto e grazie alla loro competenza soddisfa i clienti in uno scenario competitivo sempre pi\u00f9 evoluto.<\/em><\/p>\n<p><em>Nel 1999 acquisisce una quota importante di Turval, societ\u00e0 specializzata nella ricerca e sviluppo di probiotici di nuova generazione che promuove con un\u2019intensa attivit\u00e0 di <strong>informazione medico scientifica.<\/strong><\/em><\/p>\n<p><em>Nel 2014 ha tagliato il traguardo dei quarant\u2019anni di attivit\u00e0, nel segno di un impegno continuo nella ricerca di nuove opportunit\u00e0 e di miglioramenti interni per aumentare ulteriormente la soddisfazione dei clienti e generare valore e continuit\u00e0 all\u2019impresa.<\/em><\/p>\n<p>&nbsp;<\/p>","protected":false},"excerpt":{"rendered":"<p>Farmaci all\u2019ingrosso, liquidazione giudiziale per Parapharma Per 50 anni al servizio delle farmacie friulane TeleFriuli &#8211; 27 agosto 2025 di Hubert Londero Per cinquant\u2019anni \u00e8 stata al fianco dei farmacisti friulani e non solo. Il Tribunale di Udine ha aperto la liquidazione giudiziale per Parapharma srl, societ\u00e0 con sede a Tavagnacco che per mezzo secolo &hellip;<\/p>","protected":false},"author":4,"featured_media":83410,"comment_status":"closed","ping_status":"closed","sticky":false,"template":"","format":"standard","meta":{"footnotes":""},"categories":[1],"tags":[27],"class_list":["post-83407","post","type-post","status-publish","format-standard","has-post-thumbnail","hentry","category-notizie","tag-licenziati"],"amp_enabled":true,"_links":{"self":[{"href":"https:\/\/www.fedaiisf.it\/en\/wp-json\/wp\/v2\/posts\/83407","targetHints":{"allow":["GET"]}}],"collection":[{"href":"https:\/\/www.fedaiisf.it\/en\/wp-json\/wp\/v2\/posts"}],"about":[{"href":"https:\/\/www.fedaiisf.it\/en\/wp-json\/wp\/v2\/types\/post"}],"author":[{"embeddable":true,"href":"https:\/\/www.fedaiisf.it\/en\/wp-json\/wp\/v2\/users\/4"}],"replies":[{"embeddable":true,"href":"https:\/\/www.fedaiisf.it\/en\/wp-json\/wp\/v2\/comments?post=83407"}],"version-history":[{"count":4,"href":"https:\/\/www.fedaiisf.it\/en\/wp-json\/wp\/v2\/posts\/83407\/revisions"}],"predecessor-version":[{"id":83414,"href":"https:\/\/www.fedaiisf.it\/en\/wp-json\/wp\/v2\/posts\/83407\/revisions\/83414"}],"wp:featuredmedia":[{"embeddable":true,"href":"https:\/\/www.fedaiisf.it\/en\/wp-json\/wp\/v2\/media\/83410"}],"wp:attachment":[{"href":"https:\/\/www.fedaiisf.it\/en\/wp-json\/wp\/v2\/media?parent=83407"}],"wp:term":[{"taxonomy":"category","embeddable":true,"href":"https:\/\/www.fedaiisf.it\/en\/wp-json\/wp\/v2\/categories?post=83407"},{"taxonomy":"post_tag","embeddable":true,"href":"https:\/\/www.fedaiisf.it\/en\/wp-json\/wp\/v2\/tags?post=83407"}],"curies":[{"name":"wp","href":"https:\/\/api.w.org\/{rel}","templated":true}]}}