{"id":83631,"date":"2025-09-09T12:15:23","date_gmt":"2025-09-09T10:15:23","guid":{"rendered":"https:\/\/www.fedaiisf.it\/?p=83631"},"modified":"2025-09-13T16:11:11","modified_gmt":"2025-09-13T14:11:11","slug":"regione-marche-pasqui-con-il-registro-degli-isf-linformazione-scientifica-sara-pulita-corretta-affidabile","status":"publish","type":"post","link":"https:\/\/www.fedaiisf.it\/en\/regione-marche-pasqui-con-il-registro-degli-isf-linformazione-scientifica-sara-pulita-corretta-affidabile\/","title":{"rendered":"Regione Marche. Pasqui: &#8220;Con il Registro degli ISF, l&#8217;informazione scientifica sar\u00e0 pulita, corretta, affidabile&#8221;"},"content":{"rendered":"<h3 class=\"page-header\">Pasqui: \u201cLa sanit\u00e0 marchigiana cambia solo con i fatti. Le mie leggi parlano chiaro&#8221;<\/h3>\n<p><a href=\"https:\/\/www.viverecamerino.it\/2025\/09\/09\/pasqui-la-sanit-marchigiana-cambia-solo-con-i-fatti-le-mie-leggi-parlano-chiaro\/138990\/#\" target=\"_blank\" rel=\"noopener\">Vivere Camerino &#8211; 9 settembre 2025<\/a><\/p>\n<p>\u00abIn questi cinque anni ho scelto di non fare promesse, ma di portare a casa risultati. Quando si parla di sanit\u00e0, le chiacchiere non servono: servono medici negli ospedali, infermieri nei distretti, regole chiare e trasparenza. Per questo sono orgoglioso di due <img loading=\"lazy\" decoding=\"async\" class=\"wp-image-80213 alignright\" src=\"https:\/\/www.fedaiisf.it\/wp-content\/uploads\/2025\/02\/Pasqui.png\" alt=\"\" width=\"135\" height=\"178\" srcset=\"https:\/\/www.fedaiisf.it\/wp-content\/uploads\/2025\/02\/Pasqui.png 365w, https:\/\/www.fedaiisf.it\/wp-content\/uploads\/2025\/02\/Pasqui-228x300.png 228w, https:\/\/www.fedaiisf.it\/wp-content\/uploads\/2025\/02\/Pasqui-9x12.png 9w\" sizes=\"auto, (max-width: 135px) 100vw, 135px\" \/>leggi che ho presentato e che oggi sono realt\u00e0\u00bb<\/p>\n<p>Lo afferma Gianluca Pasqui, segretario provinciale di Forza Italia Macerata e candidato alle elezioni regionali del 28 e 29 settembre, ripercorrendo il lavoro svolto.<\/p>\n<p>\u00abCon la legge sugli incentivi per il personale sanitario nei comuni del cratere \u2013 spiega \u2013 abbiamo reso possibile offrire fino a 12.000 euro l\u2019anno, oltre a soluzioni abitative, a chi decide di lavorare nelle aree terremotate. Non \u00e8 stato facile, ma oggi la norma \u00e8 operativa: le Aziende Sanitarie Territoriali hanno le risorse e i bandi sono realt\u00e0. Questo significa garantire cure dove prima c\u2019era carenza, ridare dignit\u00e0 a territori che rischiavano di essere abbandonati. \u00c8 un modo concreto di dire ai cittadini: non siete soli\u00bb.<\/p>\n<p style=\"padding-left: 40px;\"><span style=\"font-size: 14pt;\">Pasqui rivendica anche un altro risultato: \u00abCon la mia <strong>legge sul Registro regionale degli informatori scientifici<\/strong> abbiamo approvato <strong>all\u2019unanimit\u00e0<\/strong> una misura di trasparenza. I medici avranno sempre a disposizione un elenco aggiornato di professionisti qualificati, e l\u2019informazione scientifica sar\u00e0 pulita, corretta, affidabile. \u00c8 un passo avanti per la sanit\u00e0 pubblica, che non riguarda i palazzi ma la vita quotidiana di chi si affida al sistema sanitario\u00bb. L\u2019intervento si inserisce nel pi\u00f9 ampio percorso di riforma avviato dalla Giunta Acquaroli, che con la fine dell\u2019ASUR e la nascita delle Aziende Sanitarie Territoriali ha ridisegnato l\u2019organizzazione della sanit\u00e0 marchigiana. \u00abUna riforma coraggiosa \u2013 sottolinea Pasqui \u2013 che oggi ci consente di avere strutture pi\u00f9 vicine ai cittadini e responsabilit\u00e0 chiare\u00bb.<\/span><\/p>\n<p>Il candidato chiude con un appello forte: \u00abIo non mi accontento. Voglio che gli incentivi vengano estesi alle professioni pi\u00f9 carenti, che chi lavora negli ospedali periferici abbia certezze, che i tempi di attesa per una visita o un esame vengano pubblicati e monitorati ogni tre mesi. Voglio una sanit\u00e0 marchigiana che non lasci indietro nessuno, e continuer\u00f2 a lavorare con la concretezza che mi ha sempre contraddistinto\u00bb.<\/p>\n<p>Related news:<\/p>\n<p style=\"font-weight: 400;\"><a href=\"https:\/\/www.norme.marche.it\/NormeMarche\/atto\/download-file.html?idAllegato=2488657&amp;id=2488655\" target=\"_blank\" rel=\"noopener\">Delibera approvazione della L.R. n. 2\/2025, il \u201cRegolamento Regionale del Registro degli Informatori Scientifici del Farmaco e del Parafarmaco\u201d<\/a><\/p>\n<p style=\"font-weight: 400;\"><a href=\"https:\/\/www.norme.marche.it\/NormeMarche\/atto\/download-file.html?idAllegato=2488658&amp;id=2488655\" target=\"_blank\" rel=\"noopener\">Regolamento regionale del registro degli informatori scientifici del farmaco e del parafarmaco (l.r. del 13 marzo 2025 n. 2)<\/a><\/p>\n<p class=\"page-header\"><a href=\"https:\/\/www.viveremacerata.it\/2025\/09\/13\/sanit-maccari-attacca-pasqui-ci-vuole-ben-altro-per-le-zone-interne\/141584\/\" target=\"_blank\" rel=\"noopener\">Sanit\u00e0, Maccari attacca Pasqui: &#8220;Ci vuole ben altro per le zone interne&#8221;<\/a><\/p>\n<p>&nbsp;<\/p>","protected":false},"excerpt":{"rendered":"<p>Pasqui: \u201cLa sanit\u00e0 marchigiana cambia solo con i fatti. Le mie leggi parlano chiaro&#8221; Vivere Camerino &#8211; 9 settembre 2025 \u00abIn questi cinque anni ho scelto di non fare promesse, ma di portare a casa risultati. Quando si parla di sanit\u00e0, le chiacchiere non servono: servono medici negli ospedali, infermieri nei distretti, regole chiare e &hellip;<\/p>","protected":false},"author":4,"featured_media":83637,"comment_status":"closed","ping_status":"closed","sticky":false,"template":"","format":"standard","meta":{"footnotes":""},"categories":[16],"tags":[21,41],"class_list":["post-83631","post","type-post","status-publish","format-standard","has-post-thumbnail","hentry","category-primo-piano","tag-informatori-scientifici","tag-leggisentenze"],"amp_enabled":true,"_links":{"self":[{"href":"https:\/\/www.fedaiisf.it\/en\/wp-json\/wp\/v2\/posts\/83631","targetHints":{"allow":["GET"]}}],"collection":[{"href":"https:\/\/www.fedaiisf.it\/en\/wp-json\/wp\/v2\/posts"}],"about":[{"href":"https:\/\/www.fedaiisf.it\/en\/wp-json\/wp\/v2\/types\/post"}],"author":[{"embeddable":true,"href":"https:\/\/www.fedaiisf.it\/en\/wp-json\/wp\/v2\/users\/4"}],"replies":[{"embeddable":true,"href":"https:\/\/www.fedaiisf.it\/en\/wp-json\/wp\/v2\/comments?post=83631"}],"version-history":[{"count":6,"href":"https:\/\/www.fedaiisf.it\/en\/wp-json\/wp\/v2\/posts\/83631\/revisions"}],"predecessor-version":[{"id":83715,"href":"https:\/\/www.fedaiisf.it\/en\/wp-json\/wp\/v2\/posts\/83631\/revisions\/83715"}],"wp:featuredmedia":[{"embeddable":true,"href":"https:\/\/www.fedaiisf.it\/en\/wp-json\/wp\/v2\/media\/83637"}],"wp:attachment":[{"href":"https:\/\/www.fedaiisf.it\/en\/wp-json\/wp\/v2\/media?parent=83631"}],"wp:term":[{"taxonomy":"category","embeddable":true,"href":"https:\/\/www.fedaiisf.it\/en\/wp-json\/wp\/v2\/categories?post=83631"},{"taxonomy":"post_tag","embeddable":true,"href":"https:\/\/www.fedaiisf.it\/en\/wp-json\/wp\/v2\/tags?post=83631"}],"curies":[{"name":"wp","href":"https:\/\/api.w.org\/{rel}","templated":true}]}}