{"id":83665,"date":"2025-09-11T06:47:28","date_gmt":"2025-09-11T04:47:28","guid":{"rendered":"https:\/\/www.fedaiisf.it\/?p=83665"},"modified":"2025-09-16T18:50:19","modified_gmt":"2025-09-16T16:50:19","slug":"vaccinazione-antinfluenzale-dati-stagione-2024-2025-coperture-in-diminuzione","status":"publish","type":"post","link":"https:\/\/www.fedaiisf.it\/en\/vaccinazione-antinfluenzale-dati-stagione-2024-2025-coperture-in-diminuzione\/","title":{"rendered":"Vaccinazione antinfluenzale. Dati stagione 2024\/2025 coperture in diminuzione"},"content":{"rendered":"<p>Per ridurre significativamente morbosit\u00e0, complicanze e mortalit\u00e0 per influenza, \u00e8 necessario raggiungere coperture vaccinali elevate nei gruppi di <a id=\"\" class=\"link-to-content-rewrite link-to-content-rewrite-insert\" title=\"apre pagina interna\" href=\"https:\/\/www.salute.gov.it\/new\/it\/tema\/influenza\/vaccinazione-contro-linfluenza\/?paragraph=1#body\" target=\"_blank\" rel=\"noopener\" aria-label=\"\">popolazione target<\/a>, in particolare negli anziani con pi\u00f9 di 65 anni e nei soggetti ad alto rischio di tutte le et\u00e0.<\/p>\n<p><a href=\"https:\/\/www.salute.gov.it\/new\/it\/tema\/influenza\/dati-coperture-vaccinali-influenza\/\" target=\"_blank\" rel=\"noopener\">Ministero della salute &#8211; 3 settembre 2025<\/a><\/p>\n<h4>Dati sulle vaccinazioni antinfluenzali nella popolazione generale<\/h4>\n<p>Le coperture vaccinali nella popolazione generale della stagione 2024\/2025, aggiornate alla data del 29 agosto 2025, sono lievemente aumentate (<strong>19,6%<\/strong>) rispetto alla stagione precedente (<strong>18,9%<\/strong>).<\/p>\n<h4><img loading=\"lazy\" decoding=\"async\" class=\"wp-image-83666 aligncenter\" src=\"https:\/\/www.fedaiisf.it\/wp-content\/uploads\/2025\/09\/Obiettivo-vaccinazione-antinfluenzale.png\" alt=\"\" width=\"463\" height=\"228\" srcset=\"https:\/\/www.fedaiisf.it\/wp-content\/uploads\/2025\/09\/Obiettivo-vaccinazione-antinfluenzale.png 1182w, https:\/\/www.fedaiisf.it\/wp-content\/uploads\/2025\/09\/Obiettivo-vaccinazione-antinfluenzale-300x148.png 300w, https:\/\/www.fedaiisf.it\/wp-content\/uploads\/2025\/09\/Obiettivo-vaccinazione-antinfluenzale-1024x504.png 1024w, https:\/\/www.fedaiisf.it\/wp-content\/uploads\/2025\/09\/Obiettivo-vaccinazione-antinfluenzale-768x378.png 768w, https:\/\/www.fedaiisf.it\/wp-content\/uploads\/2025\/09\/Obiettivo-vaccinazione-antinfluenzale-18x9.png 18w\" sizes=\"auto, (max-width: 463px) 100vw, 463px\" \/>Dati sulle vaccinazioni antinfluenzali negli anziani<\/h4>\n<p>La copertura negli anziani \u00e8 diminuita di 0,8 punti percentuali rispetto alla stagione precedente portandola al <strong>52,5%<\/strong> rispetto al 53,3% della stagione 2023-24.<\/p>\n<p>Si conferma quindi un trend in diminuzioni nelle ultime stagioni dopo il picco raggiunto nella stagione pandemica 2020-21 con 65,3%. La diminuzione della copertura vaccinale nella stagione 2024-25 rispetto alla stagione precedente \u00e8 generalizzata in quasi tutte le regioni italiane tranne nella PA di Trento, in Piemonte, Lombardia, Molise, Campania, Basilicata e Sardegna in cui si registra un lieve aumento e nel Friuli Venezia Giulia in cui la copertura \u00e8 rimasta invariata.<\/p>\n<p><strong><img loading=\"lazy\" decoding=\"async\" class=\"wp-image-83671 aligncenter\" src=\"https:\/\/www.fedaiisf.it\/wp-content\/uploads\/2025\/09\/dati-vaccinazione-antinfluenzale.png\" alt=\"\" width=\"571\" height=\"358\" srcset=\"https:\/\/www.fedaiisf.it\/wp-content\/uploads\/2025\/09\/dati-vaccinazione-antinfluenzale.png 1692w, https:\/\/www.fedaiisf.it\/wp-content\/uploads\/2025\/09\/dati-vaccinazione-antinfluenzale-300x188.png 300w, https:\/\/www.fedaiisf.it\/wp-content\/uploads\/2025\/09\/dati-vaccinazione-antinfluenzale-1024x642.png 1024w, https:\/\/www.fedaiisf.it\/wp-content\/uploads\/2025\/09\/dati-vaccinazione-antinfluenzale-768x481.png 768w, https:\/\/www.fedaiisf.it\/wp-content\/uploads\/2025\/09\/dati-vaccinazione-antinfluenzale-1536x962.png 1536w, https:\/\/www.fedaiisf.it\/wp-content\/uploads\/2025\/09\/dati-vaccinazione-antinfluenzale-18x12.png 18w\" sizes=\"auto, (max-width: 571px) 100vw, 571px\" \/>To know more<\/strong><\/p>\n<ul>\n<li><a id=\"\" class=\"link-to-file-rewrite\" title=\"opens pdf files\" href=\"https:\/\/www.salute.gov.it\/new\/sites\/default\/files\/2025_0035314_Confronti_CV_Antinfluenzali_1999_2025.pdf\" target=\"_blank\" rel=\"noopener\" aria-label=\" Collegamento a Trend vaccinazione antinfluenzale in Italia: confronti stagioni 1999\/00 - 2024\/25\">Trend vaccinazione antinfluenzale in Italia: confronti stagioni 1999\/00 &#8211; 2024\/25<\/a><\/li>\n<li><a id=\"\" class=\"link-to-content-rewrite link-to-content-rewrite-insert\" title=\"apre pagina interna\" href=\"https:\/\/www.salute.gov.it\/new\/it\/banche-dati\/vaccinazione-antinfluenzale-coperture-vaccinali-medie\/\" target=\"_blank\" rel=\"noopener\" aria-label=\"\">Dati sulle coperture vaccinali Influenza<\/a>.<\/li>\n<\/ul>\n<hr \/>\n<p>Nella stagione influenzale 2024\/2025, il 52,5% degli over-65 si \u00e8 sottoposto alla vaccinazione antinfluenzale, un dato che resta lontano dall\u2019obiettivo minimo del 75% fissato dal Piano nazionale di prevenzione vaccinale. Quasi la met\u00e0 della popolazione pi\u00f9 anziana, il 47,5%, non si \u00e8 sottoposto alla vaccinazione contro l\u2019influenza.<\/p>\n<p>Marcata la differenza. regionale nelle coperture vaccinali tra gli anziani, con la performance <img loading=\"lazy\" decoding=\"async\" class=\"size-full wp-image-67220 alignleft\" src=\"https:\/\/www.fedaiisf.it\/wp-content\/uploads\/2022\/09\/marco_cossolo18.jpg\" alt=\"\" width=\"200\" height=\"150\" \/>migliore che \u00e8 dell\u2019Umbria (64,1% di over-65 vaccinati) e quella peggiore che \u00e8 a Bolzano (33,4% di over-65 vaccinati).<br \/>\n\u201cQuesti dati dimostrano che c\u2019\u00e8 ancora molto da fare per raggiungere le coperture ottimali, soprattutto per le fasce di popolazione pi\u00f9 fragili, proprio quelle che trarrebbero i maggiori benefici dalla vaccinazione\u201d <a href=\"https:\/\/www.federfarma.it\/Edicola\/Filodiretto\/VediNotizia.aspx?id=27451\" target=\"_blank\" rel=\"noopener\">commenta il presidente di Federfarma <strong>Marco Cossolo<\/strong><\/a>.<\/p>\n<p>&#8220;Tra le persone con oltre 65 anni di et\u00e0 non abbiamo una convincente adesione alle campagne vaccinali antinfluenzali. I dati mostrano un calo, ma \u00e8 nostro dovere proteggere i fragili e gli anziani che rappresentano una parte importante della nostra nazione e come ministero della Salute &#8211; e il ministro Schillaci lo ha detto a pi\u00f9 riprese &#8211; dobbiamo proteggerli e quindi dobbiamo dare una spinta sull&#8217;acceleratore per le campagne vaccinali, in particolare per l&#8217;antinfluenzale&#8221;. Cos\u00ec <a href=\"https:\/\/www.fimmg.org\/it\/News\/art\/6057-influenza-campitiello-in-calo-vaccinazione-over-65-ma-dobbiamo-proteggere-anziani\/\" target=\"_blank\" rel=\"noopener\">all&#8217;Adnkronos Salute Maria Rosaria Campitiello,<\/a> capo del Dipartimento Prevenzione, Ricerca ed Emergenze sanitarie del ministero della Salute,<\/p>\n<p>Related news: <a href=\"https:\/\/www.aifa.gov.it\/-\/vaccini-antinfluenzali-2025\/2026-verifica-su-confezionamento-primario-e-assenza-di-lattice\" target=\"_blank\" rel=\"noopener\">AIFA. Vaccini antinfluenzali 2025\/2026: verifica su confezionamento primario e assenza di lattice<\/a><\/p>\n<p><a href=\"https:\/\/www.aifa.gov.it\/documents\/20142\/2694929\/Comunicato_AIFA_39-2025.pdf\" target=\"_blank\" rel=\"noopener\">AIFA. Influenza: 11 i vaccini autorizzati per la stagione 2025-2026<\/a><\/p>","protected":false},"excerpt":{"rendered":"<p>Per ridurre significativamente morbosit\u00e0, complicanze e mortalit\u00e0 per influenza, \u00e8 necessario raggiungere coperture vaccinali elevate nei gruppi di popolazione target, in particolare negli anziani con pi\u00f9 di 65 anni e nei soggetti ad alto rischio di tutte le et\u00e0. Ministero della salute &#8211; 3 settembre 2025 Dati sulle vaccinazioni antinfluenzali nella popolazione generale Le coperture &hellip;<\/p>","protected":false},"author":4,"featured_media":59207,"comment_status":"closed","ping_status":"closed","sticky":false,"template":"","format":"standard","meta":{"footnotes":""},"categories":[16],"tags":[39],"class_list":["post-83665","post","type-post","status-publish","format-standard","has-post-thumbnail","hentry","category-primo-piano","tag-vaccini"],"amp_enabled":true,"_links":{"self":[{"href":"https:\/\/www.fedaiisf.it\/en\/wp-json\/wp\/v2\/posts\/83665","targetHints":{"allow":["GET"]}}],"collection":[{"href":"https:\/\/www.fedaiisf.it\/en\/wp-json\/wp\/v2\/posts"}],"about":[{"href":"https:\/\/www.fedaiisf.it\/en\/wp-json\/wp\/v2\/types\/post"}],"author":[{"embeddable":true,"href":"https:\/\/www.fedaiisf.it\/en\/wp-json\/wp\/v2\/users\/4"}],"replies":[{"embeddable":true,"href":"https:\/\/www.fedaiisf.it\/en\/wp-json\/wp\/v2\/comments?post=83665"}],"version-history":[{"count":10,"href":"https:\/\/www.fedaiisf.it\/en\/wp-json\/wp\/v2\/posts\/83665\/revisions"}],"predecessor-version":[{"id":83754,"href":"https:\/\/www.fedaiisf.it\/en\/wp-json\/wp\/v2\/posts\/83665\/revisions\/83754"}],"wp:featuredmedia":[{"embeddable":true,"href":"https:\/\/www.fedaiisf.it\/en\/wp-json\/wp\/v2\/media\/59207"}],"wp:attachment":[{"href":"https:\/\/www.fedaiisf.it\/en\/wp-json\/wp\/v2\/media?parent=83665"}],"wp:term":[{"taxonomy":"category","embeddable":true,"href":"https:\/\/www.fedaiisf.it\/en\/wp-json\/wp\/v2\/categories?post=83665"},{"taxonomy":"post_tag","embeddable":true,"href":"https:\/\/www.fedaiisf.it\/en\/wp-json\/wp\/v2\/tags?post=83665"}],"curies":[{"name":"wp","href":"https:\/\/api.w.org\/{rel}","templated":true}]}}