{"id":83778,"date":"2025-09-17T06:53:02","date_gmt":"2025-09-17T04:53:02","guid":{"rendered":"https:\/\/www.fedaiisf.it\/?p=83778"},"modified":"2025-09-16T19:53:43","modified_gmt":"2025-09-16T17:53:43","slug":"lofficina-di-galeno-il-farmacista-del-futuro-sara-prescrittore","status":"publish","type":"post","link":"https:\/\/www.fedaiisf.it\/en\/lofficina-di-galeno-il-farmacista-del-futuro-sara-prescrittore\/","title":{"rendered":"\u201cL\u2019Officina di Galeno\u201d: il farmacista del futuro sar\u00e0 prescrittore?"},"content":{"rendered":"<h3 class=\"Title\">Sanit\u00e0 territoriale, \u201cL\u2019Officina di Galeno\u201d: il farmacista del futuro sar\u00e0 prescrittore?<\/h3>\n<p>Federfarma &#8211; 16 settembre 2025<\/p>\n<p>La terza edizione de <em>L\u2019Officina di Galeno<\/em>, organizzata da Farmacie Comunali Pisa Spa e Assofarm insieme a Uefs, con il patrocinio del Comune e di Anci, ha portato a Pisa <img loading=\"lazy\" decoding=\"async\" class=\"wp-image-83781 alignright\" src=\"https:\/\/www.fedaiisf.it\/wp-content\/uploads\/2025\/09\/farmacista-prescrittore-giornale.png\" alt=\"\" width=\"378\" height=\"117\" srcset=\"https:\/\/www.fedaiisf.it\/wp-content\/uploads\/2025\/09\/farmacista-prescrittore-giornale.png 1796w, https:\/\/www.fedaiisf.it\/wp-content\/uploads\/2025\/09\/farmacista-prescrittore-giornale-300x93.png 300w, https:\/\/www.fedaiisf.it\/wp-content\/uploads\/2025\/09\/farmacista-prescrittore-giornale-1024x317.png 1024w, https:\/\/www.fedaiisf.it\/wp-content\/uploads\/2025\/09\/farmacista-prescrittore-giornale-768x238.png 768w, https:\/\/www.fedaiisf.it\/wp-content\/uploads\/2025\/09\/farmacista-prescrittore-giornale-1536x476.png 1536w, https:\/\/www.fedaiisf.it\/wp-content\/uploads\/2025\/09\/farmacista-prescrittore-giornale-18x6.png 18w\" sizes=\"auto, (max-width: 378px) 100vw, 378px\" \/>esperti, istituzioni e professionisti del settore per discutere del farmacista prescrittore.<\/p>\n<p>Una figura che, d\u2019intesa con i medici di base e gli specialisti, potrebbe in futuro affiancare i cittadini non solo nella dispensazione, ma anche nella continuit\u00e0 terapeutica, come gi\u00e0 accade in diversi Paesi europei.<\/p>\n<p>Ad aprire i lavori \u00e8 stato il sottosegretario alla Salute <strong>Marcellus Gemmato<\/strong>, che ha sottolineato: \u201cL\u2019Officina di Galeno, in questi tre anni, si \u00e8 affermata come un appuntamento imprescindibile per i professionisti del settore. Rappresenta un\u2019occasione di confronto scientifico multidisciplinare, che vede la partecipazione di numerosi stakeholder e relatori qualificati, riuniti nella cornice di una citt\u00e0 viva e attenta ai temi dell\u2019assistenza e della prossimit\u00e0, quale \u00e8 Pisa\u201d.<\/p>\n<p>Le due giornate pisane hanno confermato la centralit\u00e0 delle farmacie nel nuovo modello di sanit\u00e0 territoriale. Ampio spazio \u00e8 stato dato al dibattito sulle esperienze gi\u00e0 avviate nei territori e sulle condizioni necessarie per rafforzare il ruolo delle farmacie come presidi sanitari vicini ai cittadini.<\/p>\n<p>Centrale l\u2019intervento del presidente di Federfarma <strong>Marco Cossolo<\/strong>, che ha posto l\u2019accento sul cambiamento necessario per la sostenibilit\u00e0 del sistema sanitario: \u201cLa farmacia si \u00e8 evoluta da semplice punto di dispensazione a presidio del servizio sanitario <img loading=\"lazy\" decoding=\"async\" class=\"wp-image-83784 alignleft\" src=\"https:\/\/www.fedaiisf.it\/wp-content\/uploads\/2025\/09\/farmacista-prescrittore-poster.png\" alt=\"\" width=\"308\" height=\"243\" srcset=\"https:\/\/www.fedaiisf.it\/wp-content\/uploads\/2025\/09\/farmacista-prescrittore-poster.png 1374w, https:\/\/www.fedaiisf.it\/wp-content\/uploads\/2025\/09\/farmacista-prescrittore-poster-300x237.png 300w, https:\/\/www.fedaiisf.it\/wp-content\/uploads\/2025\/09\/farmacista-prescrittore-poster-1024x808.png 1024w, https:\/\/www.fedaiisf.it\/wp-content\/uploads\/2025\/09\/farmacista-prescrittore-poster-768x606.png 768w, https:\/\/www.fedaiisf.it\/wp-content\/uploads\/2025\/09\/farmacista-prescrittore-poster-15x12.png 15w\" sizes=\"auto, (max-width: 308px) 100vw, 308px\" \/>nazionale. Abbiamo dimostrato, ad esempio durante la campagna vaccinale, di essere un pilastro essenziale della prevenzione e della prossimit\u00e0. Ora non dobbiamo avere paura dell\u2019innovazione:<strong> il farmacista prescrittore non \u00e8 un\u2019eresia, ma una naturale evoluzione<\/strong>. Occorre affrontare questo percorso con gradualit\u00e0, senza strappi, ma con l\u2019apertura necessaria a garantire pi\u00f9 efficienza al sistema e pi\u00f9 servizi ai cittadini\u201d.<\/p>\n<p>Il presidente della Fofi <strong>Andrea Mandelli<\/strong> ha ribadito il valore strategico della formazione e della prevenzione: \u201cLe persone hanno una diversa percezione del concetto di salute: se prima si puntava alla guarigione, oggi si punta al benessere. Il farmacista \u00e8 testimone ogni giorno di questo cambiamento e per questo \u00e8 importante investire sulla prevenzione, che non deve essere pi\u00f9 considerata una spesa\u201d.<\/p>\n<p>Related news: <a href=\"https:\/\/farmaciavirtuale.it\/farmacista-prescrittore-in-italia-in-uno-studio-le-opinioni-di-farmacisti-medici-e-utenti\/\" target=\"_blank\" rel=\"noopener\">Farmacista prescrittore in Italia: in uno studio le opinioni di farmacisti, medici e utenti<\/a><\/p>\n<p class=\"vc_custom_heading vc_custom_1592843408183\"><a href=\"https:\/\/www.ifarma.net\/farmacista-prescrittore-una-prospettiva-necessaria\/\" target=\"_blank\" rel=\"noopener\">Farmacista prescrittore: una prospettiva necessaria<\/a><\/p>\n<p>&nbsp;<\/p>","protected":false},"excerpt":{"rendered":"<p>Sanit\u00e0 territoriale, \u201cL\u2019Officina di Galeno\u201d: il farmacista del futuro sar\u00e0 prescrittore? Federfarma &#8211; 16 settembre 2025 La terza edizione de L\u2019Officina di Galeno, organizzata da Farmacie Comunali Pisa Spa e Assofarm insieme a Uefs, con il patrocinio del Comune e di Anci, ha portato a Pisa esperti, istituzioni e professionisti del settore per discutere del &hellip;<\/p>","protected":false},"author":4,"featured_media":83782,"comment_status":"closed","ping_status":"closed","sticky":false,"template":"","format":"standard","meta":{"footnotes":""},"categories":[1],"tags":[79],"class_list":["post-83778","post","type-post","status-publish","format-standard","has-post-thumbnail","hentry","category-notizie","tag-ssn"],"amp_enabled":true,"_links":{"self":[{"href":"https:\/\/www.fedaiisf.it\/en\/wp-json\/wp\/v2\/posts\/83778","targetHints":{"allow":["GET"]}}],"collection":[{"href":"https:\/\/www.fedaiisf.it\/en\/wp-json\/wp\/v2\/posts"}],"about":[{"href":"https:\/\/www.fedaiisf.it\/en\/wp-json\/wp\/v2\/types\/post"}],"author":[{"embeddable":true,"href":"https:\/\/www.fedaiisf.it\/en\/wp-json\/wp\/v2\/users\/4"}],"replies":[{"embeddable":true,"href":"https:\/\/www.fedaiisf.it\/en\/wp-json\/wp\/v2\/comments?post=83778"}],"version-history":[{"count":4,"href":"https:\/\/www.fedaiisf.it\/en\/wp-json\/wp\/v2\/posts\/83778\/revisions"}],"predecessor-version":[{"id":83785,"href":"https:\/\/www.fedaiisf.it\/en\/wp-json\/wp\/v2\/posts\/83778\/revisions\/83785"}],"wp:featuredmedia":[{"embeddable":true,"href":"https:\/\/www.fedaiisf.it\/en\/wp-json\/wp\/v2\/media\/83782"}],"wp:attachment":[{"href":"https:\/\/www.fedaiisf.it\/en\/wp-json\/wp\/v2\/media?parent=83778"}],"wp:term":[{"taxonomy":"category","embeddable":true,"href":"https:\/\/www.fedaiisf.it\/en\/wp-json\/wp\/v2\/categories?post=83778"},{"taxonomy":"post_tag","embeddable":true,"href":"https:\/\/www.fedaiisf.it\/en\/wp-json\/wp\/v2\/tags?post=83778"}],"curies":[{"name":"wp","href":"https:\/\/api.w.org\/{rel}","templated":true}]}}