{"id":83913,"date":"2025-09-23T16:59:07","date_gmt":"2025-09-23T14:59:07","guid":{"rendered":"https:\/\/www.fedaiisf.it\/?p=83913"},"modified":"2025-09-30T19:40:23","modified_gmt":"2025-09-30T17:40:23","slug":"pfizer-e-roche-entrano-nel-mercato-globale-dei-farmaci-anti-obesita","status":"publish","type":"post","link":"https:\/\/www.fedaiisf.it\/en\/pfizer-e-roche-entrano-nel-mercato-globale-dei-farmaci-anti-obesita\/","title":{"rendered":"Pfizer e Roche entrano nel mercato globale dei farmaci anti-obesit\u00e0"},"content":{"rendered":"<p class=\"text-module__text__0GDob text-module__dark-grey__UFC18 text-module__medium__2Rl30 text-module__heading_article__2yUro heading-module__base__p-zaD heading-module__heading_article__h3IXH headline-module__headline__L8lWb\" data-testid=\"Heading\"><strong><span style=\"font-size: 14pt;\">Pfizer entra nel mercato globale per i trattamenti per la perdita di peso con un&#8217;acquisizione di Metsera fino a 7,3<\/span> <img loading=\"lazy\" decoding=\"async\" class=\"wp-image-83922 alignright\" src=\"https:\/\/www.fedaiisf.it\/wp-content\/uploads\/2025\/09\/Pfizer-Metsera-compra.png\" alt=\"\" width=\"175\" height=\"212\" srcset=\"https:\/\/www.fedaiisf.it\/wp-content\/uploads\/2025\/09\/Pfizer-Metsera-compra.png 634w, https:\/\/www.fedaiisf.it\/wp-content\/uploads\/2025\/09\/Pfizer-Metsera-compra-247x300.png 247w, https:\/\/www.fedaiisf.it\/wp-content\/uploads\/2025\/09\/Pfizer-Metsera-compra-10x12.png 10w\" sizes=\"auto, (max-width: 175px) 100vw, 175px\" \/>miliardi di dollari<\/strong><\/p>\n<p><a href=\"https:\/\/www.reuters.com\/business\/healthcare-pharmaceuticals\/pfizer-closes-73-billion-takeover-anti-obesity-drugmaker-metsera-ft-reports-2025-09-22\/\" target=\"_blank\" rel=\"noopener\">Reuters &#8211; 23 settembre 2025<\/a> <span class=\"text-module__text__0GDob text-module__dark-grey__UFC18 text-module__regular__qJJtA text-module__tag_label__4kwMu\" data-testid=\"Text\">From <\/span><a class=\"text-module__text__0GDob text-module__dark-grey__UFC18 text-module__medium__2Rl30 text-module__tag_label__4kwMu link-module__link__INqxZ link-module__underline_on_hover__YTwYC author-name-module__author__09Ri8\" href=\"https:\/\/www.reuters.com\/authors\/mariam-e-sunny\/\" target=\"_blank\" rel=\"noopener\" data-testid=\"Link\">Mariam E Sunny <\/a><span class=\"text-module__text__0GDob text-module__dark-grey__UFC18 text-module__regular__qJJtA text-module__tag_label__4kwMu\" data-testid=\"Text\">And <\/span><a class=\"text-module__text__0GDob text-module__dark-grey__UFC18 text-module__medium__2Rl30 text-module__tag_label__4kwMu link-module__link__INqxZ link-module__underline_on_hover__YTwYC author-name-module__author__09Ri8\" href=\"https:\/\/www.reuters.com\/authors\/michael-erman\/\" target=\"_blank\" rel=\"noopener\" data-testid=\"Link\">Michael Erman<\/a><\/p>\n<p>22 settembre (Reuters) &#8211; Pfizer <a class=\"text-module__text__0GDob text-module__inherit-color__PhuPF text-module__inherit-font__1P1hv text-module__inherit-size__EyiQW link-module__link__INqxZ link-module__underline_default__-okuC link-module__with-icon__qlg76\" href=\"https:\/\/www.reuters.com\/markets\/companies\/PFE.N\" target=\"_blank\" rel=\"noopener\" data-testid=\"Link\">(PFE.N), <\/a>ha detto luned\u00ec che avrebbe acquisito lo sviluppatore di farmaci Metsera<a class=\"text-module__text__0GDob text-module__inherit-color__PhuPF text-module__inherit-font__1P1hv text-module__inherit-size__EyiQW link-module__link__INqxZ link-module__underline_default__-okuC link-module__with-icon__qlg76\" href=\"https:\/\/www.reuters.com\/markets\/companies\/MTSR.O\" target=\"_blank\" rel=\"noopener\" data-testid=\"Link\">(MTSR.O), <\/a>in un accordo del valore fino a 7,3 miliardi di dollari, compresi i pagamenti futuri, per cercare di prendere quote nel mercato del trattamento dell&#8217;obesit\u00e0 in rapida crescita.<\/p>\n<p>Il mercato globale dei farmaci per l&#8217;obesit\u00e0, che dovrebbe raggiungere i 150 miliardi di dollari entro i primi anni 2030, \u00e8 alimentato dalla rapida adozione di terapie GLP-1 da parte di aziende come Novo Nordisk <a class=\"text-module__text__0GDob text-module__inherit-color__PhuPF text-module__inherit-font__1P1hv text-module__inherit-size__EyiQW link-module__link__INqxZ link-module__underline_default__-okuC link-module__with-icon__qlg76\" href=\"https:\/\/www.reuters.com\/markets\/companies\/NOVOb.CO\" target=\"_blank\" rel=\"noopener\" data-testid=\"Link\">(NOVOb.CO), <\/a>ed Eli Lilly <a class=\"text-module__text__0GDob text-module__inherit-color__PhuPF text-module__inherit-font__1P1hv text-module__inherit-size__EyiQW link-module__link__INqxZ link-module__underline_default__-okuC link-module__with-icon__qlg76\" href=\"https:\/\/www.reuters.com\/markets\/companies\/LLY.N\" target=\"_blank\" rel=\"noopener\" data-testid=\"Link\">(LLY.N)<\/a>. I produttori di farmaci stanno ora correndo per sviluppare trattamenti di nuova generazione, inclusi ormoni che possono aiutare i pazienti a perdere grasso preservando i muscoli.<\/p>\n<p>Metsera porta il suo portafoglio di farmaci sperimentali per l&#8217;obesit\u00e0, con MET-097i, <img loading=\"lazy\" decoding=\"async\" class=\"wp-image-83917 alignleft\" src=\"https:\/\/www.fedaiisf.it\/wp-content\/uploads\/2025\/09\/amilina.png\" alt=\"\" width=\"373\" height=\"277\" srcset=\"https:\/\/www.fedaiisf.it\/wp-content\/uploads\/2025\/09\/amilina.png 1410w, https:\/\/www.fedaiisf.it\/wp-content\/uploads\/2025\/09\/amilina-300x223.png 300w, https:\/\/www.fedaiisf.it\/wp-content\/uploads\/2025\/09\/amilina-1024x760.png 1024w, https:\/\/www.fedaiisf.it\/wp-content\/uploads\/2025\/09\/amilina-768x570.png 768w, https:\/\/www.fedaiisf.it\/wp-content\/uploads\/2025\/09\/amilina-16x12.png 16w\" sizes=\"auto, (max-width: 373px) 100vw, 373px\" \/>un GLP-1 iniettabile, e MET-233i, che imita l&#8217;ormone pancreatico amilina, essendo correlati tra loro. MET-233i viene valutato come monoterapia mensile e in combinazione con MET-097i in studi in fase iniziale.<\/p>\n<p>Pfizer ha detto che i dati in fase iniziale per MET-233i hanno mostrato un &#8220;potenziale profilo migliore della categoria&#8221;.<\/p>\n<p>Secondo gli analisti, i programmi di dosaggio pi\u00f9 facili potrebbero dare a Pfizer un vantaggio sul mercato. L&#8217;analista di Leerink Partners David Risinger ha previsto pi\u00f9 di 5 miliardi di dollari di vendite di picco combinate per la pipeline di Metsera.<\/p>\n<p>I dirigenti di Pfizer hanno detto di essere fiduciosi che il programma di dosaggio mensile del farmaco di Metsera avrebbe funzionato perch\u00e9 rimane nei pazienti abbastanza a lungo che il profilo degli effetti collaterali non sembra peggiorare tra le dosi.<\/p>\n<p class=\"text-module__text__0GDob text-module__dark-grey__UFC18 text-module__regular__qJJtA text-module__small__sph8i body-module__full_width__kCIGb body-module__small_body__gOmDf article-body-module__paragraph__Ts-yF\" data-testid=\"paragraph-6\">&#8220;Un dosaggio mensile ben tollerato potrebbe avere enormi vantaggi, non solo per la manutenzione, ma anche per la comodit\u00e0 e la conformit\u00e0&#8221;, ha detto il Chief Scientific Officer di Pfizer Chris Boshoff.<\/p>\n<p>L&#8217;accordo segue le battute d&#8217;arresto di Pfizer nei propri sforzi di sviluppo con la pillola dimagrante danuglipron.<\/p>\n<p><img loading=\"lazy\" decoding=\"async\" class=\"wp-image-57041 alignright\" src=\"https:\/\/www.fedaiisf.it\/wp-content\/uploads\/2021\/03\/Bourla-ceo-Pfizer.jpg\" alt=\"\" width=\"235\" height=\"157\" srcset=\"https:\/\/www.fedaiisf.it\/wp-content\/uploads\/2021\/03\/Bourla-ceo-Pfizer.jpg 900w, https:\/\/www.fedaiisf.it\/wp-content\/uploads\/2021\/03\/Bourla-ceo-Pfizer-300x200.jpg 300w, https:\/\/www.fedaiisf.it\/wp-content\/uploads\/2021\/03\/Bourla-ceo-Pfizer-768x512.jpg 768w\" sizes=\"auto, (max-width: 235px) 100vw, 235px\" \/>La societ\u00e0 aveva cancellato lo sviluppo di una versione una volta al giorno di danuglipron in aprile dopo che un paziente in studio ha subito potenziali lesioni epatiche indotte da farmaci, che si sono risolte dopo che il farmaco \u00e8 stato interrotto. Aveva interrotto lo sviluppo di una versione due volte al giorno alla fine del 2023 a causa di vari effetti collaterali.<\/p>\n<p>Pfizer pagher\u00e0 47,50 dollari per azione in contanti a Metsera, rappresentando un premio di circa il 43% all&#8217;ultima chiusura della societ\u00e0 con sede a New York.<\/p>\n<p>Metsera ha anche diritto a ricevere ulteriori 22,50 dollari per azione a seconda del raggiungimento di alcuni traguardi delle prestazioni. Le sue azioni sono aumentate di oltre il 60% a 53,8 dollari, mentre Pfizer \u00e8 aumentata di circa il 2%.<\/p>\n<p>L&#8217;accordo dovrebbe chiudersi nel quarto trimestre del 2025.<\/p>\n<hr \/>\n<h4><span style=\"font-size: 18pt;\">Anche Roche nella corsa al farmaco antiobesit\u00e0<\/span><\/h4>\n<p><a href=\"https:\/\/www.reuters.com\/business\/healthcare-pharmaceuticals\/zealand-pharma-may-sell-future-obesity-drug-direct-patients-amid-market-shifts-2025-09-22\/\" target=\"_blank\" rel=\"noopener\">Reuters &#8211; 22 settembre 2025<\/a><\/p>\n<p class=\"text-module__text__0GDob text-module__dark-grey__UFC18 text-module__regular__qJJtA text-module__small__sph8i body-module__full_width__kCIGb body-module__small_body__gOmDf article-body-module__paragraph__Ts-yF\" data-testid=\"paragraph-0\">LONDRA, 22 settembre (Reuters) &#8211; Zealand Pharma <a class=\"text-module__text__0GDob text-module__inherit-color__PhuPF text-module__inherit-font__1P1hv text-module__inherit-size__EyiQW link-module__link__INqxZ link-module__underline_default__-okuC link-module__with-icon__qlg76\" href=\"https:\/\/www.reuters.com\/markets\/companies\/ZELA.CO\" target=\"_blank\" rel=\"noopener\" data-testid=\"Link\">(ZELA.CO), <\/a>sta considerando un modello di vendita diretto al paziente per il farmaco sperimentale per la perdita di peso che sta sviluppando con Roche <a class=\"text-module__text__0GDob text-module__inherit-color__PhuPF text-module__inherit-font__1P1hv text-module__inherit-size__EyiQW link-module__link__INqxZ link-module__underline_default__-okuC link-module__with-icon__qlg76\" href=\"https:\/\/www.reuters.com\/markets\/companies\/ROG.S\" target=\"_blank\" rel=\"noopener\" data-testid=\"Link\">(ROG.S),<\/a>insieme ai canali tradizionali degli assicuratori, ha detto luned\u00ec il suo CEO a Reuters.<\/p>\n<p>La societ\u00e0 si aspetta i risultati della sua sperimentazione clinica a met\u00e0 stadio del farmaco, petrelintide, nella prima met\u00e0 del 2026 e prevede di iniziare una sperimentazione in fase avanzata nella seconda met\u00e0. Ha annunciato un <a class=\"text-module__text__0GDob text-module__inherit-color__PhuPF text-module__inherit-font__1P1hv text-module__inherit-size__EyiQW link-module__link__INqxZ link-module__underline_default__-okuC\" href=\"https:\/\/www.reuters.com\/business\/healthcare-pharmaceuticals\/roche-develop-commercialize-obesity-drug-with-zealand-pharma-2025-03-12\/\" target=\"_blank\" rel=\"noopener\" data-testid=\"Link\">agreement <\/a>fino a <a class=\"text-module__text__0GDob text-module__inherit-color__PhuPF text-module__inherit-font__1P1hv text-module__inherit-size__EyiQW link-module__link__INqxZ link-module__underline_default__-okuC\" href=\"https:\/\/www.reuters.com\/business\/healthcare-pharmaceuticals\/roche-develop-commercialize-obesity-drug-with-zealand-pharma-2025-03-12\/\" data-testid=\"Link\" target=\"_blank\" rel=\"noopener\">5,3 miliardi di dollari <\/a>con Roche per co-sviluppare il farmaco a marzo.<\/p>\n<p><img loading=\"lazy\" decoding=\"async\" class=\"wp-image-83920 alignleft\" src=\"https:\/\/www.fedaiisf.it\/wp-content\/uploads\/2025\/09\/steenberg.png\" alt=\"\" width=\"148\" height=\"244\" srcset=\"https:\/\/www.fedaiisf.it\/wp-content\/uploads\/2025\/09\/steenberg.png 660w, https:\/\/www.fedaiisf.it\/wp-content\/uploads\/2025\/09\/steenberg-182x300.png 182w, https:\/\/www.fedaiisf.it\/wp-content\/uploads\/2025\/09\/steenberg-620x1024.png 620w, https:\/\/www.fedaiisf.it\/wp-content\/uploads\/2025\/09\/steenberg-7x12.png 7w\" sizes=\"auto, (max-width: 148px) 100vw, 148px\" \/>In un&#8217;intervista, il CEO della Zealand Adam Steensberg ha detto che l&#8217;azienda sta riflettendo su una strategia diretta al consumatore fin dall&#8217;inizio a causa di come il mercato si \u00e8 evoluto da Novo Nordisk <a class=\"text-module__text__0GDob text-module__inherit-color__PhuPF text-module__inherit-font__1P1hv text-module__inherit-size__EyiQW link-module__link__INqxZ link-module__underline_default__-okuC link-module__with-icon__qlg76\" href=\"https:\/\/www.reuters.com\/markets\/companies\/NOVOb.CO\" target=\"_blank\" rel=\"noopener\" data-testid=\"Link\">(NOVOb.CO), <\/a>ed Eli Lilly <a class=\"text-module__text__0GDob text-module__inherit-color__PhuPF text-module__inherit-font__1P1hv text-module__inherit-size__EyiQW link-module__link__INqxZ link-module__underline_default__-okuC link-module__with-icon__qlg76\" href=\"https:\/\/www.reuters.com\/markets\/companies\/LLY.N\" target=\"_blank\" rel=\"noopener\" data-testid=\"Link\">(LLY.N), <\/a>ha lanciato le loro terapie GLP-1 dal 2021 in poi.<\/p>\n<p>Dopo aver incontrato ostacoli all&#8217;accesso dei pazienti e aver lottato per garantire un&#8217;ampia copertura assicurativa negli Stati Uniti, entrambi i produttori di farmaci hanno successivamente lanciato piattaforme online dirette al consumatore. &#8220;Ci aspettiamo che questo mercato (diretto al consumatore) continui a crescere&#8221;, ha detto Steensberg.<\/p>\n<p>Diversi grandi produttori di farmaci tra cui <a class=\"text-module__text__0GDob text-module__inherit-color__PhuPF text-module__inherit-font__1P1hv text-module__inherit-size__EyiQW link-module__link__INqxZ link-module__underline_default__-okuC\" href=\"https:\/\/www.reuters.com\/business\/healthcare-pharmaceuticals\/roche-considering-selling-drugs-directly-us-patients-ceo-says-2025-07-24\/\" data-testid=\"Link\" target=\"_blank\" rel=\"noopener\">Roche<\/a>, Lilly e <a class=\"text-module__text__0GDob text-module__inherit-color__PhuPF text-module__inherit-font__1P1hv text-module__inherit-size__EyiQW link-module__link__INqxZ link-module__underline_default__-okuC\" href=\"https:\/\/www.reuters.com\/business\/healthcare-pharmaceuticals\/bristol-myers-pfizer-sell-blood-thinner-eliquis-directly-us-patients-2025-07-17\/\" data-testid=\"Link\" target=\"_blank\" rel=\"noopener\">Pfizer <\/a><a class=\"text-module__text__0GDob text-module__inherit-color__PhuPF text-module__inherit-font__1P1hv text-module__inherit-size__EyiQW link-module__link__INqxZ link-module__underline_default__-okuC link-module__with-icon__qlg76\" href=\"https:\/\/www.reuters.com\/markets\/companies\/PFE.N\" target=\"_blank\" rel=\"noopener\" data-testid=\"Link\">(PFE.N), <\/a>hanno detto che sono aperti a offrire alcuni dei loro farmaci pi\u00f9 venduti direttamente a pazienti o aziende, piuttosto che attraverso i canali assicurativi, a seguito delle pressioni degli Stati Uniti del Presidente Donald Trump.<\/p>\n<p>Trump ha scritto una <a class=\"text-module__text__0GDob text-module__inherit-color__PhuPF text-module__inherit-font__1P1hv text-module__inherit-size__EyiQW link-module__link__INqxZ link-module__underline_default__-okuC\" href=\"https:\/\/www.reuters.com\/business\/healthcare-pharmaceuticals\/trump-pressures-17-pharma-ceos-cut-us-drug-prices-2025-07-31\/\" target=\"_blank\" rel=\"noopener\" data-testid=\"Link\">letter <\/a>a 17 produttori di farmaci a luglio chiedendo loro di creare piattaforme dirette al consumatore per vendere i loro farmaci ai pazienti statunitensi.<\/p>\n<div data-testid=\"paragraph-4\">\n<p class=\"text-module__text__0GDob text-module__dark-grey__UFC18 text-module__regular__qJJtA text-module__small__sph8i body-module__full_width__kCIGb body-module__small_body__gOmDf article-body-module__paragraph__Ts-yF\" data-testid=\"paragraph-6\">I farmaci per l&#8217;obesit\u00e0 si prestano alla terapia cronica e al coinvolgimento in stile consumatore, proprio come comprare un prodotto che usi a lungo termine, ha detto Steensberg.<\/p>\n<p>Steensberg ha detto che il modello richiede ancora una prescrizione, quindi non \u00e8 da banco, ma sarebbe consegnato tramite telemedicina o cliniche virtuali, come nel caso attuale dell&#8217;iniezione Wegovy di Novo e dello Zepbound di Lilly.<\/p>\n<p>Il farmaco sperimentale della Zealand si basa su un ormone diverso, l&#8217;amilina, per le iniezioni di GLP-1. L&#8217;amilina ha dimostrato nei primi studi clinici di causare effetti collaterali gastrointestinali meno gravi e frequenti.<\/p>\n<div data-testid=\"paragraph-8\">\n<hr \/>\n<\/div>\n<\/div>\n<div data-testid=\"paragraph-8\">Metsera \u00e8 un&#8217;azienda biofarmaceutica in fase clinica che accelera la prossima generazione di farmaci per l&#8217;obesit\u00e0 e le malattie metaboliche. Metsera sta promuovendo un ampio portafoglio di incretina orale e iniettabile, non incretina e terapie combinate con potenziali profili best-in-class per affrontare molteplici obiettivi terapeutici e soddisfare le esigenze future di un panorama di trattamento per la perdita di peso in rapida evoluzione. Metsera \u00e8 stata fondata nel 2022 e ha sede a New York City. Per ulteriori informazioni, www.metsera.com.<\/div>\n<hr \/>\n<p>Note:<\/p>\n<p><em><span style=\"font-size: 14pt; color: #000000;\">Amilina<\/span><\/em><\/p>\n<p><em><span style=\"color: #000000;\">L&#8217;amilina \u00e8 un ormone peptidico sintetizzato dalle <a style=\"color: #000000;\" title=\"Pancreas: Cos&#039;\u00e8? A Cosa Serve e Come Funziona\" href=\"https:\/\/www.my-personaltrainer.it\/fisiologia\/pancreas.html\" target=\"_blank\" rel=\"noopener\">cellule \u03b2 pancreatiche<\/a> insieme all&#8217;<a style=\"color: #000000;\" href=\"https:\/\/www.my-personaltrainer.it\/fisiologia\/ormoni\/insulina.html\" target=\"_blank\" rel=\"noopener\">insulina<\/a>, e ad essa co-secreto in risposta ai pasti e alle condizioni di <a style=\"color: #000000;\" title=\"Iperglicemia: Cos&#039;\u00e8? Cause, Sintomi Glicemia Alta e Cosa Fare\" href=\"https:\/\/www.my-personaltrainer.it\/salute\/iperglicemia.html\" target=\"_blank\" rel=\"noopener\">iperglicemia<\/a>.<\/span><\/em><\/p>\n<p><em><span style=\"color: #000000;\">Al pari dell&#8217;insulina, l&#8217;amilina \u00e8 particolarmente attiva sul <a style=\"color: #000000;\" href=\"https:\/\/www.my-personaltrainer.it\/fisiologia\/metabolismo-glucidi.html\" target=\"_blank\" rel=\"noopener\">metabolismo del glucosio<\/a>, tanto che un suo analogo sintetico (<strong>pramlintide<\/strong>) \u00e8 stato autorizzato dalla FDA come <img loading=\"lazy\" decoding=\"async\" class=\"wp-image-83919 alignright\" src=\"https:\/\/www.fedaiisf.it\/wp-content\/uploads\/2025\/09\/Symlin.png\" alt=\"\" width=\"228\" height=\"191\" srcset=\"https:\/\/www.fedaiisf.it\/wp-content\/uploads\/2025\/09\/Symlin.png 982w, https:\/\/www.fedaiisf.it\/wp-content\/uploads\/2025\/09\/Symlin-300x251.png 300w, https:\/\/www.fedaiisf.it\/wp-content\/uploads\/2025\/09\/Symlin-768x643.png 768w, https:\/\/www.fedaiisf.it\/wp-content\/uploads\/2025\/09\/Symlin-14x12.png 14w\" sizes=\"auto, (max-width: 228px) 100vw, 228px\" \/>medicinale per il <a style=\"color: #000000;\" title=\"Cura del diabete: dieta, esercizio fisico e farmaci\" href=\"https:\/\/www.my-personaltrainer.it\/salute\/cura-diabete.html\" target=\"_blank\" rel=\"noopener\">trattamento del diabete<\/a>mellito (nome commerciale <strong>Symlin<\/strong> \u00ae), sia di tipo I che di <a style=\"color: #000000;\" title=\"Fibre Muscolari: Classificazione e Caratteristiche\" href=\"https:\/\/www.my-personaltrainer.it\/fisiologia\/fibre-muscolari.html\" target=\"_blank\" rel=\"noopener\">tipo II<\/a>, in sinergia con l&#8217;<a style=\"color: #000000;\" href=\"https:\/\/www.my-personaltrainer.it\/Articoli\/Farmaci_a_base_di_insulina.html\" target=\"_blank\" rel=\"noopener\">insulina<\/a>.<\/span><\/em><\/p>\n<p><em><span style=\"color: #000000;\">Proprio come i farmaci contenenti insulina, la pramlintide dev&#8217;essere somministrata per <a style=\"color: #000000;\" href=\"https:\/\/www.my-personaltrainer.it\/farmacologia\/somministrazione-sottocutanea-8.html\" target=\"_blank\" rel=\"noopener\">iniezione sottocutanea<\/a>, dato che una volta ingerita sarebbe completamente inattivata, come del resto accade per le <a style=\"color: #000000;\" title=\"Digestione delle Proteine\" href=\"https:\/\/www.my-personaltrainer.it\/fisiologia\/digestione-proteine.html\" target=\"_blank\" rel=\"noopener\">proteine di origine alimentare<\/a>.<\/span><\/em><\/p>\n<p><em><span style=\"color: #000000;\">Amilina e pramlintide si sono dimostrate in grado di:<\/span><\/em><\/p>\n<ul>\n<li><em><span style=\"color: #000000;\">rallentare lo <a style=\"color: #000000;\" href=\"https:\/\/www.my-personaltrainer.it\/fisiologia\/tempi-digestione.html\" target=\"_blank\" rel=\"noopener\">svuotamento gastrico<\/a><\/span><\/em><\/li>\n<li><em><span style=\"color: #000000;\">diminuire le secrezioni digestive (<a style=\"color: #000000;\" href=\"https:\/\/www.my-personaltrainer.it\/fisiologia\/sali-biliari.html\" target=\"_blank\" rel=\"noopener\">bile<\/a>, <a style=\"color: #000000;\" href=\"https:\/\/www.my-personaltrainer.it\/fisiologia\/succhi-gastrici.html\" target=\"_blank\" rel=\"noopener\">succhi gastrici<\/a>, <a style=\"color: #000000;\" href=\"https:\/\/www.my-personaltrainer.it\/fisiologia\/succo-intestinale.html\" target=\"_blank\" rel=\"noopener\">enterici<\/a> And <a style=\"color: #000000;\" href=\"https:\/\/www.my-personaltrainer.it\/fisiologia\/succo-pancreatico.html\" target=\"_blank\" rel=\"noopener\">pancreatici<\/a>)<\/span><\/em><\/li>\n<li><em><span style=\"color: #000000;\">ridurre il <a style=\"color: #000000;\" href=\"https:\/\/www.my-personaltrainer.it\/fisiologia\/ormoni\/glucagone.html\" target=\"_blank\" rel=\"noopener\">glucagone<\/a> plasmatico, ormone catabolico dagli <a style=\"color: #000000;\" title=\"Ormoni iperglicemizzanti\" href=\"https:\/\/www.my-personaltrainer.it\/fisiologia\/ormoni-iperglicemizzanti.html\" target=\"_blank\" rel=\"noopener\">effetti iperglicemizzanti<\/a><\/span><\/em><\/li>\n<li><em><span style=\"color: #000000;\">aumentare il <a style=\"color: #000000;\" href=\"https:\/\/www.my-personaltrainer.it\/sazieta.htm\" target=\"_blank\" rel=\"noopener\">senso di saziet\u00e0<\/a><\/span><\/em><\/li>\n<li><em><span style=\"color: #000000;\">ridurre, nel complesso, la <a style=\"color: #000000;\" title=\"Glicemia Postprandiale\" href=\"https:\/\/www.my-personaltrainer.it\/salute\/glicemia-postprandiale.html\" target=\"_blank\" rel=\"noopener\">glicemia post-prandiale<\/a>, migliorando il controllo di questo importante fattore di rischio per le <a style=\"color: #000000;\" title=\"Complicanze Croniche del Diabete\" href=\"https:\/\/www.my-personaltrainer.it\/salute\/complicanze-croniche-diabete.html\" target=\"_blank\" rel=\"noopener\">complicanze del diabete mellito<\/a>.<\/span><\/em><\/li>\n<\/ul>\n<p><em><span style=\"color: #000000;\">Gli effetti collaterali degli analoghi dell&#8217;amilina sono correlati al rallentato <a style=\"color: #000000;\" title=\"Stomaco e Digestione\" href=\"https:\/\/www.my-personaltrainer.it\/fisiologia\/digestione-stomaco.html\" target=\"_blank\" rel=\"noopener\">svuotamento gastrico<\/a>, con possibile comparsa di <a style=\"color: #000000;\" href=\"https:\/\/www.my-personaltrainer.it\/salute-benessere\/nausea.html\" target=\"_blank\" rel=\"noopener\">nausea<\/a> And <a style=\"color: #000000;\" title=\"Vomito: cos\u2019\u00e8, cause, quando preoccuparsi e cosa fare subito\" href=\"https:\/\/www.my-personaltrainer.it\/salute\/vomito.html\" target=\"_blank\" rel=\"noopener\">vomito<\/a>. La potenziale capacit\u00e0 di promuovere la riduzione del <a style=\"color: #000000;\" href=\"https:\/\/www.my-personaltrainer.it\/bellezza\/peso-ideale.html\" target=\"_blank\" rel=\"noopener\">peso corporeo<\/a>, dati gli effetti <a style=\"color: #000000;\" href=\"https:\/\/www.my-personaltrainer.it\/salute\/anoressizzanti.html\" target=\"_blank\" rel=\"noopener\">anorectics<\/a> esplicati a livello centrale, rendono i derivati dell&#8217;amilina di particolare utilit\u00e0 nei <a style=\"color: #000000;\" title=\"Diabete di Tipo 2: cos&#039;\u00e8, sintomi e come si cura\" href=\"https:\/\/www.my-personaltrainer.it\/il_diabete.htm\" target=\"_blank\" rel=\"noopener\">diabetici<\/a> <a style=\"color: #000000;\" href=\"https:\/\/www.my-personaltrainer.it\/dimagrire\/obesita.html\" target=\"_blank\" rel=\"noopener\">obesi<\/a>.<\/span><\/em><\/p>\n<p><em><span style=\"color: #000000;\">L&#8217;amilina umana contiene una sequenza peptidica amiloidogenica, che la predispone a precipitare formando <a style=\"color: #000000;\" href=\"https:\/\/www.my-personaltrainer.it\/salute-benessere\/amiloidosi.html\" target=\"_blank\" rel=\"noopener\">amiloide<\/a>, specialmente quando prodotta e secreta in eccesso. Si ipotizza pertanto che l&#8217;ipersecrezione insulinica ed amilinica &#8211; che si riscontra come risposta compensatoria delle cellule \u03b2 pancreatiche all&#8217;<a style=\"color: #000000;\" title=\"Insulino resistenza o resistenza insulinica: cosa \u00e8 e perch\u00e9 fa male\" href=\"https:\/\/www.my-personaltrainer.it\/salute\/insulino-resistenza.html\" target=\"_blank\" rel=\"noopener\">insulinoresistenza<\/a> &#8211; sia coinvolta nel danno cellulare pancreatico che spalanca le porte al <a style=\"color: #000000;\" title=\"Diabete tipo 1, tipo 2 e insipido: le differenze\" href=\"https:\/\/www.my-personaltrainer.it\/salute\/diabete.html\" target=\"_blank\" rel=\"noopener\">diabete mellito di tipo II<\/a>.<\/span><\/em><\/p>\n<p>Related news: <a href=\"https:\/\/investors.metsera.com\/node\/6911\/pdf\" target=\"_blank\" rel=\"noopener\">Metsera Announces Positive Phase 1 Data of First-in-Class Once-Monthly Amylin Candidate MET-233i<\/a><\/p>\n<p><a href=\"https:\/\/investors.metsera.com\/node\/7031\/pdf\" target=\"_blank\" rel=\"noopener\">Metsera. Pfizer to Acquire Metsera and its Next-Generation Obesity Portfolio<\/a><\/p>\n<p class=\"title-KX2tCBZq title-sZAHdKLd\" data-qa-id=\"news-description-title\"><a href=\"https:\/\/it.tradingview.com\/news\/invezz:7c0e8eff36c55:0\/\" target=\"_blank\" rel=\"noopener\">Il CEO di Eli Lilly critica i prezzi dei farmaci nel Regno Unito: cosa c\u2019\u00e8 dietro il contraccolpo?<\/a><\/p>\n<p>&nbsp;<\/p>","protected":false},"excerpt":{"rendered":"<p>Pfizer entra nel mercato globale per i trattamenti per la perdita di peso con un&#8217;acquisizione di Metsera fino a 7,3 miliardi di dollari Reuters &#8211; 23 settembre 2025 Di Mariam E Sunny e Michael Erman 22 settembre (Reuters) &#8211; Pfizer (PFE.N), ha detto luned\u00ec che avrebbe acquisito lo sviluppatore di farmaci Metsera(MTSR.O), in un accordo &hellip;<\/p>","protected":false},"author":4,"featured_media":83921,"comment_status":"closed","ping_status":"closed","sticky":false,"template":"","format":"standard","meta":{"footnotes":""},"categories":[16],"tags":[53,46,33],"class_list":["post-83913","post","type-post","status-publish","format-standard","has-post-thumbnail","hentry","category-primo-piano","tag-fusioniacquisizioni","tag-pfizer","tag-roche"],"amp_enabled":true,"_links":{"self":[{"href":"https:\/\/www.fedaiisf.it\/en\/wp-json\/wp\/v2\/posts\/83913","targetHints":{"allow":["GET"]}}],"collection":[{"href":"https:\/\/www.fedaiisf.it\/en\/wp-json\/wp\/v2\/posts"}],"about":[{"href":"https:\/\/www.fedaiisf.it\/en\/wp-json\/wp\/v2\/types\/post"}],"author":[{"embeddable":true,"href":"https:\/\/www.fedaiisf.it\/en\/wp-json\/wp\/v2\/users\/4"}],"replies":[{"embeddable":true,"href":"https:\/\/www.fedaiisf.it\/en\/wp-json\/wp\/v2\/comments?post=83913"}],"version-history":[{"count":11,"href":"https:\/\/www.fedaiisf.it\/en\/wp-json\/wp\/v2\/posts\/83913\/revisions"}],"predecessor-version":[{"id":83940,"href":"https:\/\/www.fedaiisf.it\/en\/wp-json\/wp\/v2\/posts\/83913\/revisions\/83940"}],"wp:featuredmedia":[{"embeddable":true,"href":"https:\/\/www.fedaiisf.it\/en\/wp-json\/wp\/v2\/media\/83921"}],"wp:attachment":[{"href":"https:\/\/www.fedaiisf.it\/en\/wp-json\/wp\/v2\/media?parent=83913"}],"wp:term":[{"taxonomy":"category","embeddable":true,"href":"https:\/\/www.fedaiisf.it\/en\/wp-json\/wp\/v2\/categories?post=83913"},{"taxonomy":"post_tag","embeddable":true,"href":"https:\/\/www.fedaiisf.it\/en\/wp-json\/wp\/v2\/tags?post=83913"}],"curies":[{"name":"wp","href":"https:\/\/api.w.org\/{rel}","templated":true}]}}