{"id":83929,"date":"2025-09-23T19:35:11","date_gmt":"2025-09-23T17:35:11","guid":{"rendered":"https:\/\/www.fedaiisf.it\/?p=83929"},"modified":"2025-09-30T19:38:13","modified_gmt":"2025-09-30T17:38:13","slug":"aifa-sul-paracetamolo-i-dati-disponibili-non-evidenziano-associazioni-con-un-aumento-del-rischio-di-autismo-ne-con-malformazioni-del-feto-o-del-neonat","status":"publish","type":"post","link":"https:\/\/www.fedaiisf.it\/en\/aifa-sul-paracetamolo-i-dati-disponibili-non-evidenziano-associazioni-con-un-aumento-del-rischio-di-autismo-ne-con-malformazioni-del-feto-o-del-neonat\/","title":{"rendered":"AIFA sul paracetamolo. I dati disponibili non evidenziano associazioni con un aumento del rischio di autismo n\u00e9 con malformazioni del feto o del neonato. Il commento"},"content":{"rendered":"<h3 class=\"portlet-title-news\">Uso del paracetamolo in gravidanza: confermate le raccomandazioni europee<\/h3>\n<p><a href=\"https:\/\/www.aifa.gov.it\/documents\/20142\/2694929\/Comunicato_AIFA_45-2025.pdf\" target=\"_blank\" rel=\"noopener\">AIFA &#8211; 23 settembre 2025<\/a><\/p>\n<p>L\u2019Agenzia Italiana del Farmaco (AIFA) informa che, alla luce delle pi\u00f9 recenti valutazioni scientifiche effettuate a livello europeo, non emergono nuove evidenze che richiedano modifiche alle raccomandazioni in vigore sull\u2019uso del paracetamolo in gravidanza.<\/p>\n<p><img loading=\"lazy\" decoding=\"async\" class=\"wp-image-83930 alignright\" src=\"https:\/\/www.fedaiisf.it\/wp-content\/uploads\/2025\/09\/AIFA-documentazione.png\" alt=\"\" width=\"282\" height=\"300\" srcset=\"https:\/\/www.fedaiisf.it\/wp-content\/uploads\/2025\/09\/AIFA-documentazione.png 634w, https:\/\/www.fedaiisf.it\/wp-content\/uploads\/2025\/09\/AIFA-documentazione-282x300.png 282w, https:\/\/www.fedaiisf.it\/wp-content\/uploads\/2025\/09\/AIFA-documentazione-11x12.png 11w\" sizes=\"auto, (max-width: 282px) 100vw, 282px\" \/>Il paracetamolo (acetaminofene), ampiamente utilizzato per il trattamento della febbre e del dolore, pu\u00f2 essere impiegato durante la gravidanza, se clinicamente necessario. <strong>I dati disponibili non evidenziano associazioni con un aumento del rischio di autismo n\u00e9 con malformazioni del feto o del neonato.<\/strong><\/p>\n<p>Una revisione condotta nel 2019 dal Comitato di Valutazione dei Rischi per la Farmacovigilanza (PRAC) dell\u2019Agenzia Europea per i Medicinali (EMA) sugli effetti del paracetamolo sullo sviluppo neuroevolutivo nei bambini esposti in utero ha concluso che le evidenze disponibili risultano non conclusive e e non supportano modifiche alle attuali raccomandazioni sull\u2019uso in gravidanza. <strong>Le esperienze d\u2019uso in ampie coorti di donne in gravidanza confermano, inoltre, l\u2019assenza di rischi malformativi o tossici.<\/strong><\/p>\n<p>Si raccomanda comunque di utilizzare il paracetamolo durante la gravidanza, alla dose efficace pi\u00f9 bassa, per il periodo di tempo pi\u00f9 breve possibile e con la frequenza minima compatibile con il trattamento.<\/p>\n<p>L\u2019EMA, in collaborazione con le autorit\u00e0 regolatorie degli altri Stati membri dell\u2019Unione Europea, continuer\u00e0 a monitorare costantemente la sicurezza dei medicinali contenenti paracetamolo e ad aggiornare le informazioni disponibili qualora emergessero nuovi dati.<\/p>\n<p><a href=\"https:\/\/www.aifa.gov.it\/documents\/20142\/2694929\/Comunicato_AIFA_45-2025.pdf\" target=\"_blank\" rel=\"noopener\"><small>AIFA &#8211; Pubblicato il: 23 settembre 2025<\/small><\/a><\/p>\n<p><a href=\"https:\/\/www.ema.europa.eu\/en\/news\/use-paracetamol-during-pregnancy-unchanged-eu\" target=\"_blank\" rel=\"noopener\">EMA. Use of paracetamol during pregnancy unchanged in the EU<\/a><\/p>\n<hr \/>\n<p><a href=\"https:\/\/www.today.it\/opinioni\/paracetamolo-autismo-commento.html\" target=\"_blank\" rel=\"noopener\"><span style=\"font-size: 14pt;\"><strong>Il commento di Martina Benedetti su Today<\/strong><\/span><\/a><\/p>\n<p>Se volete capire che cosa si intende per effetto Dunning\u2013Kruger, Donald Trump e il <img loading=\"lazy\" decoding=\"async\" class=\"wp-image-83932 alignleft\" src=\"https:\/\/www.fedaiisf.it\/wp-content\/uploads\/2025\/09\/effetto-dunning.png\" alt=\"\" width=\"271\" height=\"179\" srcset=\"https:\/\/www.fedaiisf.it\/wp-content\/uploads\/2025\/09\/effetto-dunning.png 598w, https:\/\/www.fedaiisf.it\/wp-content\/uploads\/2025\/09\/effetto-dunning-300x199.png 300w, https:\/\/www.fedaiisf.it\/wp-content\/uploads\/2025\/09\/effetto-dunning-18x12.png 18w\" sizes=\"auto, (max-width: 271px) 100vw, 271px\" \/>suo segretario alla Salute e ai Servizi Umani Robert F. Kennedy Jr. ne offrono un caso da manuale: pi\u00f9 ridotta \u00e8 la competenza in un campo, pi\u00f9 cresce l\u2019illusione di avere la risposta giusta. Al contempo chi davvero conosce la materia ne riconosce la complessit\u00e0 procede con cautela.<\/p>\n<p>Gli Stati Uniti, dopotutto, non hanno mai fatto mancare al mondo lo spettacolo: ma sarebbe stato meglio se le \u201cgag\u201d fossero rimaste a Hollywood invece che alla Casa Bianca. Le ultime uscite del presidente Trump e del segretario Kennedy non fanno ridere: rappresentano un attacco alla scienza che finisce per legittimare superstizioni e teorie del complotto.<\/p>\n<p>Trump, quasi come a suggerire che l\u2019autismo sia una &#8220;malattia da prevenire&#8221; ignora non solo la ricerca scientifica ma anche la definizione stessa del disturbo dello spettro autistico. Uno dei cavalli di battaglia dei complottisti \u00e8 una <a href=\"https:\/\/ehjournal.biomedcentral.com\/articles\/10.1186\/s12940-025-01208-0\" target=\"_blank\" rel=\"noopener\">research<\/a> condotta con metodologia &#8220;Navigation Guide&#8221; che valuta studi osservazionali sull\u2019uso di acetaminofene in gravidanza e disturbi del neurosviluppo (autismo\/ADHD). A un lettore non esperto pu\u00f2 sembrare &#8220;la prova&#8221; di un nesso; non lo \u00e8. Si tratta di evidenze osservative, per definizione soggette a confondimento: non stabiliscono causalit\u00e0 e suggeriscono semmai di fare ulteriori ricerche con disegni pi\u00f9 robusti.<\/p>\n<p>Al contrario, un grande studio svedese pubblicato su <a href=\"https:\/\/jamanetwork.com\/journals\/jama\/fullarticle\/2817406\" target=\"_blank\" rel=\"noopener\">JAMA nel 2024<\/a> (2,48 milioni di bambini seguiti fino a 26 anni) ha usato il confronto tra fratelli: un approccio che controlla molti fattori genetici e ambientali condivisi. Risultato: nel confronto tra fratelli non emerge alcuna associazione tra esposizione prenatale al paracetamolo e rischio successivo di autismo, ADHD o disabilit\u00e0 intellettiva.<br \/>\nIn altre parole, le piccole differenze viste in modelli pi\u00f9 semplici sono plausibilmente dovute a fattori familiari non misurati, non al farmaco.<\/p>\n<p>Limitare l\u2019accesso a strumenti semplici come il paracetamolo significa incentivare politiche che rischiano non solo di aumentare il dolore fisico, ma anche di minare l\u2019autonomia e la dignit\u00e0 del corpo femminile. La scelta corretta resta sempre decidere con il medico, caso per caso, usando i farmaci in modo appropriato.<\/p>\n<p><a href=\"https:\/\/www.today.it\/opinioni\/paracetamolo-autismo-commento.html\" target=\"_blank\" rel=\"noopener\">Estratto da today.it<\/a><\/p>\n<p>Related news: <a href=\"https:\/\/jamanetwork.com\/journals\/jama\/fullarticle\/2817406\" target=\"_blank\" rel=\"noopener\">JAMA. Acetaminophen Use During Pregnancy and Children\u2019s Risk of Autism, ADHD, and Intellectual Disability<\/a><\/p>\n<p class=\"article__title article-page-title\"><a href=\"https:\/\/www.medscape.com\/viewarticle\/autism-experts-rebuff-hhs-report-tylenol-autism-link-new-2025a1000p8p?ecd=wnl_tp10_daily_250923_MSCPEDIT_etid7742757&amp;uac=195487BZ&amp;impID=7742757\" target=\"_blank\" rel=\"noopener\">Autism Experts Rebuff HHS Report on Tylenol-Autism Link, New Indication for Leucovorin<\/a><\/p>\n<p><a href=\"https:\/\/www.who.int\/news\/item\/24-09-2025-who-statement-on-autism-related-issues\" target=\"_blank\" rel=\"noopener\">WHO statement on autism-related issues<\/a><\/p>\n<p class=\"c-article-title\" data-test=\"article-title\"><a href=\"https:\/\/ehjournal.biomedcentral.com\/articles\/10.1186\/s12940-025-01208-0\" target=\"_blank\" rel=\"noopener\">Evaluation of the evidence on acetaminophen use and neurodevelopmental disorders using the Navigation Guide methodology<\/a><\/p>\n<p>&nbsp;<\/p>","protected":false},"excerpt":{"rendered":"<p>Uso del paracetamolo in gravidanza: confermate le raccomandazioni europee AIFA &#8211; 23 settembre 2025 L\u2019Agenzia Italiana del Farmaco (AIFA) informa che, alla luce delle pi\u00f9 recenti valutazioni scientifiche effettuate a livello europeo, non emergono nuove evidenze che richiedano modifiche alle raccomandazioni in vigore sull\u2019uso del paracetamolo in gravidanza. Il paracetamolo (acetaminofene), ampiamente utilizzato per il &hellip;<\/p>","protected":false},"author":4,"featured_media":39700,"comment_status":"closed","ping_status":"closed","sticky":false,"template":"","format":"standard","meta":{"footnotes":""},"categories":[16],"tags":[49],"class_list":["post-83929","post","type-post","status-publish","format-standard","has-post-thumbnail","hentry","category-primo-piano","tag-aifa"],"amp_enabled":true,"_links":{"self":[{"href":"https:\/\/www.fedaiisf.it\/en\/wp-json\/wp\/v2\/posts\/83929","targetHints":{"allow":["GET"]}}],"collection":[{"href":"https:\/\/www.fedaiisf.it\/en\/wp-json\/wp\/v2\/posts"}],"about":[{"href":"https:\/\/www.fedaiisf.it\/en\/wp-json\/wp\/v2\/types\/post"}],"author":[{"embeddable":true,"href":"https:\/\/www.fedaiisf.it\/en\/wp-json\/wp\/v2\/users\/4"}],"replies":[{"embeddable":true,"href":"https:\/\/www.fedaiisf.it\/en\/wp-json\/wp\/v2\/comments?post=83929"}],"version-history":[{"count":11,"href":"https:\/\/www.fedaiisf.it\/en\/wp-json\/wp\/v2\/posts\/83929\/revisions"}],"predecessor-version":[{"id":83963,"href":"https:\/\/www.fedaiisf.it\/en\/wp-json\/wp\/v2\/posts\/83929\/revisions\/83963"}],"wp:featuredmedia":[{"embeddable":true,"href":"https:\/\/www.fedaiisf.it\/en\/wp-json\/wp\/v2\/media\/39700"}],"wp:attachment":[{"href":"https:\/\/www.fedaiisf.it\/en\/wp-json\/wp\/v2\/media?parent=83929"}],"wp:term":[{"taxonomy":"category","embeddable":true,"href":"https:\/\/www.fedaiisf.it\/en\/wp-json\/wp\/v2\/categories?post=83929"},{"taxonomy":"post_tag","embeddable":true,"href":"https:\/\/www.fedaiisf.it\/en\/wp-json\/wp\/v2\/tags?post=83929"}],"curies":[{"name":"wp","href":"https:\/\/api.w.org\/{rel}","templated":true}]}}