{"id":84273,"date":"2025-10-10T06:28:29","date_gmt":"2025-10-10T04:28:29","guid":{"rendered":"https:\/\/www.fedaiisf.it\/?p=84273"},"modified":"2025-10-14T10:58:18","modified_gmt":"2025-10-14T08:58:18","slug":"novo-nordisk-a-rischio-linvestimento-di-2-miliardi-a-anagni","status":"publish","type":"post","link":"https:\/\/www.fedaiisf.it\/en\/novo-nordisk-a-rischio-linvestimento-di-2-miliardi-a-anagni\/","title":{"rendered":"Novo Nordisk. A rischio l\u2019investimento di 2 miliardi a Anagni"},"content":{"rendered":"<h3 class=\"title is--large\" data-default=\"__TODAY_DATE__\" data-default-type=\"title\">Novo Nordisk, stop alla produzione del farmaco anti obesit\u00e0 Wegovy ad Anagni: a rischio l\u2019investimento di 2 miliardi<\/h3>\n<p>La decisione del colosso della farmaceutica Novo Nordisk fa seguito all&#8217;annuncio delle settimane scorse di una contrazione del mercato con un calo dell&#8217;8% nelle vendite globali<\/p>\n<p><a href=\"https:\/\/www.corriere.it\/economia\/aziende\/25_ottobre_09\/novo-nordisk-stop-alla-produzione-del-farmaco-anti-obesita-wegovy-ad-anagni-a-rischio-l-investimento-di-2-miliardi-2f16d47a-70a5-4a36-8f78-cade21b21xlk.shtml?refresh_ce\" target=\"_blank\" rel=\"noopener\">Corriere della Sera Economia (riassunto) &#8211; 9 ottobre 2025<\/a><\/p>\n<p>Novo Nordisk ha deciso di sospendere temporaneamente la produzione del <b>farmaco anti obesit\u00e0<\/b> <b>Wegovy<\/b>\u00a0nel sito di <b>Anagni<\/b>, in provincia di Frosinone. L\u2019annuncio \u00e8 stato dato nella sede di <b>Unindustria Frosinone<\/b> e la decisione\u00a0fa seguito <a href=\"https:\/\/www.corriere.it\/economia\/aziende\/25_settembre_10\/novo-nordisk-taglia-9-mila-posti-di-lavoro-cosa-sta-succedendo-al-colosso-dei-farmaci-anti-obesita-cdfd568c-cec9-458e-9b33-46716928bxlk.shtml?refresh_ce\" target=\"_blank\" rel=\"noopener\">alla contrazione del mercato, con un calo dell\u20198% nelle vendite globali e una perdita di oltre 60 miliardi di euro di capitalizzazione in Borsa<\/a>, riscontrata nelle scorse settimane.<\/p>\n<p><img loading=\"lazy\" decoding=\"async\" class=\"wp-image-65519 alignright\" src=\"https:\/\/www.fedaiisf.it\/wp-content\/uploads\/2022\/06\/Catalent-Anagni-867x487-1.png\" alt=\"\" width=\"351\" height=\"197\" srcset=\"https:\/\/www.fedaiisf.it\/wp-content\/uploads\/2022\/06\/Catalent-Anagni-867x487-1.png 867w, https:\/\/www.fedaiisf.it\/wp-content\/uploads\/2022\/06\/Catalent-Anagni-867x487-1-300x169.png 300w, https:\/\/www.fedaiisf.it\/wp-content\/uploads\/2022\/06\/Catalent-Anagni-867x487-1-768x431.png 768w, https:\/\/www.fedaiisf.it\/wp-content\/uploads\/2022\/06\/Catalent-Anagni-867x487-1-390x220.png 390w\" sizes=\"auto, (max-width: 351px) 100vw, 351px\" \/>Nell&#8217;incontro con i sindacati, \u00e8 stato detto che \u00ablo stabilimento ex <b>Catalent<\/b> di Anagni, presentato fino a poche settimane fa come polo strategico europeo, \u00e8 oggi coinvolto in una sospensione della produzione di uno dei farmaci chiave, con potenziali ripercussioni sull\u2019<b>occupation<\/b> e sulla <b>continuit\u00e0 industriale<\/b>\u00bb. Ma, soprattutto, dicono ancora i sindacati <b>Filctem Cgil<\/b> And <b>Femca Cisl<\/b>, \u00e8 stato riferito che \u00abl\u2019investimento iniziale di oltre 2 miliardi di euro e le promesse di crescita occupazionale rischiano di essere compromessi se non verranno garantite nuove linee produttive e un piano di espansione industriale credibile\u00bb.<\/p>\n<p><a href=\"https:\/\/roma.repubblica.it\/cronaca\/2025\/10\/09\/news\/novo_nordisk_wegovy_produzione_sospesaanagni-424902423\/\" target=\"_blank\" rel=\"noopener\">The Republic<\/a> riporta che nel corso del vertice con i sindacati appena concluso, \u00e8 emerso che le cause principali della crisi vanno ricercate nella saturazione della capacit\u00e0 produttiva e nei ritardi nell&#8217;adeguamento alle richieste di mercato. Ma anche, hanno spiegato, nelle carenze di approvvigionamento che hanno spinto pazienti e medici verso farmaci alternativi e nella concorrenza pi\u00f9 aggressiva e meglio organizzata da parte dell&#8217;americana Eli Lilly.<\/p>\n<p>Decisive sono state le nuove condizioni che si sono create negli Usa a causa dell&#8217;introduzione dei dazi decisi dal governo del presidente Donald Trump, dove inoltre sta avvenendo la diffusione incontrollata di copie non autorizzate del principio attivo &#8216;semaglutide&#8217;. A questo si aggiungono le difficolt\u00e0 legali e brevettuali, con la scadenza anticipata del brevetto di Ozempic in Canada.<\/p>\n<p><a href=\"https:\/\/it.investing.com\/news\/stock-market-news\/novo-nordisk-taglia-posti-di-lavoro-nel-sito-produttivo-chiave-per-wegovy--report-93CH-3029466\" target=\"_blank\" rel=\"noopener\">Investing.com<\/a> riferisce che <span class=\"aqPopupWrapper js-hover-me-wrapper\"><a id=\"186c294fdc99f7db\" class=\"aqlink js-hover-me\" href=\"https:\/\/it.investing.com\/equities\/novo-nordis\" target=\"_blank\" rel=\"noopener\" data-pairid=\"39229\">Novo Nordisk<\/a><\/span> ha licenziato decine di dipendenti nel suo pi\u00f9 grande sito produttivo <img loading=\"lazy\" decoding=\"async\" class=\"wp-image-83657 alignleft\" src=\"https:\/\/www.fedaiisf.it\/wp-content\/uploads\/2025\/09\/Mike-Doustdar-Novo.png\" alt=\"\" width=\"238\" height=\"198\" srcset=\"https:\/\/www.fedaiisf.it\/wp-content\/uploads\/2025\/09\/Mike-Doustdar-Novo.png 612w, https:\/\/www.fedaiisf.it\/wp-content\/uploads\/2025\/09\/Mike-Doustdar-Novo-300x250.png 300w, https:\/\/www.fedaiisf.it\/wp-content\/uploads\/2025\/09\/Mike-Doustdar-Novo-14x12.png 14w\" sizes=\"auto, (max-width: 238px) 100vw, 238px\" \/>statunitense per i farmaci blockbuster contro l\u2019obesit\u00e0 e il diabete. L\u2019azienda sta effettuando tagli in una importante ristrutturazione sotto la guida del nuovo CEO <strong>Mike Doustdar<\/strong>, secondo un\u2019analisi di Reuters dei post su LinkedIn.<\/p>\n<p>I licenziamenti hanno colpito il personale con ruoli produttivi nello stabilimento di Clayton, North Carolina e in altre strutture dello stato, incluse posizioni nel controllo qualit\u00e0 e tecnici delle linee di produzione, secondo il report.<\/p>\n<p><strong>Le richieste delle organizzazioni sindacali\u00a0<\/strong><\/p>\n<p>Tra le richieste delle diverse organizzazioni sindacali, c&#8217;\u00e8 soprattutto la chiarezza immediata da parte dell&#8217;azienda sul futuro dello stabilimento e sulle tempistiche della sospensione. Poi, anche la tutela dei livelli occupazionali e la garanzia che nessun lavoratore venga penalizzato da scelte aziendali non condivise. Sempre le diverse organizzazioni sindacali vorrebbero poi avviare un tavolo di confronto urgente con le istituzioni locali, regionali e nazionali per il monitoraggio dell&#8217;evoluzione della crisi e la salvaguardia del ruolo strategico del polo di Anagni. Si richiede poi una maggiore trasparenza sugli investimenti futuri e sulle prospettive produttive, affinch\u00e9 il territorio non subisca le conseguenze di scelte industriali dettate da logiche finanziarie.<\/p>\n<p>Il comunicato, infine, conclude con <em>&#8220;le organizzazioni sindacali rimangono vigili e determinate nel difendere i diritti dei lavoratori e il valore industriale del sito di Anagni, patrimonio del territorio e risorsa fondamentale per il sistema sanitario europeo. Alla luce della gravit\u00e0 della situazione, le organizzazioni sindacali effettueranno delle assemblee e unitamente ai lavoratori assumeranno delle decisioni su una mobilitazione che dovr\u00e0 vedere coinvolgimento di tutto il territorio&#8221;.<\/em><\/p>\n<hr \/>\n<p>Note:<\/p>\n<p style=\"font-weight: 400;\"><em>Il 10 settembre scorso avevamo riportato<a href=\"https:\/\/www.fedaiisf.it\/en\/novo-nordisk-licenziera-9-000-persone-di-cui-5-000-in-danimarca\/\" target=\"_blank\" rel=\"noopener\"> la notizia<\/a> che Novo Nordisk avrebbe attuato una trasformazione a livello aziendale per semplificare la sua organizzazione, migliorare la velocit\u00e0 del processo decisionale e <img loading=\"lazy\" decoding=\"async\" class=\"wp-image-73208 alignright\" src=\"https:\/\/www.fedaiisf.it\/wp-content\/uploads\/2023\/09\/Novo-Nordisk.jpeg\" alt=\"\" width=\"284\" height=\"180\" srcset=\"https:\/\/www.fedaiisf.it\/wp-content\/uploads\/2023\/09\/Novo-Nordisk.jpeg 649w, https:\/\/www.fedaiisf.it\/wp-content\/uploads\/2023\/09\/Novo-Nordisk-300x190.jpeg 300w, https:\/\/www.fedaiisf.it\/wp-content\/uploads\/2023\/09\/Novo-Nordisk-18x12.jpeg 18w\" sizes=\"auto, (max-width: 284px) 100vw, 284px\" \/>riallocare le risorse verso le opportunit\u00e0 di crescita dell&#8217;azienda nel diabete e nell&#8217;obesit\u00e0. Come parte della trasformazione, Novo Nordisk intende ridurre la forza lavoro globale di circa 9.000 delle 78.400 posizioni dell&#8217;azienda, con circa 5.000 riduzioni previste in Danimarca.<\/em><\/p>\n<p style=\"font-weight: 400;\"><em>Negli ultimi anni, il rapido ridimensionamento di Novo Nordisk ha aumentato la complessit\u00e0 organizzativa e i costi. La riduzione della forza lavoro \u00e8 prevista in tutta la Societ\u00e0, comprese le aree del personale e le funzioni della sede centrale, e dovrebbe fornire risparmi totali annualizzati di circa 8 miliardi di DKK (1,07 miliardi di \u20ac) entro la fine del 2026.<\/em><\/p>\n<p style=\"font-weight: 400;\"><em>Il cambiamento nelle aspettative per il 2025 si ripercuoter\u00e0 sui costi di ristrutturazione una tantum. Novo Nordisk aveva puntato sulla Ciociaria (Anagni) per la crescita della produzione con investimenti annunciati di circa due miliardi di euro e 800 assunzioni.<\/em><\/p>\n<hr \/>\n<p>Related news: <a href=\"https:\/\/www.milanofinanza.it\/news\/novo-nordisk-rilancia-la-sfida-a-eli-lilly-acquista-akero-therapeutics-per-5-2-miliardi-e-il-suo-farmaco-202510091520395867\" target=\"_blank\" rel=\"noopener\">Novo Nordisk rilancia la sfida a Eli Lilly: acquista Akero Therapeutics per 5,2 miliardi e il suo farmaco contro la cirrosi<\/a><\/p>","protected":false},"excerpt":{"rendered":"<p>Novo Nordisk, stop alla produzione del farmaco anti obesit\u00e0 Wegovy ad Anagni: a rischio l\u2019investimento di 2 miliardi La decisione del colosso della farmaceutica Novo Nordisk fa seguito all&#8217;annuncio delle settimane scorse di una contrazione del mercato con un calo dell&#8217;8% nelle vendite globali Corriere della Sera Economia (riassunto) &#8211; 9 ottobre 2025 Novo Nordisk &hellip;<\/p>","protected":false},"author":4,"featured_media":28200,"comment_status":"closed","ping_status":"closed","sticky":false,"template":"","format":"standard","meta":{"footnotes":""},"categories":[16],"tags":[27],"class_list":["post-84273","post","type-post","status-publish","format-standard","has-post-thumbnail","hentry","category-primo-piano","tag-licenziati"],"amp_enabled":true,"_links":{"self":[{"href":"https:\/\/www.fedaiisf.it\/en\/wp-json\/wp\/v2\/posts\/84273","targetHints":{"allow":["GET"]}}],"collection":[{"href":"https:\/\/www.fedaiisf.it\/en\/wp-json\/wp\/v2\/posts"}],"about":[{"href":"https:\/\/www.fedaiisf.it\/en\/wp-json\/wp\/v2\/types\/post"}],"author":[{"embeddable":true,"href":"https:\/\/www.fedaiisf.it\/en\/wp-json\/wp\/v2\/users\/4"}],"replies":[{"embeddable":true,"href":"https:\/\/www.fedaiisf.it\/en\/wp-json\/wp\/v2\/comments?post=84273"}],"version-history":[{"count":6,"href":"https:\/\/www.fedaiisf.it\/en\/wp-json\/wp\/v2\/posts\/84273\/revisions"}],"predecessor-version":[{"id":84279,"href":"https:\/\/www.fedaiisf.it\/en\/wp-json\/wp\/v2\/posts\/84273\/revisions\/84279"}],"wp:featuredmedia":[{"embeddable":true,"href":"https:\/\/www.fedaiisf.it\/en\/wp-json\/wp\/v2\/media\/28200"}],"wp:attachment":[{"href":"https:\/\/www.fedaiisf.it\/en\/wp-json\/wp\/v2\/media?parent=84273"}],"wp:term":[{"taxonomy":"category","embeddable":true,"href":"https:\/\/www.fedaiisf.it\/en\/wp-json\/wp\/v2\/categories?post=84273"},{"taxonomy":"post_tag","embeddable":true,"href":"https:\/\/www.fedaiisf.it\/en\/wp-json\/wp\/v2\/tags?post=84273"}],"curies":[{"name":"wp","href":"https:\/\/api.w.org\/{rel}","templated":true}]}}