{"id":84282,"date":"2025-10-10T18:36:47","date_gmt":"2025-10-10T16:36:47","guid":{"rendered":"https:\/\/www.fedaiisf.it\/?p=84282"},"modified":"2025-10-10T19:37:48","modified_gmt":"2025-10-10T17:37:48","slug":"oms-europa-indagine-sulla-salute-mentale-di-medici-e-infermieri","status":"publish","type":"post","link":"https:\/\/www.fedaiisf.it\/en\/oms-europa-indagine-sulla-salute-mentale-di-medici-e-infermieri\/","title":{"rendered":"OMS Europa. Indagine sulla salute mentale di medici e infermieri"},"content":{"rendered":"<h3 class=\"dynamic-content__heading\">Indagine sulla salute mentale di infermieri e medici nell&#8217;Unione europea, in Islanda e in Norvegia<\/h3>\n<p><a href=\"https:\/\/www.who.int\/europe\/publications\/i\/item\/WHO-EURO-2025-12709-52483-81031\" target=\"_blank\" rel=\"noopener\">WHO Europe &#8211; 10 October 2025<\/a><\/p>\n<p>L&#8217;indagine sulla salute mentale sugli infermieri e medici (MeND), condotta dall&#8217;Ufficio regionale dell&#8217;OMS per l&#8217;Europa nell&#8217;ambito di un accordo con la Commissione europea, mira a esplorare la salute mentale, il benessere e le condizioni di lavoro dei medici e degli infermieri nei 27 paesi dell&#8217;Unione europea pi\u00f9 Islanda e Norvegia.<\/p>\n<p><a href=\"https:\/\/iris.who.int\/server\/api\/core\/bitstreams\/e584e5dd-735f-4985-8879-67e310151fa9\/content\" target=\"_blank\" rel=\"noopener\"><img loading=\"lazy\" decoding=\"async\" class=\"wp-image-84285 aligncenter\" src=\"https:\/\/www.fedaiisf.it\/wp-content\/uploads\/2025\/10\/Rapporto-OMS-Europa-2.png\" alt=\"\" width=\"268\" height=\"444\" srcset=\"https:\/\/www.fedaiisf.it\/wp-content\/uploads\/2025\/10\/Rapporto-OMS-Europa-2.png 516w, https:\/\/www.fedaiisf.it\/wp-content\/uploads\/2025\/10\/Rapporto-OMS-Europa-2-181x300.png 181w, https:\/\/www.fedaiisf.it\/wp-content\/uploads\/2025\/10\/Rapporto-OMS-Europa-2-7x12.png 7w\" sizes=\"auto, (max-width: 268px) 100vw, 268px\" \/><\/a>Il sondaggio \u00e8 stato effettuato da ottobre 2024 ad aprile 2025 in tutti i 29 paesi, ottenendo 122048 risposte, di cui 90 171 valide. I risultati hanno indicato un&#8217;alta prevalenza di condizioni di salute mentale e condizioni di lavoro non sicure &#8211; tra cui violenza, orari di lavoro prolungati e lavoro a turni &#8211; in tutti i paesi studiati.<\/p>\n<p>Le condizioni di lavoro non sicure erano associate a una salute mentale peggiore; al contrario, la presenza di supporti sul posto di lavoro e fattori protettivi era associata a una migliore salute mentale. Sono elencate sette azioni politiche per sostenere gli Stati membri nel dare priorit\u00e0 alle azioni per migliorare le condizioni di lavoro e monitorare i progressi.<\/p>\n<hr \/>\n<p>Un intervistato su tre riferisce sintomi compatibili con un disturbo depressivo maggiore e uno su quattro con un disturbo d&#8217;ansia. Infermieri e medici donne sono pi\u00f9 inclini a depressione e ansia, mentre i medici uomini riportano una maggiore prevalenza di probabile dipendenza da alcol.<\/p>\n<p>Queste differenze di genere sono coerenti con le stime della popolazione generale (16,17). La \u200b\u200bprevalenza aggregata della depressione \u00e8 leggermente pi\u00f9 alta tra gli infermieri (32%). Per i medici, la prevalenza \u00e8 di sette punti percentuali superiore per le donne rispetto agli uomini (Fig. 5).<\/p>\n<p><img loading=\"lazy\" decoding=\"async\" class=\"wp-image-84288 aligncenter\" src=\"https:\/\/www.fedaiisf.it\/wp-content\/uploads\/2025\/10\/depressione-medici-infermieri.png\" alt=\"\" width=\"604\" height=\"231\" srcset=\"https:\/\/www.fedaiisf.it\/wp-content\/uploads\/2025\/10\/depressione-medici-infermieri.png 1626w, https:\/\/www.fedaiisf.it\/wp-content\/uploads\/2025\/10\/depressione-medici-infermieri-300x115.png 300w, https:\/\/www.fedaiisf.it\/wp-content\/uploads\/2025\/10\/depressione-medici-infermieri-1024x392.png 1024w, https:\/\/www.fedaiisf.it\/wp-content\/uploads\/2025\/10\/depressione-medici-infermieri-768x294.png 768w, https:\/\/www.fedaiisf.it\/wp-content\/uploads\/2025\/10\/depressione-medici-infermieri-1536x588.png 1536w, https:\/\/www.fedaiisf.it\/wp-content\/uploads\/2025\/10\/depressione-medici-infermieri-18x7.png 18w\" sizes=\"auto, (max-width: 604px) 100vw, 604px\" \/><\/p>\n<p>Per quanto riguarda l&#8217;ansia, la prevalenza \u00e8 simile tra infermieri e infermiere, ma pi\u00f9 elevata tra i medici donne che tra i medici (Fig. 6).<\/p>\n<p><img loading=\"lazy\" decoding=\"async\" class=\"wp-image-84289 aligncenter\" src=\"https:\/\/www.fedaiisf.it\/wp-content\/uploads\/2025\/10\/ansia-medici-infermieri.png\" alt=\"\" width=\"607\" height=\"232\" srcset=\"https:\/\/www.fedaiisf.it\/wp-content\/uploads\/2025\/10\/ansia-medici-infermieri.png 1626w, https:\/\/www.fedaiisf.it\/wp-content\/uploads\/2025\/10\/ansia-medici-infermieri-300x115.png 300w, https:\/\/www.fedaiisf.it\/wp-content\/uploads\/2025\/10\/ansia-medici-infermieri-1024x392.png 1024w, https:\/\/www.fedaiisf.it\/wp-content\/uploads\/2025\/10\/ansia-medici-infermieri-768x294.png 768w, https:\/\/www.fedaiisf.it\/wp-content\/uploads\/2025\/10\/ansia-medici-infermieri-1536x588.png 1536w, https:\/\/www.fedaiisf.it\/wp-content\/uploads\/2025\/10\/ansia-medici-infermieri-18x7.png 18w\" sizes=\"auto, (max-width: 607px) 100vw, 607px\" \/><\/p>\n<p>La prevalenza aggregata di probabile dipendenza da alcol \u00e8 pi\u00f9 alta tra i medici che tra gli infermieri, con i medici uomini che segnalano la prevalenza pi\u00f9 elevata (Fig. 7).<\/p>\n<p><img loading=\"lazy\" decoding=\"async\" class=\"wp-image-84290 aligncenter\" src=\"https:\/\/www.fedaiisf.it\/wp-content\/uploads\/2025\/10\/Alcool-dipendenza-medici-infermieri.png\" alt=\"\" width=\"585\" height=\"220\" srcset=\"https:\/\/www.fedaiisf.it\/wp-content\/uploads\/2025\/10\/Alcool-dipendenza-medici-infermieri.png 1626w, https:\/\/www.fedaiisf.it\/wp-content\/uploads\/2025\/10\/Alcool-dipendenza-medici-infermieri-300x113.png 300w, https:\/\/www.fedaiisf.it\/wp-content\/uploads\/2025\/10\/Alcool-dipendenza-medici-infermieri-1024x385.png 1024w, https:\/\/www.fedaiisf.it\/wp-content\/uploads\/2025\/10\/Alcool-dipendenza-medici-infermieri-768x289.png 768w, https:\/\/www.fedaiisf.it\/wp-content\/uploads\/2025\/10\/Alcool-dipendenza-medici-infermieri-1536x578.png 1536w, https:\/\/www.fedaiisf.it\/wp-content\/uploads\/2025\/10\/Alcool-dipendenza-medici-infermieri-18x7.png 18w\" sizes=\"auto, (max-width: 585px) 100vw, 585px\" \/><\/p>\n<p>Il tredici percento degli operatori sanitari ha riferito di aver avuto pensieri suicidari \u2013 la sensazione di stare meglio se fossero morti e\/o pensieri di farsi del male \u2013 nelle ultime due settimane (Fig. 8). Tali pensieri sono forti predittori di futuri comportamenti suicidari e di decessi correlati al suicidio (18,19). Sebbene questo risultato si basi su un singolo elemento auto-riportato e debba essere interpretato con cautela, indica comunque la portata del problema.<\/p>\n<p><img loading=\"lazy\" decoding=\"async\" class=\"wp-image-84291 aligncenter\" src=\"https:\/\/www.fedaiisf.it\/wp-content\/uploads\/2025\/10\/pensieri-suicidari-medici.png\" alt=\"\" width=\"589\" height=\"258\" srcset=\"https:\/\/www.fedaiisf.it\/wp-content\/uploads\/2025\/10\/pensieri-suicidari-medici.png 1626w, https:\/\/www.fedaiisf.it\/wp-content\/uploads\/2025\/10\/pensieri-suicidari-medici-300x131.png 300w, https:\/\/www.fedaiisf.it\/wp-content\/uploads\/2025\/10\/pensieri-suicidari-medici-1024x448.png 1024w, https:\/\/www.fedaiisf.it\/wp-content\/uploads\/2025\/10\/pensieri-suicidari-medici-768x336.png 768w, https:\/\/www.fedaiisf.it\/wp-content\/uploads\/2025\/10\/pensieri-suicidari-medici-1536x673.png 1536w, https:\/\/www.fedaiisf.it\/wp-content\/uploads\/2025\/10\/pensieri-suicidari-medici-18x8.png 18w\" sizes=\"auto, (max-width: 589px) 100vw, 589px\" \/><\/p>\n<p>I problemi di salute mentale sono diffusi tra medici e infermieri in tutti i contesti e in tutte le specializzazioni.<br \/>\nGli operatori sanitari nei reparti di degenza ospedaliera e di pronto soccorso presentavano i livelli pi\u00f9 elevati di ansia e depressione, con tassi di prevalenza che variavano dal 23 al 33% per depressione e ansia.<\/p>\n<p>La prevalenza dei disturbi di salute mentale non varia molto a seconda della specializzazione medica, ma \u00e8 stata osservata una prevalenza leggermente maggiore di sintomi sia di ansia che di depressione tra i radiologi e altri specialisti diagnostici.<\/p>\n<p>Gli operatori sanitari (OS) in Lettonia e Polonia segnalano i tassi pi\u00f9 elevati di depressione, con quasi la met\u00e0 degli intervistati che raggiunge la soglia per un probabile disturbo depressivo maggiore. Al contrario, gli operatori in Danimarca e Islanda mostrano tassi di prevalenza molto pi\u00f9 bassi (circa il 15%). Questi tassi sono costantemente pi\u00f9 alti in ogni Paese rispetto ai tassi rilevati utilizzando lo stesso strumento nella popolazione generale, ma la variazione tra i Paesi non segue lo stesso andamento se confrontata con la variazione dei tassi di depressione nella popolazione generale.<\/p>\n<p><img loading=\"lazy\" decoding=\"async\" class=\"size-full wp-image-84294 aligncenter\" src=\"https:\/\/www.fedaiisf.it\/wp-content\/uploads\/2025\/10\/depressione-per-paese.png\" alt=\"\" width=\"1626\" height=\"754\" srcset=\"https:\/\/www.fedaiisf.it\/wp-content\/uploads\/2025\/10\/depressione-per-paese.png 1626w, https:\/\/www.fedaiisf.it\/wp-content\/uploads\/2025\/10\/depressione-per-paese-300x139.png 300w, https:\/\/www.fedaiisf.it\/wp-content\/uploads\/2025\/10\/depressione-per-paese-1024x475.png 1024w, https:\/\/www.fedaiisf.it\/wp-content\/uploads\/2025\/10\/depressione-per-paese-768x356.png 768w, https:\/\/www.fedaiisf.it\/wp-content\/uploads\/2025\/10\/depressione-per-paese-1536x712.png 1536w, https:\/\/www.fedaiisf.it\/wp-content\/uploads\/2025\/10\/depressione-per-paese-18x8.png 18w\" sizes=\"auto, (max-width: 1626px) 100vw, 1626px\" \/><\/p>\n<p>La variazione tra i diversi Paesi per quanto riguarda l&#8217;ansia \u00e8 ancora pi\u00f9 elevata: in Lettonia, quasi due terzi degli intervistati hanno un punteggio superiore alla<br \/>\nsoglia per i disturbi d&#8217;ansia, mentre in Danimarca e nei Paesi Bassi (Regno Unito) la prevalenza \u00e8 inferiore al 10%. In particolare, c&#8217;\u00e8 una differenza di 20 punti percentuali tra Lettonia e Francia, che si classifica al secondo posto (Fig. 11).<\/p>\n<p><img loading=\"lazy\" decoding=\"async\" class=\"alignnone size-full wp-image-84295\" src=\"https:\/\/www.fedaiisf.it\/wp-content\/uploads\/2025\/10\/ansia-per-paese.png\" alt=\"\" width=\"1626\" height=\"816\" srcset=\"https:\/\/www.fedaiisf.it\/wp-content\/uploads\/2025\/10\/ansia-per-paese.png 1626w, https:\/\/www.fedaiisf.it\/wp-content\/uploads\/2025\/10\/ansia-per-paese-300x151.png 300w, https:\/\/www.fedaiisf.it\/wp-content\/uploads\/2025\/10\/ansia-per-paese-1024x514.png 1024w, https:\/\/www.fedaiisf.it\/wp-content\/uploads\/2025\/10\/ansia-per-paese-768x385.png 768w, https:\/\/www.fedaiisf.it\/wp-content\/uploads\/2025\/10\/ansia-per-paese-1536x771.png 1536w, https:\/\/www.fedaiisf.it\/wp-content\/uploads\/2025\/10\/ansia-per-paese-18x9.png 18w\" sizes=\"auto, (max-width: 1626px) 100vw, 1626px\" \/>I tassi pi\u00f9 elevati di probabile dipendenza da alcol si osservano in Francia, seguita dai Paesi Baltici e dalla Bulgaria. All&#8217;estremit\u00e0 inferiore della scala, non emerge uno schema geografico chiaro, con Danimarca, Italia, Paesi Bassi (Regno Unito) e Portogallo che mostrano prevalenze di circa l&#8217;1%.<\/p>\n<p>Due terzi dei medici e degli infermieri hanno dichiarato di sentirsi soddisfatti del proprio lavoro. I livelli di soddisfazione sono pi\u00f9 elevati tra i medici rispetto agli infermieri, e tra le infermiere rispetto agli infermieri (Fig. 13).<\/p>\n<p><img loading=\"lazy\" decoding=\"async\" class=\"size-full wp-image-84296 aligncenter\" src=\"https:\/\/www.fedaiisf.it\/wp-content\/uploads\/2025\/10\/grado-soddisfazione.png\" alt=\"\" width=\"1626\" height=\"550\" srcset=\"https:\/\/www.fedaiisf.it\/wp-content\/uploads\/2025\/10\/grado-soddisfazione.png 1626w, https:\/\/www.fedaiisf.it\/wp-content\/uploads\/2025\/10\/grado-soddisfazione-300x101.png 300w, https:\/\/www.fedaiisf.it\/wp-content\/uploads\/2025\/10\/grado-soddisfazione-1024x346.png 1024w, https:\/\/www.fedaiisf.it\/wp-content\/uploads\/2025\/10\/grado-soddisfazione-768x260.png 768w, https:\/\/www.fedaiisf.it\/wp-content\/uploads\/2025\/10\/grado-soddisfazione-1536x520.png 1536w, https:\/\/www.fedaiisf.it\/wp-content\/uploads\/2025\/10\/grado-soddisfazione-18x6.png 18w\" sizes=\"auto, (max-width: 1626px) 100vw, 1626px\" \/><\/p>\n<p>L&#8217;indagine MeND esplora quattro ambiti di rischio e fattori protettivi potenzialmente perseguibili sul posto di lavoro: esposizione alla violenza, orari di lavoro e contratti, supporto e controllo sociale e strutture di supporto sul posto di lavoro.<\/p>\n<p>La violenza contro gli operatori sanitari \u00e8 comune. Il 70% di medici e infermieri riferisce di essere frequentemente esposto a pazienti o parenti arrabbiati sul posto di lavoro. Un terzo di medici e infermieri ha riferito di essere esposto a bullismo o minacce violente sul posto di lavoro e oltre il 10% ha segnalato violenza fisica e molestie sessuali (Fig. 19).<\/p>\n<p><img loading=\"lazy\" decoding=\"async\" class=\"size-full wp-image-84298 aligncenter\" src=\"https:\/\/www.fedaiisf.it\/wp-content\/uploads\/2025\/10\/esposizione-alla-violenza.png\" alt=\"\" width=\"1626\" height=\"860\" srcset=\"https:\/\/www.fedaiisf.it\/wp-content\/uploads\/2025\/10\/esposizione-alla-violenza.png 1626w, https:\/\/www.fedaiisf.it\/wp-content\/uploads\/2025\/10\/esposizione-alla-violenza-300x159.png 300w, https:\/\/www.fedaiisf.it\/wp-content\/uploads\/2025\/10\/esposizione-alla-violenza-1024x542.png 1024w, https:\/\/www.fedaiisf.it\/wp-content\/uploads\/2025\/10\/esposizione-alla-violenza-768x406.png 768w, https:\/\/www.fedaiisf.it\/wp-content\/uploads\/2025\/10\/esposizione-alla-violenza-1536x812.png 1536w, https:\/\/www.fedaiisf.it\/wp-content\/uploads\/2025\/10\/esposizione-alla-violenza-18x10.png 18w\" sizes=\"auto, (max-width: 1626px) 100vw, 1626px\" \/><\/p>\n<p>Oltre la met\u00e0 degli intervistati ha segnalato almeno un tipo di violenza sul posto di lavoro. Sebbene vi siano grandi differenze tra i paesi (ad esempio, il 49% in Danimarca contro il 91% a Cipro e in Polonia), le percentuali sono in generale significative (Fig. 20).<\/p>\n<p><img loading=\"lazy\" decoding=\"async\" class=\"alignnone size-full wp-image-84299\" src=\"https:\/\/www.fedaiisf.it\/wp-content\/uploads\/2025\/10\/violenza-per-paese.png\" alt=\"\" width=\"1626\" height=\"1022\" srcset=\"https:\/\/www.fedaiisf.it\/wp-content\/uploads\/2025\/10\/violenza-per-paese.png 1626w, https:\/\/www.fedaiisf.it\/wp-content\/uploads\/2025\/10\/violenza-per-paese-300x189.png 300w, https:\/\/www.fedaiisf.it\/wp-content\/uploads\/2025\/10\/violenza-per-paese-1024x644.png 1024w, https:\/\/www.fedaiisf.it\/wp-content\/uploads\/2025\/10\/violenza-per-paese-768x483.png 768w, https:\/\/www.fedaiisf.it\/wp-content\/uploads\/2025\/10\/violenza-per-paese-1536x965.png 1536w, https:\/\/www.fedaiisf.it\/wp-content\/uploads\/2025\/10\/violenza-per-paese-18x12.png 18w\" sizes=\"auto, (max-width: 1626px) 100vw, 1626px\" \/><\/p>\n<p>L&#8217;esposizione a minacce violente \u00e8 stata pi\u00f9 elevata a Cipro, Grecia e Spagna; le molestie sessuali sono state pi\u00f9 elevate in Croazia, Finlandia e Polonia; la violenza fisica \u00e8 stata pi\u00f9 elevata in Irlanda, Polonia e Spagna; i pazienti e i parenti arrabbiati sono stati pi\u00f9 elevati a Cipro, Lituania e Polonia; e il bullismo \u00e8 stato pi\u00f9 elevato in Estonia, Grecia e Polonia.<\/p>\n<p>I livelli di esposizione ai fattori di rischio legati all&#8217;orario di lavoro e ai contratti variano da paese a paese. Le esposizioni pi\u00f9 prevalenti in generale sono state i turni a rotazione frequenti e i turni di notte; i paesi con la pi\u00f9 alta prevalenza di turni a rotazione e di notte combinati sono Francia (93%), Grecia (90%) e Ungheria (94%).<\/p>\n<p>Nell&#8217;indagine MeND, \u00e8 stato chiesto agli intervistati se avessero a disposizione una serie di strutture di supporto sul posto di lavoro. I risultati mostrano che solo la met\u00e0 degli intervistati ha dichiarato di aver implementato protocolli per le molestie e la violenza, e meno del 25% ha dichiarato di avere un piano d&#8217;azione per lo stress.<\/p>\n<p>Medici e infermieri esposti a orari di lavoro e contratti meno stabili precari \u2013 come frequenti orari di lavoro prolungati, turni notturni, turni a rotazione e contratti a tempo determinato \u2013 segnalano tassi pi\u00f9 elevati di ansia e depressione, oltre a una maggiore prevalenza di dipendenza da alcol. Al contrario, gli operatori sanitari con condizioni di lavoro pi\u00f9 stabili riferiscono significativamente meno problemi di salute mentale.<\/p>\n<p>Il lavoro a turni \u00e8 definito come il lavoro al di fuori dell&#8217;orario tipico, dalle 7:00 alle 18:00, inclusi i turni a rotazione o i turni notturni.<br \/>\nOltre il 20% dei medici e il 50% degli infermieri dichiarano di lavorare regolarmente a turni, con oltre il 30% che lavora nei turni notturni settimanalmente o pi\u00f9 frequentemente.<\/p>\n<p>Un medico su tre e un infermiere su quattro hanno contratti a tempo determinato\/precario. La percentuale varia significativamente a seconda del Paese, dal 14% a oltre il 78% per i medici e dal 3% a oltre l&#8217;86% per gli infermieri.<\/p>\n<p>I problemi di salute mentale sono pi\u00f9 diffusi tra le persone con contratti a tempo determinato\/precario rispetto a quelle con contratti a tempo indeterminato<\/p>\n<p>I nostri risultati rivelano che infermieri e medici sperimentano sia alti tassi di difficolt\u00e0 di salute mentale sia condizioni di lavoro sfavorevoli che incidono negativamente sulla loro salute mentale e sul loro benessere.<\/p>\n<p><img loading=\"lazy\" decoding=\"async\" class=\"wp-image-84301 aligncenter\" src=\"https:\/\/www.fedaiisf.it\/wp-content\/uploads\/2025\/10\/fattori-di-rischio-medici.png\" alt=\"\" width=\"553\" height=\"469\" srcset=\"https:\/\/www.fedaiisf.it\/wp-content\/uploads\/2025\/10\/fattori-di-rischio-medici.png 1626w, https:\/\/www.fedaiisf.it\/wp-content\/uploads\/2025\/10\/fattori-di-rischio-medici-300x255.png 300w, https:\/\/www.fedaiisf.it\/wp-content\/uploads\/2025\/10\/fattori-di-rischio-medici-1024x869.png 1024w, https:\/\/www.fedaiisf.it\/wp-content\/uploads\/2025\/10\/fattori-di-rischio-medici-768x652.png 768w, https:\/\/www.fedaiisf.it\/wp-content\/uploads\/2025\/10\/fattori-di-rischio-medici-1536x1304.png 1536w, https:\/\/www.fedaiisf.it\/wp-content\/uploads\/2025\/10\/fattori-di-rischio-medici-14x12.png 14w\" sizes=\"auto, (max-width: 553px) 100vw, 553px\" \/>La prevalenza media di probabile disturbo depressivo maggiore \u00e8 del 30% nel campione, il che suggerisce un tasso cinque volte superiore rispetto alle stime nella popolazione generale dell&#8217;European Health Interview Survey condotta tra il 2013 e il 2015 utilizzando lo stesso strumento.<\/p>\n<p>I tassi sono costantemente pi\u00f9 alti in ogni Paese rispetto ai tassi riscontrati nella popolazione generale, ma la variazione tra i Paesi non segue lo stesso trend. Ad esempio, la Polonia ha la pi\u00f9 alta prevalenza di depressione nel campione, ma una delle pi\u00f9 basse nella popolazione generale. Da notare che i tassi di ansia e depressione sono simili o superiori a quelli riscontrati durante la pandemia di COVID-19 in Europa e a livello globale.<\/p>\n<p>Un approccio intersezionale, che riconosca come questi fattori interagiscono nel determinare la vulnerabilit\u00e0, dovrebbe essere utilizzato per identificare i gruppi pi\u00f9 a rischio e dare priorit\u00e0 a politiche mirate ed eque.<\/p>\n<hr \/>\n<h6>Note:<\/h6>\n<h6><em><strong>CARATTERISTICHE DEL MEND REPORT DI OMS EUROPA:<\/strong><\/em><\/h6>\n<p><em>Il rapporto nasce da una survey realizzata nel 2024 in collaborazione con la <strong>European Commission<\/strong>, che ha coinvolto <strong>oltre 100.000 medici e infermieri<\/strong> provenienti dai 27 Stati membri dell\u2019UE, oltre a Islanda e Norvegia. Si tratta della prima indagine di questa portata, sviluppata con strumenti validati per misurare la salute mentale e comprendere le connessioni tra fattori sociodemografici, condizioni di lavoro e livelli di benessere psicologico.<\/em><\/p>\n<h6><em><strong>UNA CRISI CRESCENTE TRA GLI OPERATORI SANITARI<\/strong><\/em><\/h6>\n<p><em>I risultati del MeND Report rivelano una tendenza preoccupante: <strong>circa un terzo dei professionisti della salute<\/strong> manifesta sintomi riconducibili ad <strong>ansia o depressione<\/strong>. Questa condizione contribuisce a un aumento del burnout, dell\u2019assenteismo e dell\u2019intenzione di abbandonare la professione, aggravando una carenza di personale gi\u00e0 allarmante.<\/em><\/p>\n<p><em>Nella Regione europea dell\u2019OMS, le carenze di forza lavoro sanitaria sono infatti destinate a <strong>triplicare entro il 2030<\/strong> rispetto ai livelli del 2013, rendendo urgente l\u2019adozione di politiche mirate al benessere e alla retention degli operatori.<\/em><\/p>\n<h6><em><strong>UN EVENTO PER CONDIVIDERE DATI, EVIDENZE E SOLUZIONI<\/strong><\/em><\/h6>\n<p><em>Nel corso dell\u2019evento, organizzato in occasione della <strong>Giornata Mondiale della Salute Mentale<\/strong>, OMS Europa presenter\u00e0 i principali risultati del MeND Report e aprir\u00e0 il confronto con <strong>Stati membri, organizzazioni professionali e partner internazionali<\/strong> sulle azioni pi\u00f9 efficaci per migliorare il benessere mentale e le condizioni di lavoro del personale sanitario.<\/em><\/p>\n<p><em>L\u2019iniziativa si inserisce nel calendario dei <strong>side events<\/strong> che precedono la <strong>75\u00aa sessione del Comitato Regionale dell\u2019OMS per l\u2019Europa (RC75)<\/strong>, dedicati ai temi prioritari per la salute pubblica e la resilienza dei sistemi sanitari nella Regione.<\/em><\/p>\n<p><em>Per maggiori informazioni si prega di consultare il seguente <a href=\"https:\/\/www.who.int\/europe\/about-us\/governance\/regional-committee\/75th-session-of-the-who-regional-committee-for-europe\/side-events\/mental-health-and-well-being-of-the-health-and-care-workforce\" target=\"_blank\" rel=\"noopener\">LINK.<\/a><\/em><\/p>\n<p><em>Il 10 ottobre 2025, l\u2019<a href=\"https:\/\/promisalute.it\/oms-europa-policy-brief-governance-dati-sanitari-ia\/\" target=\"_blank\" rel=\"noopener\"><strong>Organizzazione Mondiale della Sanit\u00e0 \u2013 Ufficio regionale per l\u2019Europa <\/strong><\/a>\u00a0ha presentato, nel corso dell\u2019evento online \u201cMental health and wellbeing of the health and care workforce\u201d, il nuovo <strong>MeND Report \u2013 Mental Health of Nurses and Doctors<\/strong>, il pi\u00f9 ampio studio mai condotto sulla salute mentale e il benessere del personale sanitario in Europa.<\/em><\/p>\n<hr \/>\n<p>Related news: <a href=\"https:\/\/www.fimmg.org\/it\/20251009_Comunicato-stampa-Fimmg_83-CONGRESSO-NAZIONALE-pdf\/\" target=\"_blank\" rel=\"noopener\">Fimmg. Medici di famiglia \u201csempre in servizio\u201d: 30% delle prescrizioni dematerializzate compilato tra le 20:00 e le 23:30<\/a><\/p>","protected":false},"excerpt":{"rendered":"<p>Indagine sulla salute mentale di infermieri e medici nell&#8217;Unione europea, in Islanda e in Norvegia WHO Europe &#8211; 10 October 2025 L&#8217;indagine sulla salute mentale sugli infermieri e medici (MeND), condotta dall&#8217;Ufficio regionale dell&#8217;OMS per l&#8217;Europa nell&#8217;ambito di un accordo con la Commissione europea, mira a esplorare la salute mentale, il benessere e le condizioni &hellip;<\/p>","protected":false},"author":4,"featured_media":84303,"comment_status":"closed","ping_status":"closed","sticky":false,"template":"","format":"standard","meta":{"footnotes":""},"categories":[1],"tags":[79],"class_list":["post-84282","post","type-post","status-publish","format-standard","has-post-thumbnail","hentry","category-notizie","tag-ssn"],"amp_enabled":true,"_links":{"self":[{"href":"https:\/\/www.fedaiisf.it\/en\/wp-json\/wp\/v2\/posts\/84282","targetHints":{"allow":["GET"]}}],"collection":[{"href":"https:\/\/www.fedaiisf.it\/en\/wp-json\/wp\/v2\/posts"}],"about":[{"href":"https:\/\/www.fedaiisf.it\/en\/wp-json\/wp\/v2\/types\/post"}],"author":[{"embeddable":true,"href":"https:\/\/www.fedaiisf.it\/en\/wp-json\/wp\/v2\/users\/4"}],"replies":[{"embeddable":true,"href":"https:\/\/www.fedaiisf.it\/en\/wp-json\/wp\/v2\/comments?post=84282"}],"version-history":[{"count":15,"href":"https:\/\/www.fedaiisf.it\/en\/wp-json\/wp\/v2\/posts\/84282\/revisions"}],"predecessor-version":[{"id":84321,"href":"https:\/\/www.fedaiisf.it\/en\/wp-json\/wp\/v2\/posts\/84282\/revisions\/84321"}],"wp:featuredmedia":[{"embeddable":true,"href":"https:\/\/www.fedaiisf.it\/en\/wp-json\/wp\/v2\/media\/84303"}],"wp:attachment":[{"href":"https:\/\/www.fedaiisf.it\/en\/wp-json\/wp\/v2\/media?parent=84282"}],"wp:term":[{"taxonomy":"category","embeddable":true,"href":"https:\/\/www.fedaiisf.it\/en\/wp-json\/wp\/v2\/categories?post=84282"},{"taxonomy":"post_tag","embeddable":true,"href":"https:\/\/www.fedaiisf.it\/en\/wp-json\/wp\/v2\/tags?post=84282"}],"curies":[{"name":"wp","href":"https:\/\/api.w.org\/{rel}","templated":true}]}}