{"id":84337,"date":"2025-10-13T17:02:29","date_gmt":"2025-10-13T15:02:29","guid":{"rendered":"https:\/\/www.fedaiisf.it\/?p=84337"},"modified":"2025-10-22T19:43:11","modified_gmt":"2025-10-22T17:43:11","slug":"cosenza-informatori-scientifici-partecipano-a-un-giro-di-pista-per-la-polio-manifestazione-di-raccolti-fondi-per-la-lotta-alla-poliomielite","status":"publish","type":"post","link":"https:\/\/www.fedaiisf.it\/en\/cosenza-informatori-scientifici-partecipano-a-un-giro-di-pista-per-la-polio-manifestazione-di-raccolti-fondi-per-la-lotta-alla-poliomielite\/","title":{"rendered":"Cosenza. Informatori scientifici partecipano a \u201cUn Giro di Pista per la Polio\u201d. Manifestazione di raccolta fondi per la lotta alla poliomielite"},"content":{"rendered":"<p style=\"font-weight: 400;\"><span style=\"font-size: 14pt; color: #000000;\">\u201cDomenica 5 ottobre 2025, una delegazione di Informatori Scientifici Calabaresi, composta da <img loading=\"lazy\" decoding=\"async\" class=\"wp-image-84356 alignleft\" src=\"https:\/\/www.fedaiisf.it\/wp-content\/uploads\/2025\/10\/cosenza-polio.png\" alt=\"\" width=\"265\" height=\"314\" srcset=\"https:\/\/www.fedaiisf.it\/wp-content\/uploads\/2025\/10\/cosenza-polio.png 385w, https:\/\/www.fedaiisf.it\/wp-content\/uploads\/2025\/10\/cosenza-polio-253x300.png 253w, https:\/\/www.fedaiisf.it\/wp-content\/uploads\/2025\/10\/cosenza-polio-10x12.png 10w\" sizes=\"auto, (max-width: 265px) 100vw, 265px\" \/>Maria Curia, Francesco Di Sanzo, Lindo Giglio e Luisa Talarico, ha preso parte alla competizione di beneficenza \u201c<em>Un Giro di Pista per la Polio<\/em>\u201d, organizzata dal Rotary Club Mendicino Serre Cosentine, presieduto dalla Dottoressa Sabrina Sinicropi.<\/span><\/p>\n<p style=\"font-weight: 400;\"><span style=\"font-size: 14pt; color: #000000;\">Tante sono state le realt\u00e0 associative, istituzionali e civili che hanno preso parte alla manifestazione benefica.<\/span><\/p>\n<p style=\"font-weight: 400;\"><span style=\"font-size: 14pt; color: #000000;\">Obiettivo della manifestazione \u00e8 stato sensibilizzare l\u2019opinione pubblica alla lotta contro la poliomielite.<\/span><br \/>\n<span style=\"font-size: 14pt; color: #000000;\">Come Informatori, siamo felici di avere contribuito a questa manifestazione.\u201d<\/span><\/p>\n<p><img loading=\"lazy\" decoding=\"async\" class=\"size-full wp-image-84358 aligncenter\" src=\"https:\/\/www.fedaiisf.it\/wp-content\/uploads\/2025\/10\/Schermata-2025-10-13-alle-19.30.07.png\" alt=\"\" width=\"1025\" height=\"707\" srcset=\"https:\/\/www.fedaiisf.it\/wp-content\/uploads\/2025\/10\/Schermata-2025-10-13-alle-19.30.07.png 1025w, https:\/\/www.fedaiisf.it\/wp-content\/uploads\/2025\/10\/Schermata-2025-10-13-alle-19.30.07-300x207.png 300w, https:\/\/www.fedaiisf.it\/wp-content\/uploads\/2025\/10\/Schermata-2025-10-13-alle-19.30.07-768x530.png 768w, https:\/\/www.fedaiisf.it\/wp-content\/uploads\/2025\/10\/Schermata-2025-10-13-alle-19.30.07-18x12.png 18w\" sizes=\"auto, (max-width: 1025px) 100vw, 1025px\" \/><\/p>\n<hr \/>\n<p>Note:<\/p>\n<p><em>\u201c<\/em>Un Giro di Pista per la Polio<em>\u201d non \u00e8 stato solo un evento sportivo, ma un momento per mandare un <strong>messaggio universale di speranza e responsabilit\u00e0.<\/strong> <\/em><\/p>\n<p><em>Ogni passo compiuto sulla pista ha rappresentato un gesto concreto verso un mondo libero dalla poliomielite, una malattia che il Rotary International combatte da decenni con determinazione e risultati tangibili.<\/em><\/p>\n<p><em><img loading=\"lazy\" decoding=\"async\" class=\"wp-image-84363 aligncenter\" src=\"https:\/\/www.fedaiisf.it\/wp-content\/uploads\/2025\/10\/collage-cosenza-5.png\" alt=\"\" width=\"620\" height=\"620\" srcset=\"https:\/\/www.fedaiisf.it\/wp-content\/uploads\/2025\/10\/collage-cosenza-5.png 800w, https:\/\/www.fedaiisf.it\/wp-content\/uploads\/2025\/10\/collage-cosenza-5-300x300.png 300w, https:\/\/www.fedaiisf.it\/wp-content\/uploads\/2025\/10\/collage-cosenza-5-150x150.png 150w, https:\/\/www.fedaiisf.it\/wp-content\/uploads\/2025\/10\/collage-cosenza-5-768x768.png 768w, https:\/\/www.fedaiisf.it\/wp-content\/uploads\/2025\/10\/collage-cosenza-5-12x12.png 12w\" sizes=\"auto, (max-width: 620px) 100vw, 620px\" \/>La giornata si \u00e8 conclusa tra applausi, sorrisi e la consapevolezza che la solidariet\u00e0, quando si muove in sinergia con lo sport e la cultura, pu\u00f2 davvero fare la differenza. Un esempio virtuoso di come la comunit\u00e0 cosentina sappia rispondere con entusiasmo e generosit\u00e0 alle grandi sfide del nostro tempo.<\/em><\/p>\n<p><img loading=\"lazy\" decoding=\"async\" class=\"size-full wp-image-84342 aligncenter\" src=\"https:\/\/www.fedaiisf.it\/wp-content\/uploads\/2025\/10\/locandina-un-giro-di-pista.png\" alt=\"\" width=\"618\" height=\"865\" srcset=\"https:\/\/www.fedaiisf.it\/wp-content\/uploads\/2025\/10\/locandina-un-giro-di-pista.png 618w, https:\/\/www.fedaiisf.it\/wp-content\/uploads\/2025\/10\/locandina-un-giro-di-pista-214x300.png 214w, https:\/\/www.fedaiisf.it\/wp-content\/uploads\/2025\/10\/locandina-un-giro-di-pista-9x12.png 9w\" sizes=\"auto, (max-width: 618px) 100vw, 618px\" \/><\/p>","protected":false},"excerpt":{"rendered":"<p>\u201cDomenica 5 ottobre 2025, una delegazione di Informatori Scientifici Calabaresi, composta da Maria Curia, Francesco Di Sanzo, Lindo Giglio e Luisa Talarico, ha preso parte alla competizione di beneficenza \u201cUn Giro di Pista per la Polio\u201d, organizzata dal Rotary Club Mendicino Serre Cosentine, presieduto dalla Dottoressa Sabrina Sinicropi. Tante sono state le realt\u00e0 associative, istituzionali &hellip;<\/p>","protected":false},"author":4,"featured_media":84359,"comment_status":"closed","ping_status":"closed","sticky":false,"template":"","format":"standard","meta":{"footnotes":""},"categories":[14,16],"tags":[45],"class_list":["post-84337","post","type-post","status-publish","format-standard","has-post-thumbnail","hentry","category-news-fedaiisf","category-primo-piano","tag-fedaiisf"],"amp_enabled":true,"_links":{"self":[{"href":"https:\/\/www.fedaiisf.it\/en\/wp-json\/wp\/v2\/posts\/84337","targetHints":{"allow":["GET"]}}],"collection":[{"href":"https:\/\/www.fedaiisf.it\/en\/wp-json\/wp\/v2\/posts"}],"about":[{"href":"https:\/\/www.fedaiisf.it\/en\/wp-json\/wp\/v2\/types\/post"}],"author":[{"embeddable":true,"href":"https:\/\/www.fedaiisf.it\/en\/wp-json\/wp\/v2\/users\/4"}],"replies":[{"embeddable":true,"href":"https:\/\/www.fedaiisf.it\/en\/wp-json\/wp\/v2\/comments?post=84337"}],"version-history":[{"count":12,"href":"https:\/\/www.fedaiisf.it\/en\/wp-json\/wp\/v2\/posts\/84337\/revisions"}],"predecessor-version":[{"id":84559,"href":"https:\/\/www.fedaiisf.it\/en\/wp-json\/wp\/v2\/posts\/84337\/revisions\/84559"}],"wp:featuredmedia":[{"embeddable":true,"href":"https:\/\/www.fedaiisf.it\/en\/wp-json\/wp\/v2\/media\/84359"}],"wp:attachment":[{"href":"https:\/\/www.fedaiisf.it\/en\/wp-json\/wp\/v2\/media?parent=84337"}],"wp:term":[{"taxonomy":"category","embeddable":true,"href":"https:\/\/www.fedaiisf.it\/en\/wp-json\/wp\/v2\/categories?post=84337"},{"taxonomy":"post_tag","embeddable":true,"href":"https:\/\/www.fedaiisf.it\/en\/wp-json\/wp\/v2\/tags?post=84337"}],"curies":[{"name":"wp","href":"https:\/\/api.w.org\/{rel}","templated":true}]}}