{"id":84366,"date":"2025-10-14T10:44:14","date_gmt":"2025-10-14T08:44:14","guid":{"rendered":"https:\/\/www.fedaiisf.it\/?p=84366"},"modified":"2025-10-14T10:44:14","modified_gmt":"2025-10-14T08:44:14","slug":"presentata-la-borsa-di-studio-in-ricordo-di-angelo-passini-a-pharmevolution","status":"publish","type":"post","link":"https:\/\/www.fedaiisf.it\/en\/presentata-la-borsa-di-studio-in-ricordo-di-angelo-passini-a-pharmevolution\/","title":{"rendered":"Presentata la &#8220;Borsa di Studio in ricordo di Angelo Passini&#8221; a Pharmevolution"},"content":{"rendered":"<p style=\"font-weight: 400;\">Venerd\u00ec 10\/10\/2025 si \u00e8 tenuto a Misterbianco (CT), all\u2019interno dell\u2019esposizione fieristica di Pharmaevolution, il I<sup>or<\/sup> Congresso regionale Fedaiisf Sicilia \u201c<em>Informatore scientifico del Farmaco e del Parafarmaco, una professione in evoluzione.\u00a0 Stato dell&#8217;arte e prospettive<\/em>.\u201d<\/p>\n<p style=\"font-weight: 400;\"><img loading=\"lazy\" decoding=\"async\" class=\"wp-image-84370 alignright\" src=\"https:\/\/www.fedaiisf.it\/wp-content\/uploads\/2025\/10\/presentazione-premio-Passini.png\" alt=\"\" width=\"326\" height=\"172\" srcset=\"https:\/\/www.fedaiisf.it\/wp-content\/uploads\/2025\/10\/presentazione-premio-Passini.png 1350w, https:\/\/www.fedaiisf.it\/wp-content\/uploads\/2025\/10\/presentazione-premio-Passini-300x158.png 300w, https:\/\/www.fedaiisf.it\/wp-content\/uploads\/2025\/10\/presentazione-premio-Passini-1024x540.png 1024w, https:\/\/www.fedaiisf.it\/wp-content\/uploads\/2025\/10\/presentazione-premio-Passini-768x405.png 768w, https:\/\/www.fedaiisf.it\/wp-content\/uploads\/2025\/10\/presentazione-premio-Passini-18x9.png 18w\" sizes=\"auto, (max-width: 326px) 100vw, 326px\" \/>Il congresso si \u00e8 sviluppato su due sessioni principali una riguardante il registro regionale siciliano degli isf e l&#8217;altra il \u201c<em>Premio in ricordo di Angelo Passini<\/em>\u201d.<\/p>\n<p style=\"font-weight: 400;\">In quest\u2019ultima sessione il presidente di Aiisf Messina, dott. Angelo Bagnara, ha presentato \u201c<em>Il premio in ricordo di Angelo Passini<\/em>\u201d, che verr\u00e0 elargito, in una delle prime sessioni di laurea del 2026, con un assegno di 1000\u20ac \u00a0al miglior neolaureato in Farmacia con tesi su \u201c<em>aspetti farmacologici in ambito neurologico<\/em>\u201d (con eventualmente particolare riferimento a problematiche neurodegenerative o neuromuscolari).<\/p>\n<p style=\"font-weight: 400;\">Il Presidente Bagnara ha sviluppato un\u2019approfondita relazione descrivendo la figura di Angelo. Aiisf Messina \u00e8 stata la prima sezione a istituire il premio di laurea in memoria di Angelo Passini, dando cos\u00ec avvio a un&#8217;iniziativa che ha suscitato grande interesse. Altre associazioni territoriali, tra cui Catania, Palermo, Trapani e Bergamo, stanno valutando di adottare lo stesso format ideato dal coordinamento regionale Fedaiisf per la Sicilia, a testimonianza della forza e della coerenza del progetto.<\/p>\n<p style=\"font-weight: 400;\"><img loading=\"lazy\" decoding=\"async\" class=\"wp-image-84372 alignleft\" src=\"https:\/\/www.fedaiisf.it\/wp-content\/uploads\/2025\/10\/passini-galluppi-lentini.png\" alt=\"\" width=\"394\" height=\"277\" srcset=\"https:\/\/www.fedaiisf.it\/wp-content\/uploads\/2025\/10\/passini-galluppi-lentini.png 1122w, https:\/\/www.fedaiisf.it\/wp-content\/uploads\/2025\/10\/passini-galluppi-lentini-300x211.png 300w, https:\/\/www.fedaiisf.it\/wp-content\/uploads\/2025\/10\/passini-galluppi-lentini-1024x719.png 1024w, https:\/\/www.fedaiisf.it\/wp-content\/uploads\/2025\/10\/passini-galluppi-lentini-768x539.png 768w, https:\/\/www.fedaiisf.it\/wp-content\/uploads\/2025\/10\/passini-galluppi-lentini-18x12.png 18w\" sizes=\"auto, (max-width: 394px) 100vw, 394px\" \/>L\u2019attivit\u00e0 di Angelo Passini in seno all\u2019associazione aiisf di Messina \u00e8 cominciata verso met\u00e0 degli anni 80 al fianco del dott. Giuseppe Galluppi che fu una figura fondamentale per tutto il movimento associativo provinciale messinese e soprattutto nazionale ed anche una figura fondamentale per il percorso che poi intraprese nell\u2019ambito della stessa associazione il nostro amato Angelo Passini.<\/p>\n<p style=\"font-weight: 400;\">Dalla fine degli anni 80 fino ai primi anni del 2000 con presidente il Dott. Giuseppe Caristi, \u00a0Angelo cominci\u00f2 a consolidare la sua preziosa figura nell\u2019ambito della sezione di Messina, fu prima segretario poi vice presidente portando sulle sue spalle le tante importanti iniziative di quegli anni.<\/p>\n<p style=\"font-weight: 400;\">Continu\u00f2 dal 2002 da vice presidente con presidente il dott. Patrizio Mond\u00ec e nel 2004 <img loading=\"lazy\" decoding=\"async\" class=\"wp-image-84376 alignright\" src=\"https:\/\/www.fedaiisf.it\/wp-content\/uploads\/2025\/10\/collage-passini.png\" alt=\"\" width=\"355\" height=\"355\" srcset=\"https:\/\/www.fedaiisf.it\/wp-content\/uploads\/2025\/10\/collage-passini.png 800w, https:\/\/www.fedaiisf.it\/wp-content\/uploads\/2025\/10\/collage-passini-300x300.png 300w, https:\/\/www.fedaiisf.it\/wp-content\/uploads\/2025\/10\/collage-passini-150x150.png 150w, https:\/\/www.fedaiisf.it\/wp-content\/uploads\/2025\/10\/collage-passini-768x768.png 768w, https:\/\/www.fedaiisf.it\/wp-content\/uploads\/2025\/10\/collage-passini-12x12.png 12w\" sizes=\"auto, (max-width: 355px) 100vw, 355px\" \/>fu eletto presidente. Fino a fine 2018 ha guidato la sezione di Messina con grandissimo impegno e massima dedizione. Ma la sua azione e partecipazione alla vita di sezione \u00e8 stata sempre assidua e presente anche da quando il sottoscritto gli \u00e8 subentrato (2019) in qualit\u00e0 di presidente partecipando sempre alle nostre riunioni di direttivo e supportandoci con tanti preziosi suggerimenti e proposte.<\/p>\n<p style=\"font-weight: 400;\">Parallelamente \u00e8 stato un componente molto attivo anche nel nostro movimento nazionale iniziando la sua attivit\u00e0 nel 2012 come componente del direttivo, con Angelo Barruchello presidente e Riccardo Bevilacqua vice, ed in ultimo (2022) anche in qualit\u00e0 di vice presidente.<\/p>\n<p style=\"font-weight: 400;\">La sua attivit\u00e0 a livello nazionale si \u00e8 concentrata contribuendo a sviluppare ed implementare il sito fedaiisf, tutte le pagine social della federazione ed \u00a0infine ha contribuito allo sviluppo del gestionale Aiisf.<\/p>\n<p style=\"font-weight: 400;\"><img loading=\"lazy\" decoding=\"async\" class=\"wp-image-84375 alignright\" src=\"https:\/\/www.fedaiisf.it\/wp-content\/uploads\/2025\/10\/AIISF-Messina-premio-Passini.png\" alt=\"\" width=\"353\" height=\"184\" srcset=\"https:\/\/www.fedaiisf.it\/wp-content\/uploads\/2025\/10\/AIISF-Messina-premio-Passini.png 1270w, https:\/\/www.fedaiisf.it\/wp-content\/uploads\/2025\/10\/AIISF-Messina-premio-Passini-300x156.png 300w, https:\/\/www.fedaiisf.it\/wp-content\/uploads\/2025\/10\/AIISF-Messina-premio-Passini-1024x534.png 1024w, https:\/\/www.fedaiisf.it\/wp-content\/uploads\/2025\/10\/AIISF-Messina-premio-Passini-768x400.png 768w, https:\/\/www.fedaiisf.it\/wp-content\/uploads\/2025\/10\/AIISF-Messina-premio-Passini-18x9.png 18w\" sizes=\"auto, (max-width: 353px) 100vw, 353px\" \/>Angelo ha fatto dell\u2019associazionismo e della cooperazione una sua linea guida e strada maestra, \u00e8 stato una persona tenace e determinata a raggiungere gli obiettivi che si prefissava, e allo stesso tempo sempre disponibile a contribuire con spirito cooperativo a sviluppare nuove idee per migliorare l\u2019attivit\u00e0 della nostra associazione verso il nostro mondo lavorativo e tutti i colleghi.<\/p>\n<p><img loading=\"lazy\" decoding=\"async\" class=\"alignnone size-full wp-image-84377\" src=\"https:\/\/www.fedaiisf.it\/wp-content\/uploads\/2025\/10\/collage-passini-a-messina-e-a-bologna.png\" alt=\"\" width=\"800\" height=\"800\" srcset=\"https:\/\/www.fedaiisf.it\/wp-content\/uploads\/2025\/10\/collage-passini-a-messina-e-a-bologna.png 800w, https:\/\/www.fedaiisf.it\/wp-content\/uploads\/2025\/10\/collage-passini-a-messina-e-a-bologna-300x300.png 300w, https:\/\/www.fedaiisf.it\/wp-content\/uploads\/2025\/10\/collage-passini-a-messina-e-a-bologna-150x150.png 150w, https:\/\/www.fedaiisf.it\/wp-content\/uploads\/2025\/10\/collage-passini-a-messina-e-a-bologna-768x768.png 768w, https:\/\/www.fedaiisf.it\/wp-content\/uploads\/2025\/10\/collage-passini-a-messina-e-a-bologna-12x12.png 12w\" sizes=\"auto, (max-width: 800px) 100vw, 800px\" \/><\/p>","protected":false},"excerpt":{"rendered":"<p>Venerd\u00ec 10\/10\/2025 si \u00e8 tenuto a Misterbianco (CT), all\u2019interno dell\u2019esposizione fieristica di Pharmaevolution, il Io Congresso regionale Fedaiisf Sicilia \u201cInformatore scientifico del Farmaco e del Parafarmaco, una professione in evoluzione.\u00a0 Stato dell&#8217;arte e prospettive.\u201d Il congresso si \u00e8 sviluppato su due sessioni principali una riguardante il registro regionale siciliano degli isf e l&#8217;altra il \u201cPremio &hellip;<\/p>","protected":false},"author":4,"featured_media":84373,"comment_status":"closed","ping_status":"closed","sticky":false,"template":"","format":"standard","meta":{"footnotes":""},"categories":[1],"tags":[45],"class_list":["post-84366","post","type-post","status-publish","format-standard","has-post-thumbnail","hentry","category-notizie","tag-fedaiisf"],"amp_enabled":true,"_links":{"self":[{"href":"https:\/\/www.fedaiisf.it\/en\/wp-json\/wp\/v2\/posts\/84366","targetHints":{"allow":["GET"]}}],"collection":[{"href":"https:\/\/www.fedaiisf.it\/en\/wp-json\/wp\/v2\/posts"}],"about":[{"href":"https:\/\/www.fedaiisf.it\/en\/wp-json\/wp\/v2\/types\/post"}],"author":[{"embeddable":true,"href":"https:\/\/www.fedaiisf.it\/en\/wp-json\/wp\/v2\/users\/4"}],"replies":[{"embeddable":true,"href":"https:\/\/www.fedaiisf.it\/en\/wp-json\/wp\/v2\/comments?post=84366"}],"version-history":[{"count":8,"href":"https:\/\/www.fedaiisf.it\/en\/wp-json\/wp\/v2\/posts\/84366\/revisions"}],"predecessor-version":[{"id":84380,"href":"https:\/\/www.fedaiisf.it\/en\/wp-json\/wp\/v2\/posts\/84366\/revisions\/84380"}],"wp:featuredmedia":[{"embeddable":true,"href":"https:\/\/www.fedaiisf.it\/en\/wp-json\/wp\/v2\/media\/84373"}],"wp:attachment":[{"href":"https:\/\/www.fedaiisf.it\/en\/wp-json\/wp\/v2\/media?parent=84366"}],"wp:term":[{"taxonomy":"category","embeddable":true,"href":"https:\/\/www.fedaiisf.it\/en\/wp-json\/wp\/v2\/categories?post=84366"},{"taxonomy":"post_tag","embeddable":true,"href":"https:\/\/www.fedaiisf.it\/en\/wp-json\/wp\/v2\/tags?post=84366"}],"curies":[{"name":"wp","href":"https:\/\/api.w.org\/{rel}","templated":true}]}}