{"id":84383,"date":"2025-10-14T18:34:08","date_gmt":"2025-10-14T16:34:08","guid":{"rendered":"https:\/\/www.fedaiisf.it\/?p=84383"},"modified":"2025-10-20T10:54:39","modified_gmt":"2025-10-20T08:54:39","slug":"nuova-protesta-dei-produttori-di-equivalenti-non-si-puo-addebitare-alla-sola-farmaceutica-i-costi-dei-depuratori-per-i-rifiuti-domestici-dei-farmaci","status":"publish","type":"post","link":"https:\/\/www.fedaiisf.it\/en\/nuova-protesta-dei-produttori-di-equivalenti-non-si-puo-addebitare-alla-sola-farmaceutica-i-costi-dei-depuratori-per-i-rifiuti-domestici-dei-farmaci\/","title":{"rendered":"Nuova protesta dei produttori di equivalenti: non si pu\u00f2 addebitare alla sola farmaceutica i costi dei depuratori per i rifiuti domestici dei farmaci"},"content":{"rendered":"<h3>Legge di delegazione UE: Direttiva acque reflue insostenibile per i farmaci critici<\/h3>\n<p><strong>L\u2019Associazione dei produttori di farmaci off patent chiede sospensione e revisione della normativa fondata su uno studio di fattibilit\u00e0 largamente lacunoso.\u00a0Le criticit\u00e0 emerse nell\u2019audizione di oggi in Commissione Politiche UE alla Camera\u00a0<\/strong><\/p>\n<p><a href=\"https:\/\/egualia.it\/it\/notizie\/5603-legge-di-delegazione-ue-direttiva-acque-reflue-insostenibile-per-i-farmaci-critici.html\" target=\"_blank\" rel=\"noopener\">Egualia &#8211; 8 ottobre 2025<\/a><\/p>\n<p>Sospendere l\u2019attuazione della Direttiva sulle acque reflue urbane (<a href=\"https:\/\/eur-lex.europa.eu\/legal-content\/IT\/TXT\/PDF\/?uri=OJ:L_202403019\" target=\"_blank\" rel=\"noopener\">UWWTD<\/a>) e del relativo sistema EPR (Extended Producer Responsibility, Responsabilit\u00e0 Estesa del Produttore) in attesa della nuova valutazione d\u2019impatto sollecitata a livello comunitario.<\/p>\n<p><img loading=\"lazy\" decoding=\"async\" class=\"wp-image-84387 alignright\" src=\"https:\/\/www.fedaiisf.it\/wp-content\/uploads\/2025\/10\/Commissione-14-politiche-europee.png\" alt=\"\" width=\"274\" height=\"181\" srcset=\"https:\/\/www.fedaiisf.it\/wp-content\/uploads\/2025\/10\/Commissione-14-politiche-europee.png 1244w, https:\/\/www.fedaiisf.it\/wp-content\/uploads\/2025\/10\/Commissione-14-politiche-europee-300x198.png 300w, https:\/\/www.fedaiisf.it\/wp-content\/uploads\/2025\/10\/Commissione-14-politiche-europee-1024x677.png 1024w, https:\/\/www.fedaiisf.it\/wp-content\/uploads\/2025\/10\/Commissione-14-politiche-europee-768x507.png 768w, https:\/\/www.fedaiisf.it\/wp-content\/uploads\/2025\/10\/Commissione-14-politiche-europee-18x12.png 18w\" sizes=\"auto, (max-width: 274px) 100vw, 274px\" \/>In alternativa, adottare a livello di implementazione nazionale tutte le cautele per ammortizzare gli effetti di una normativa che imporrebbe solo ai settori farmaceutico e cosmetico di finanziare l\u2019adeguamento di diverse centinaia di impianti di trattamento delle acque reflue in tutta Europa e i relativi costi di gestione, con lo scopo di depurare gli scarichi \u201cdomestici\u201d inquinati dalle deiezioni dei pazienti. <strong>Una misura destinata a generare uno tsunami<\/strong> di carenze di farmaci essenziali e critici in tutta Europa.<\/p>\n<p>Sono queste le richieste avanzate da Egualia (associazione delle aziende produttrici di equivalenti, biosimilari e Value added medicines) nel corso dell\u2019audizione di questo pomeriggio davanti alla Commissione Politiche UE della Camera, dove \u00e8 in corso l\u2019esame della Legge di delegazione europea 2025 (<a href=\"https:\/\/documenti.camera.it\/leg19\/pdl\/pdf\/leg.19.pdl.camera.2574.19PDL0158630.pdf\" target=\"_blank\" rel=\"noopener\">AC 2574, pag. 24<\/a>, 60.5, 94.5) che reca al suo interno anche la direttiva sulle acque reflue urbane.<\/p>\n<p>\u00ab<em>Condividiamo senza esitazioni l\u2019obiettivo di fondo: ridurre la presenza di <img loading=\"lazy\" decoding=\"async\" class=\"wp-image-84385 alignleft\" src=\"https:\/\/www.fedaiisf.it\/wp-content\/uploads\/2025\/10\/Uda-Egualia.png\" alt=\"\" width=\"155\" height=\"198\" srcset=\"https:\/\/www.fedaiisf.it\/wp-content\/uploads\/2025\/10\/Uda-Egualia.png 542w, https:\/\/www.fedaiisf.it\/wp-content\/uploads\/2025\/10\/Uda-Egualia-234x300.png 234w, https:\/\/www.fedaiisf.it\/wp-content\/uploads\/2025\/10\/Uda-Egualia-9x12.png 9w\" sizes=\"auto, (max-width: 155px) 100vw, 155px\" \/>microinquinanti nelle acque ma le modalit\u00e0 proposte dalla Direttiva rischiano di generare conseguenze non volute e sproporzionate in particolare per il comparto dei farmaci equivalenti,\u00a0 che fornisce ogni giorno milioni di trattamenti essenziali a prezzi accessibili e che verrebbe colpito in modo eccessivo e ingiustificato<\/em>\u00bb, ha spiegato il DG di Egualia, <strong>Michael Uda<\/strong>.<\/p>\n<p><strong>L\u2019approccio EPR che estende la responsabilit\u00e0 di un produttore alla gestione dei propri prodotti al termine del loro ciclo di vita, includendo la fase post-assunzione (nel caso dei farmaci) e trasferendo i costi della gestione dei rifiuti ai produttori stessi non pu\u00f2 applicarsi in automatico ai medicinali<\/strong>.<\/p>\n<p>\u00ab<em>Il farmaceutico<\/em> \u2013 ha proseguito il DG di Egualia &#8211; <em>non ha oggi la possibilit\u00e0 di sviluppare farmaci \u201cpi\u00f9 ecologici\u201d, modificando a piacere la struttura chimica delle molecole. La priorit\u00e0 assoluta di un medicinale \u00e8 l\u2019efficacia clinica e la sicurezza per il paziente. Qualsiasi cambiamento nella molecola attiva altererebbe il profilo terapeutico, richiedendo nuovi lunghi percorsi autorizzativi e, nella maggior parte dei casi, rendendo impossibile mantenere l\u2019indicazione clinica originaria. Questo significa che i medicinali non sono sostituibili sulla base di criteri ambientali, come accade invece in altri settori merceologici<\/em>\u00bb.<\/p>\n<p>Dato il termine del 31 dicembre 2028, \u00e8 essenziale &#8211; secondo Egualia &#8211; che la Commissione svolga una nuova valutazione di impatto quanto prima, per apportare le <img loading=\"lazy\" decoding=\"async\" class=\"wp-image-84388 alignright\" src=\"https:\/\/www.fedaiisf.it\/wp-content\/uploads\/2025\/10\/trattamento-quaternario-inquinanti-cornice.png\" alt=\"\" width=\"390\" height=\"96\" srcset=\"https:\/\/www.fedaiisf.it\/wp-content\/uploads\/2025\/10\/trattamento-quaternario-inquinanti-cornice.png 1408w, https:\/\/www.fedaiisf.it\/wp-content\/uploads\/2025\/10\/trattamento-quaternario-inquinanti-cornice-300x74.png 300w, https:\/\/www.fedaiisf.it\/wp-content\/uploads\/2025\/10\/trattamento-quaternario-inquinanti-cornice-1024x252.png 1024w, https:\/\/www.fedaiisf.it\/wp-content\/uploads\/2025\/10\/trattamento-quaternario-inquinanti-cornice-768x189.png 768w, https:\/\/www.fedaiisf.it\/wp-content\/uploads\/2025\/10\/trattamento-quaternario-inquinanti-cornice-18x4.png 18w\" sizes=\"auto, (max-width: 390px) 100vw, 390px\" \/>modifiche necessarie al sistema senza dover aspettare la revisione del 2033 e i Governi europei sospendano, nel mentre, l\u2019implementazione della Direttiva.<\/p>\n<p>In alternativa, la strategia proposta da Egualia prevede quattro passaggi fondamentali a tutela della sostenibilit\u00e0 del comparto:<\/p>\n<ul>\n<li><img loading=\"lazy\" decoding=\"async\" class=\"wp-image-84392 alignright\" src=\"https:\/\/www.fedaiisf.it\/wp-content\/uploads\/2025\/10\/Direttiva-UE-acque-reflue.png\" alt=\"\" width=\"306\" height=\"220\" srcset=\"https:\/\/www.fedaiisf.it\/wp-content\/uploads\/2025\/10\/Direttiva-UE-acque-reflue.png 1008w, https:\/\/www.fedaiisf.it\/wp-content\/uploads\/2025\/10\/Direttiva-UE-acque-reflue-300x215.png 300w, https:\/\/www.fedaiisf.it\/wp-content\/uploads\/2025\/10\/Direttiva-UE-acque-reflue-768x552.png 768w, https:\/\/www.fedaiisf.it\/wp-content\/uploads\/2025\/10\/Direttiva-UE-acque-reflue-18x12.png 18w\" sizes=\"auto, (max-width: 306px) 100vw, 306px\" \/>l&#8217;ampliamento dei soggetti responsabili, includendo tutte le fonti di microinquinanti, non solo farmaci e cosmetici, fin dal recepimento della Direttiva;<\/li>\n<li>l\u2019introduzione di un tetto che limiti all&#8217;80% dei costi il contributo dei produttori all\u2019EPR, comprendendo solo le spese direttamente legate alla Direttiva, escludendo gli investimenti gi\u00e0 sostenuti;<\/li>\n<li>l\u2019adozione di un metodo di calcolo dei contributi concordato tra industria e autorit\u00e0 competenti;<\/li>\n<li>la costituzione di un Tavolo tecnico di settore che coinvolga industrie e istituzioni, volto a coordinare tutte le attivit\u00e0 di implementazione e monitoraggio.<\/li>\n<\/ul>\n<hr \/>\n<p>Related news: <a href=\"https:\/\/www.consilium.europa.eu\/it\/press\/press-releases\/2024\/11\/05\/urban-wastewater-council-adopts-new-rules-for-more-efficient-treatment\/\" target=\"_blank\" rel=\"noopener\">Acque reflue urbane: il Consiglio adotta nuove norme per un trattamento pi\u00f9 efficiente<\/a><\/p>\n<p><a href=\"https:\/\/egualia.it\/it\/notizie\/5606-sif-ed-egualia-insieme-per-promuovere-la-cultura-del-farmaco-e-la-sostenibilita-del-sistema-sanitario-2.html\" target=\"_blank\" rel=\"noopener\">SIF ed EGUALIA insieme per promuovere la cultura del farmaco e la sostenibilit\u00e0 del sistema sanitario<\/a><\/p>\n<p><a href=\"https:\/\/euractiv.it\/section\/capitali\/news\/le-fabbriche-chiuderanno-senza-revisione-della-direttiva-sulle-acque-reflue-avverte-il-ministro-greco-della-salute\/\" target=\"_blank\" rel=\"noopener\">\u201cLe fabbriche chiuderanno\u201d senza revisione della Direttiva sulle acque reflue, avverte il ministro greco della Salute<\/a><\/p>\n<p class=\"entry-title\"><a href=\"https:\/\/farmaciavirtuale.it\/direttiva-acque-reflue-la-posizione-delle-sigle-europee-dellindustria-farmaceutica\/\" target=\"_blank\" rel=\"noopener\">Direttiva acque reflue, la posizione delle sigle europee dell\u2019industria farmaceutica<\/a><\/p>\n<p>Note: <em>La direttiva introduce un regime di responsabilit\u00e0 estesa del produttore che obbliga i settori farmaceutico e cosmetico a farsi carico dei costi per il trattamento quaternario delle acque reflue. Le industrie farmaceutiche evidenziano come i residui di medicinali nelle acque reflue derivino principalmente dall\u2019uso da parte dei pazienti e non dai processi produttivi, gi\u00e0 soggetti a rigidi controlli. Un onere finanziario sproporzionato, attraverso il meccanismo di responsabilit\u00e0 estesa del produttore, rischierebbe di spingere i costi oltre i limiti della sostenibilit\u00e0<\/em><\/p>","protected":false},"excerpt":{"rendered":"<p>Legge di delegazione UE: Direttiva acque reflue insostenibile per i farmaci critici L\u2019Associazione dei produttori di farmaci off patent chiede sospensione e revisione della normativa fondata su uno studio di fattibilit\u00e0 largamente lacunoso.\u00a0Le criticit\u00e0 emerse nell\u2019audizione di oggi in Commissione Politiche UE alla Camera\u00a0 Egualia &#8211; 8 ottobre 2025 Sospendere l\u2019attuazione della Direttiva sulle acque &hellip;<\/p>","protected":false},"author":4,"featured_media":80664,"comment_status":"closed","ping_status":"closed","sticky":false,"template":"","format":"standard","meta":{"footnotes":""},"categories":[1],"tags":[31,41],"class_list":["post-84383","post","type-post","status-publish","format-standard","has-post-thumbnail","hentry","category-notizie","tag-generici","tag-leggisentenze"],"amp_enabled":true,"_links":{"self":[{"href":"https:\/\/www.fedaiisf.it\/en\/wp-json\/wp\/v2\/posts\/84383","targetHints":{"allow":["GET"]}}],"collection":[{"href":"https:\/\/www.fedaiisf.it\/en\/wp-json\/wp\/v2\/posts"}],"about":[{"href":"https:\/\/www.fedaiisf.it\/en\/wp-json\/wp\/v2\/types\/post"}],"author":[{"embeddable":true,"href":"https:\/\/www.fedaiisf.it\/en\/wp-json\/wp\/v2\/users\/4"}],"replies":[{"embeddable":true,"href":"https:\/\/www.fedaiisf.it\/en\/wp-json\/wp\/v2\/comments?post=84383"}],"version-history":[{"count":8,"href":"https:\/\/www.fedaiisf.it\/en\/wp-json\/wp\/v2\/posts\/84383\/revisions"}],"predecessor-version":[{"id":84491,"href":"https:\/\/www.fedaiisf.it\/en\/wp-json\/wp\/v2\/posts\/84383\/revisions\/84491"}],"wp:featuredmedia":[{"embeddable":true,"href":"https:\/\/www.fedaiisf.it\/en\/wp-json\/wp\/v2\/media\/80664"}],"wp:attachment":[{"href":"https:\/\/www.fedaiisf.it\/en\/wp-json\/wp\/v2\/media?parent=84383"}],"wp:term":[{"taxonomy":"category","embeddable":true,"href":"https:\/\/www.fedaiisf.it\/en\/wp-json\/wp\/v2\/categories?post=84383"},{"taxonomy":"post_tag","embeddable":true,"href":"https:\/\/www.fedaiisf.it\/en\/wp-json\/wp\/v2\/tags?post=84383"}],"curies":[{"name":"wp","href":"https:\/\/api.w.org\/{rel}","templated":true}]}}