{"id":84422,"date":"2025-10-17T06:17:08","date_gmt":"2025-10-17T04:17:08","guid":{"rendered":"https:\/\/www.fedaiisf.it\/?p=84422"},"modified":"2025-10-16T19:28:47","modified_gmt":"2025-10-16T17:28:47","slug":"lia-alliss-presentato-centro-nazionale-intelligenza-artificiale-e-tecnologie-innovative-per-la-salute-iatis-parolin-forte-monito-contro-la-cultura-dello-scarto-degli-esseri-umani-de","status":"publish","type":"post","link":"https:\/\/www.fedaiisf.it\/en\/lia-alliss-presentato-centro-nazionale-intelligenza-artificiale-e-tecnologie-innovative-per-la-salute-iatis-parolin-forte-monito-contro-la-cultura-dello-scarto-degli-esseri-umani-de\/","title":{"rendered":"L&#8217;IA all&#8217;ISS. Presentato Centro Nazionale \u2013 Intelligenza Artificiale e Tecnologie Innovative per la Salute (IATIS). Parolin: forte monito contro la cultura dello scarto degli esseri umani deciso da IA"},"content":{"rendered":"<p>Sei aree di competenza che rappresentano altrettanti pilastri della sanit\u00e0 del futuro, con l\u2019obiettivo di costruire un ecosistema in cui l\u2019innovazione sia intesa non solo come progresso tecnico, ma come strumento di equit\u00e0, sostenibilit\u00e0 e partecipazione. Queste le caratteristiche del neonato <strong>Centro Nazionale \u2013 Intelligenza Artificiale e Tecnologie Innovative per la Salute (IATIS)<\/strong> dell\u2019Istituto Superiore di Sanit\u00e0, il cui avvio \u00e8 stato annunciato il 15 ottobre in occasione di una Lezione Magistrale del <strong>Cardinale Pietro Parolin<\/strong> dal titolo \u201cEtica dell\u2019Intelligenza Artificiale\u201d.<\/p>\n<p data-start=\"1902\" data-end=\"2142\"><img loading=\"lazy\" decoding=\"async\" class=\"wp-image-84426 alignright\" src=\"https:\/\/www.fedaiisf.it\/wp-content\/uploads\/2025\/10\/Card.-Parolin.png\" alt=\"\" width=\"263\" height=\"248\" srcset=\"https:\/\/www.fedaiisf.it\/wp-content\/uploads\/2025\/10\/Card.-Parolin.png 646w, https:\/\/www.fedaiisf.it\/wp-content\/uploads\/2025\/10\/Card.-Parolin-300x283.png 300w, https:\/\/www.fedaiisf.it\/wp-content\/uploads\/2025\/10\/Card.-Parolin-13x12.png 13w\" sizes=\"auto, (max-width: 263px) 100vw, 263px\" \/>Riprendendo la linea tracciata da Papa Francesco, il <strong>cardinale Parolin<\/strong> ha proposto il concetto di <strong data-start=\"2000\" data-end=\"2014\">algoretica<\/strong>: non basta <strong>etica degli algoritmi<\/strong>, serve una riflessione profonda sui <strong data-start=\"2084\" data-end=\"2139\">sensi, limiti e scopi dell\u2019intelligenza artificiale<\/strong>.<\/p>\n<p data-start=\"2145\" data-end=\"2434\">\u201cLa questione non \u00e8 se l\u2019IA sia uno strumento potente, ma come la stiamo usando.\u201d<\/p>\n<h4 data-start=\"2441\" data-end=\"2500\"><strong data-start=\"2444\" data-end=\"2500\">Dati, persona, e il rischio della \u201criduzione a dato\u201d<\/strong><\/h4>\n<p data-start=\"2501\" data-end=\"2669\">Il discorso richiama la tradizione della dottrina sociale della Chiesa, ribadendo che la tecnologia non deve mai ridurre la persona a un insieme di dati da elaborare.<\/p>\n<p data-start=\"2672\" data-end=\"2902\">\u201cSe ieri si correva il rischio di ridurre l\u2019uomo a forza muscolare, oggi \u00e8 ridurlo a dati da processare.\u201d<br data-start=\"2777\" data-end=\"2780\" \/>Parolin ha insistito: <strong data-start=\"2802\" data-end=\"2843\">ogni vita umana ha un valore infinito<\/strong>, che non pu\u00f2 dipendere dalla sua \u201cutilit\u00e0\u201d o produttivit\u00e0.<\/p>\n<h4 data-start=\"2909\" data-end=\"2955\"><strong data-start=\"2912\" data-end=\"2955\">Le opportunit\u00e0 intelligenti in medicina<\/strong><\/h4>\n<p data-start=\"2956\" data-end=\"3012\">Il cardinale non ha negato i benefici dell\u2019IA in sanit\u00e0:<\/p>\n<ul data-start=\"3014\" data-end=\"3201\">\n<li data-start=\"3014\" data-end=\"3052\">\n<p data-start=\"3016\" data-end=\"3052\">algoritmi radiologici pi\u00f9 precisi,<\/p>\n<\/li>\n<li data-start=\"3053\" data-end=\"3088\">\n<p data-start=\"3055\" data-end=\"3088\">scoperta di farmaci accelerata,<\/p>\n<\/li>\n<li data-start=\"3089\" data-end=\"3148\">\n<p data-start=\"3091\" data-end=\"3148\">terapie <strong data-start=\"3099\" data-end=\"3117\">personalizzate<\/strong> basate sul profilo genetico,<\/p>\n<\/li>\n<li data-start=\"3149\" data-end=\"3201\">\n<p data-start=\"3151\" data-end=\"3201\">gestione pi\u00f9 efficiente delle risorse ospedaliere.<\/p>\n<\/li>\n<\/ul>\n<p data-start=\"3203\" data-end=\"3332\">Tutto ci\u00f2 rappresenta la \u201cfaccia luminosa\u201d della tecnologia, strumenti che <strong data-start=\"3278\" data-end=\"3305\">possono servire la vita<\/strong> se orientati con saggezza.<\/p>\n<h4 data-start=\"3339\" data-end=\"3373\"><strong data-start=\"3342\" data-end=\"3373\">I rischi evocati da Parolin<\/strong><\/h4>\n<p data-start=\"3374\" data-end=\"3460\"><img loading=\"lazy\" decoding=\"async\" class=\"wp-image-84427 alignright\" src=\"https:\/\/www.fedaiisf.it\/wp-content\/uploads\/2025\/10\/ISS-Bellantone.png\" alt=\"\" width=\"218\" height=\"213\" srcset=\"https:\/\/www.fedaiisf.it\/wp-content\/uploads\/2025\/10\/ISS-Bellantone.png 838w, https:\/\/www.fedaiisf.it\/wp-content\/uploads\/2025\/10\/ISS-Bellantone-300x294.png 300w, https:\/\/www.fedaiisf.it\/wp-content\/uploads\/2025\/10\/ISS-Bellantone-768x752.png 768w, https:\/\/www.fedaiisf.it\/wp-content\/uploads\/2025\/10\/ISS-Bellantone-12x12.png 12w\" sizes=\"auto, (max-width: 218px) 100vw, 218px\" \/>Parolin ha evidenziato quattro principali pericoli che accompagnano l\u2019uso tecnologico:<\/p>\n<ol data-start=\"3462\" data-end=\"3934\">\n<li data-start=\"3462\" data-end=\"3566\">\n<p data-start=\"3465\" data-end=\"3566\"><strong data-start=\"3465\" data-end=\"3496\">De-umanizzazione della cura<\/strong>: \u201cun algoritmo pu\u00f2 dare una diagnosi, ma non pu\u00f2 offrire conforto.\u201d<\/p>\n<\/li>\n<li data-start=\"3567\" data-end=\"3712\">\n<p data-start=\"3570\" data-end=\"3712\"><strong data-start=\"3570\" data-end=\"3601\">Discriminazione algoritmica<\/strong>: la riproposizione automatica di <strong data-start=\"3635\" data-end=\"3666\">pregiudizi e diseguaglianze<\/strong>, creando \u201cnuove discriminazioni sanitarie\u201d.<\/p>\n<\/li>\n<li data-start=\"3713\" data-end=\"3805\">\n<p data-start=\"3716\" data-end=\"3805\"><strong data-start=\"3716\" data-end=\"3746\">Irresponsabilit\u00e0 sistemica<\/strong>: il rischio che nessuno risponda per errori algoritmici.<\/p>\n<\/li>\n<li data-start=\"3806\" data-end=\"3934\">\n<p data-start=\"3809\" data-end=\"3934\"><strong data-start=\"3809\" data-end=\"3833\">Cultura dello scarto<\/strong>: che alcuni essere umani vengano giudicati \u201cnon degni\u201d sulla base di criteri numerici o algoritmici.<\/p>\n<\/li>\n<\/ol>\n<p data-start=\"3938\" data-end=\"4036\">\u201cOgni vita \u00e8 preziosa, dal concepimento alla morte naturale, e non pu\u00f2 dipendere da un algoritmo.\u201d<\/p>\n<h2 data-start=\"4043\" data-end=\"4095\"><strong data-start=\"4046\" data-end=\"4095\">Tecnologia accolta con etica e responsabilit\u00e0<\/strong><\/h2>\n<p data-start=\"4096\" data-end=\"4366\">Il cardinale Parolin non propone il rifiuto dell\u2019IA, ma il suo governo umano.<br data-start=\"4173\" data-end=\"4176\" \/>Occorre una <strong data-start=\"4188\" data-end=\"4220\">formazione etica e culturale<\/strong> per ingegneri, ricercatori, medici e operatori, cos\u00ec che comprendano i limiti delle macchine e mantengano il <strong data-start=\"4330\" data-end=\"4363\">primato della decisione umana<\/strong>.<\/p>\n<h4 data-start=\"4554\" data-end=\"4589\"><strong data-start=\"4557\" data-end=\"4589\">Un bivio morale<\/strong><\/h4>\n<p data-start=\"4590\" data-end=\"4827\">Il cardinale Parolin ha concluso tracciando un bivio per il futuro dell\u2019umanit\u00e0: da una parte la tecnologia che <strong data-start=\"4704\" data-end=\"4730\">valuta, scarta, riduce<\/strong>, dall\u2019altra una <strong data-start=\"4747\" data-end=\"4775\">IA illuminata dall\u2019etica<\/strong>, che serva la vita, la giustizia e la fraternit\u00e0.<\/p>\n<p data-start=\"4830\" data-end=\"4913\">\u201cLa tecnologia deve restare mezzo, non fine; potente, ma subordinata alla persona.\u201d (Fonte: <a href=\"https:\/\/ore12italia.it\/etica-intelligenza-artificiale-cardinale-parolin-iss-2025.aspx\" target=\"_blank\" rel=\"noopener\">ore12italia<\/a>)<\/p>\n<p>Anelli, Presidente FNOMCeO, <em>pericolo\u00a0\u00e8 quello dell\u2019acuirsi delle disuguaglianze, delle <img loading=\"lazy\" decoding=\"async\" class=\"wp-image-69904 alignleft\" src=\"https:\/\/www.fedaiisf.it\/wp-content\/uploads\/2023\/01\/1-Filippo-Anelli-logo-FNOMCeO.jpg\" alt=\"\" width=\"239\" height=\"171\" srcset=\"https:\/\/www.fedaiisf.it\/wp-content\/uploads\/2023\/01\/1-Filippo-Anelli-logo-FNOMCeO.jpg 879w, https:\/\/www.fedaiisf.it\/wp-content\/uploads\/2023\/01\/1-Filippo-Anelli-logo-FNOMCeO-300x215.jpg 300w, https:\/\/www.fedaiisf.it\/wp-content\/uploads\/2023\/01\/1-Filippo-Anelli-logo-FNOMCeO-768x550.jpg 768w\" sizes=\"auto, (max-width: 239px) 100vw, 239px\" \/>disparit\u00e0 tra coloro che possono fruire di questo strumento potentissimo e di chi non pu\u00f2 farlo. Ma anche quello dell\u2019\u201d<strong>Apartheid sanitario<\/strong>\u201d, della \u201c<strong>Discriminazione algoritmica<\/strong>\u201d, perch\u00e9 immettendo dati che riflettono pregiudizi e disuguaglianze presenti nella societ\u00e0, ma anche nella comunit\u00e0 scientifica, si pensi solo ai modelli sui quali sono condotte le sperimentazioni cliniche, tali pregiudizi e disuguaglianze si amplificheranno\u201d.<\/em><\/p>\n<p><em>\u201cBene ha fatto il Cardinale Parolin \u2013 <\/em>concludes\u00a0<strong>Rings<\/strong>\u00a0<em>\u2013\u00a0a metterci in guardia, a lanciare un forte monito anche <strong>contro la cultura dello scarto<\/strong>, che rischia di essere alimentata se a decidere saranno solo gli algoritmi. Sono tutti pericoli che abbiamo valutato nella revisione del Codice di Deontologia medica, e che abbiamo fatto pi\u00f9 volte presenti anche nelle sedi istituzionali, tanto che hanno trovato forti riscontri nella legge delega sulla IA. Solo lavorando tutti insieme, medici, legislatori, religiosi, bioeticisti, societ\u00e0 civile, potremo veramente padroneggiare questo strumento potentissimo e orientarlo al bene dell\u2019umanit\u00e0\u201d. (fonte <a href=\"https:\/\/portale.fnomceo.it\/ia-anelli-fnomceo-da-parolin-contenuti-di-altissimo-valore-perfetta-aderenza-con-i-principi-etici-che-orientano-il-nostro-codice\/\" target=\"_blank\" rel=\"noopener\">FNOMCeO<\/a>)<\/em><\/p>\n<p>Il nuovo Centro si articoler\u00e0 in sei aree di competenza che rappresentano altrettanti ambiti di applicazione clinica e tecnologica:<\/p>\n<ul>\n<li>Telemedicina, ingegneria biomedica e medicina digitale, con progetti per la gestione integrata dei pazienti e il monitoraggio a distanza attraverso piattaforme sicure e interoperabili;<\/li>\n<li>Nanotecnologie e terapie innovative, con focus su protesi personalizzate e dispositivi terapeutici basati su materiali avanzati e stampa 3D;<\/li>\n<li>Chimica e fisica per la medicina, dove tecniche di imaging e medicina nucleare saranno integrate con modelli di IA per la diagnosi precoce e la personalizzazione dei trattamenti;<\/li>\n<li>Intelligenza artificiale e robotica, dedicata allo sviluppo di algoritmi e sistemi automatizzati per la chirurgia e la riabilitazione, con particolare attenzione alla sicurezza dei dati e alla trasparenza dei processi decisionali;<\/li>\n<li>Health technology assessment e dispositivi medici, per la valutazione di efficacia, sicurezza e sostenibilit\u00e0 delle nuove tecnologie, con attivit\u00e0 di supporto tecnico-scientifico alle istituzioni nazionali e internazionali;<\/li>\n<li>Biomedicina spaziale e subacquea, area di ricerca avanzata sulle risposte del corpo umano in condizioni estreme, con possibili applicazioni in emergenza, riabilitazione e medicina territoriale.<\/li>\n<\/ul>\n<hr \/>\n<p>Related news: <a href=\"https:\/\/www.snami.org\/il_futuro_della_medicina_generale_tra_ia_e_fine_burocrazia\" target=\"_blank\" rel=\"noopener\">SNAMI. Il Futuro della Medicina Generale tra IA e fine burocrazia<\/a><\/p>","protected":false},"excerpt":{"rendered":"<p>Sei aree di competenza che rappresentano altrettanti pilastri della sanit\u00e0 del futuro, con l\u2019obiettivo di costruire un ecosistema in cui l\u2019innovazione sia intesa non solo come progresso tecnico, ma come strumento di equit\u00e0, sostenibilit\u00e0 e partecipazione. Queste le caratteristiche del neonato Centro Nazionale \u2013 Intelligenza Artificiale e Tecnologie Innovative per la Salute (IATIS) dell\u2019Istituto Superiore &hellip;<\/p>","protected":false},"author":4,"featured_media":84429,"comment_status":"closed","ping_status":"closed","sticky":false,"template":"","format":"standard","meta":{"footnotes":""},"categories":[1],"tags":[79],"class_list":["post-84422","post","type-post","status-publish","format-standard","has-post-thumbnail","hentry","category-notizie","tag-ssn"],"amp_enabled":true,"_links":{"self":[{"href":"https:\/\/www.fedaiisf.it\/en\/wp-json\/wp\/v2\/posts\/84422","targetHints":{"allow":["GET"]}}],"collection":[{"href":"https:\/\/www.fedaiisf.it\/en\/wp-json\/wp\/v2\/posts"}],"about":[{"href":"https:\/\/www.fedaiisf.it\/en\/wp-json\/wp\/v2\/types\/post"}],"author":[{"embeddable":true,"href":"https:\/\/www.fedaiisf.it\/en\/wp-json\/wp\/v2\/users\/4"}],"replies":[{"embeddable":true,"href":"https:\/\/www.fedaiisf.it\/en\/wp-json\/wp\/v2\/comments?post=84422"}],"version-history":[{"count":6,"href":"https:\/\/www.fedaiisf.it\/en\/wp-json\/wp\/v2\/posts\/84422\/revisions"}],"predecessor-version":[{"id":84431,"href":"https:\/\/www.fedaiisf.it\/en\/wp-json\/wp\/v2\/posts\/84422\/revisions\/84431"}],"wp:featuredmedia":[{"embeddable":true,"href":"https:\/\/www.fedaiisf.it\/en\/wp-json\/wp\/v2\/media\/84429"}],"wp:attachment":[{"href":"https:\/\/www.fedaiisf.it\/en\/wp-json\/wp\/v2\/media?parent=84422"}],"wp:term":[{"taxonomy":"category","embeddable":true,"href":"https:\/\/www.fedaiisf.it\/en\/wp-json\/wp\/v2\/categories?post=84422"},{"taxonomy":"post_tag","embeddable":true,"href":"https:\/\/www.fedaiisf.it\/en\/wp-json\/wp\/v2\/tags?post=84422"}],"curies":[{"name":"wp","href":"https:\/\/api.w.org\/{rel}","templated":true}]}}