{"id":84468,"date":"2025-10-18T18:07:43","date_gmt":"2025-10-18T16:07:43","guid":{"rendered":"https:\/\/www.fedaiisf.it\/?p=84468"},"modified":"2025-10-18T18:53:10","modified_gmt":"2025-10-18T16:53:10","slug":"un-campo-quattro-squadre-un-solo-grande-cuore-il-torneo-della-solidarieta-aiisf-per-il-meyer","status":"publish","type":"post","link":"https:\/\/www.fedaiisf.it\/en\/un-campo-quattro-squadre-un-solo-grande-cuore-il-torneo-della-solidarieta-aiisf-per-il-meyer\/","title":{"rendered":"Un campo, quattro squadre, un solo grande cuore: il \u201cTorneo della Solidariet\u00e0 AIISF\u201d per il Meyer"},"content":{"rendered":"<p style=\"font-weight: 400;\">Venerd\u00ec 17 ottobre 2025 rester\u00e0 una data speciale per chi c\u2019era. \u00c8 stata una serata di sport, s\u00ec, ma soprattutto di condivisione, impegno e umanit\u00e0. A Firenze, la sezione <img loading=\"lazy\" decoding=\"async\" class=\"wp-image-84471 alignright\" src=\"https:\/\/www.fedaiisf.it\/wp-content\/uploads\/2025\/10\/premio-torneon-della-solidarieta-firenze.png\" alt=\"\" width=\"187\" height=\"277\" srcset=\"https:\/\/www.fedaiisf.it\/wp-content\/uploads\/2025\/10\/premio-torneon-della-solidarieta-firenze.png 698w, https:\/\/www.fedaiisf.it\/wp-content\/uploads\/2025\/10\/premio-torneon-della-solidarieta-firenze-202x300.png 202w, https:\/\/www.fedaiisf.it\/wp-content\/uploads\/2025\/10\/premio-torneon-della-solidarieta-firenze-690x1024.png 690w, https:\/\/www.fedaiisf.it\/wp-content\/uploads\/2025\/10\/premio-torneon-della-solidarieta-firenze-8x12.png 8w\" sizes=\"auto, (max-width: 187px) 100vw, 187px\" \/>Toscana Centro dell\u2019AIISF ha organizzato la prima edizione del <strong><em>Torneo della Solidariet\u00e0<\/em><\/strong>, un evento riconosciuto ufficialmente come iniziativa benefica a favore della Fondazione dell\u2019Ospedale Pediatrico Meyer.<\/p>\n<p style=\"font-weight: 400;\">Un centinaio di persone, tra pubblico e partecipanti, hanno scelto di esserci. Di esserci con il cuore, prima ancora che con la presenza.<\/p>\n<p style=\"font-weight: 400;\">In campo si sono sfidate quattro squadre, diverse tra loro ma unite dallo stesso spirito:<\/p>\n<ul>\n<li><strong>VIOLA<\/strong>, una squadra nata dall\u2019unione di medici e informatori scientifici;<\/li>\n<li><strong>USL TC<\/strong>, formata da medici ospedalieri del territorio;<\/li>\n<li><strong>SYNLAB Manifattura Firenze<\/strong>, che ha creduto e aderito al progetto sin dal primo momento;<\/li>\n<li><strong>New ISF<\/strong>, rappresentanza giovane e carica di entusiasmo degli informatori locali.<\/li>\n<\/ul>\n<p style=\"font-weight: 400;\">Ma quella di venerd\u00ec non \u00e8 stata solo una partita. \u00c8 stato un gesto. \u00c8 stato dire: <em>noi ci siamo<\/em>.<\/p>\n<p style=\"font-weight: 400;\">Il presidente della sezione, Francesco Muto, ha aperto la serata con parole di gratitudine e ha annunciato con emozione il sostegno dell\u2019<strong>AIISF Nazionale<\/strong>, presente <img loading=\"lazy\" decoding=\"async\" class=\"wp-image-84473 alignleft\" src=\"https:\/\/www.fedaiisf.it\/wp-content\/uploads\/2025\/10\/premiazione-torneo.png\" alt=\"\" width=\"284\" height=\"346\" srcset=\"https:\/\/www.fedaiisf.it\/wp-content\/uploads\/2025\/10\/premiazione-torneo.png 808w, https:\/\/www.fedaiisf.it\/wp-content\/uploads\/2025\/10\/premiazione-torneo-246x300.png 246w, https:\/\/www.fedaiisf.it\/wp-content\/uploads\/2025\/10\/premiazione-torneo-768x937.png 768w, https:\/\/www.fedaiisf.it\/wp-content\/uploads\/2025\/10\/premiazione-torneo-10x12.png 10w\" sizes=\"auto, (max-width: 284px) 100vw, 284px\" \/>simbolicamente attraverso il consigliere Devid Ferrando, e della <strong>FEDAISF<\/strong>, che ha generosamente coperto l\u2019intero contributo minimo necessario alla realizzazione dell\u2019evento.<\/p>\n<p style=\"font-weight: 400;\">A rendere ancora pi\u00f9 potente il messaggio della serata, l\u2019intervento toccante di <strong>Carmine Minicucci<\/strong>, referente operativo dell\u2019iniziativa:<\/p>\n<p style=\"font-weight: 400;\"><em>\u201cQuando si fa qualcosa per i bambini del Meyer, anche se \u00e8 solo una goccia nel mare, dobbiamo esserne fieri. Perch\u00e9 ogni gesto, ogni piccolo passo, riaccende quell\u2019umanit\u00e0 profonda che troppo spesso si perde nella frenesia del nostro vivere quotidiano.\u201d<\/em><\/p>\n<p style=\"font-weight: 400;\">E in effetti, \u00e8 successo qualcosa di straordinario. Perch\u00e9 oltre alla competizione, oltre alla beneficenza, \u00e8 nato un legame. Una rete fatta di persone che hanno scelto di fare squadra, davvero.<\/p>\n<p style=\"font-weight: 400;\">Grazie a chi ha giocato, a chi ha applaudito, a chi ha creduto. Perch\u00e9 venerd\u00ec sera non abbiamo solo tirato calci a un pallone. Abbiamo fatto qualcosa di bello. Insieme.<\/p>\n<p style=\"font-weight: 400;\"><strong>Il risultato pi\u00f9 bello? La solidariet\u00e0. Ma anche il campo ha parlato.<\/strong><\/p>\n<p style=\"font-weight: 400;\">A completare una serata gi\u00e0 carica di emozioni, ci ha pensato lo spirito sportivo dei partecipanti, che ha regalato momenti di grande entusiasmo e divertimento.<\/p>\n<p style=\"font-weight: 400;\">Questi i risultati delle partite:<\/p>\n<ul>\n<li><strong>SYNLAB vs USL TC<\/strong>: 7 \u2013 2<\/li>\n<li><strong>VIOLA vs New ISF<\/strong>: 2 \u2013 4<\/li>\n<\/ul>\n<p style=\"font-weight: 400;\">There <strong>finalissima<\/strong> ha visto affrontarsi <strong>SYNLAB<\/strong> And <strong>New ISF<\/strong> in una sfida intensa, combattuta fino all\u2019ultimo respiro. Dopo un pareggio per 2 a 2 nei tempi regolamentari, <img loading=\"lazy\" decoding=\"async\" class=\"wp-image-84474 alignright\" src=\"https:\/\/www.fedaiisf.it\/wp-content\/uploads\/2025\/10\/vincitori.png\" alt=\"\" width=\"327\" height=\"343\" srcset=\"https:\/\/www.fedaiisf.it\/wp-content\/uploads\/2025\/10\/vincitori.png 908w, https:\/\/www.fedaiisf.it\/wp-content\/uploads\/2025\/10\/vincitori-286x300.png 286w, https:\/\/www.fedaiisf.it\/wp-content\/uploads\/2025\/10\/vincitori-768x805.png 768w, https:\/\/www.fedaiisf.it\/wp-content\/uploads\/2025\/10\/vincitori-11x12.png 11w\" sizes=\"auto, (max-width: 327px) 100vw, 327px\" \/>sono stati i calci di rigore a decretare la vincitrice: <strong>SYNLAB<\/strong>, che ha sollevato il trofeo con un punteggio finale di 4 a 1 dal dischetto. Ma pi\u00f9 che il risultato, a vincere \u00e8 stato lo spirito di squadra, la voglia di esserci e di fare la differenza insieme.<\/p>\n<p style=\"font-weight: 400;\">Per chi desidera aggiungere la propria goccia a questo mare di solidariet\u00e0, <strong>la raccolta fondi per il Meyer rester\u00e0 aperta fino alla fine del mese<\/strong>. Ogni contributo \u00e8 importante e pu\u00f2 essere versato sul conto corrente dell\u2019associazione. Perch\u00e9 aiutare, anche con poco, significa esserci. Ancora una volta!<\/p>\n<p style=\"font-weight: 400;\">IBAN: <strong>IT51W0306909606100000184822<\/strong><\/p>\n<p style=\"font-weight: 400;\">INTESTATARIO: <strong>Associazione Italiana Informatori Scientifici del Farmaco Sezione Toscana Centro<\/strong><\/p>\n<p style=\"font-weight: 400;\">CAUSALE: <strong>AIISF per il MEYER<\/strong><\/p>\n<p><img loading=\"lazy\" decoding=\"async\" class=\"alignnone size-full wp-image-84472\" src=\"https:\/\/www.fedaiisf.it\/wp-content\/uploads\/2025\/10\/synLab-vincitori-torneo.png\" alt=\"\" width=\"1444\" height=\"910\" srcset=\"https:\/\/www.fedaiisf.it\/wp-content\/uploads\/2025\/10\/synLab-vincitori-torneo.png 1444w, https:\/\/www.fedaiisf.it\/wp-content\/uploads\/2025\/10\/synLab-vincitori-torneo-300x189.png 300w, https:\/\/www.fedaiisf.it\/wp-content\/uploads\/2025\/10\/synLab-vincitori-torneo-1024x645.png 1024w, https:\/\/www.fedaiisf.it\/wp-content\/uploads\/2025\/10\/synLab-vincitori-torneo-768x484.png 768w, https:\/\/www.fedaiisf.it\/wp-content\/uploads\/2025\/10\/synLab-vincitori-torneo-18x12.png 18w\" sizes=\"auto, (max-width: 1444px) 100vw, 1444px\" \/><\/p>\n<hr \/>\n<p>Note:<\/p>\n<p><em>Grazie agli eventi solidali di raccolta fondi, la Fondazione Meyer garantisce il sostegno ai progetti dell\u2019Ospedale Pediatrico.<\/em><\/p>\n<p><em>Un evento solidale \u00e8 molto pi\u00f9 che una semplice raccolta fondi: \u00e8 il coinvolgimento di tante persone e \u00a0l\u2019unione di tante forze per far s\u00ec che la ricerca scientifica sia sempre una priorit\u00e0, che le attrezzature tecnologiche e scientifiche siano all\u2019avanguardia, che le famiglie in arrivo\u00a0da lontano possano avere alloggio e che i bambini in ospedale si sentano come a casa.<\/em><\/p>\n<p style=\"font-weight: 400;\"><em>Il Meyer fu fondato nell&#8217;anno 1884 da un gruppo di nobili signore fiorentine e numerosi rappresentanti della \u201ccolonia straniera\u201d, che \u00a0ebbero l&#8217;idea di fondare un ospedale per i bambini poveri. Sino ad allora il \u201cfanciullo\u201d era considerato come un adulto e senza distinzione di ricovero. Fu inaugurato nel 1891<\/em><\/p>\n<p style=\"font-weight: 400;\"><em>Un apporto finanziario cospicuo e decisivo per la fondazione dell\u2019Ospedale fu portato dal Commendator Giovanni Meyer, gentiluomo russo, residente a Firenze, nominato poi Marchese di Montagliari, al quale stava a cuore il desiderio espressogli in vita dalla defunta moglie Anna, nata Fitzgerald, che desiderava venisse fondato a Firenze un ospedale, nel quale potessero essere accolti i bambini ammalati, specialmente quelli affetti da deformit\u00e0 congenite ed acquisite.<\/em><\/p>\n<p style=\"font-weight: 400;\"><em>Il commendatore Giovanni Meyer ha dedicato alla moglie Anna Meyer, precocemente deceduta a 32 anni, l\u2019ospedale pediatrico donandolo poi alla citt\u00e0.<\/em><\/p>\n<p><em>Oggi l\u2019ospedale pediatrico di Firenze \u00e8 un punto di riferimento italiano e internazionale per la cura, la ricerca e l\u2019assistenza dei bambini, tenendo fede \u2013 a distanza di oltre centotrenta anni \u2013 a quell\u2019atto altruistico da cui tutto ha avuto inizio in quel lontano 1891.<\/em><\/p>\n<p>&nbsp;<\/p>","protected":false},"excerpt":{"rendered":"<p>Venerd\u00ec 17 ottobre 2025 rester\u00e0 una data speciale per chi c\u2019era. \u00c8 stata una serata di sport, s\u00ec, ma soprattutto di condivisione, impegno e umanit\u00e0. A Firenze, la sezione Toscana Centro dell\u2019AIISF ha organizzato la prima edizione del Torneo della Solidariet\u00e0, un evento riconosciuto ufficialmente come iniziativa benefica a favore della Fondazione dell\u2019Ospedale Pediatrico Meyer. &hellip;<\/p>","protected":false},"author":4,"featured_media":84476,"comment_status":"closed","ping_status":"closed","sticky":false,"template":"","format":"standard","meta":{"footnotes":""},"categories":[1,14],"tags":[45],"class_list":["post-84468","post","type-post","status-publish","format-standard","has-post-thumbnail","hentry","category-notizie","category-news-fedaiisf","tag-fedaiisf"],"amp_enabled":true,"_links":{"self":[{"href":"https:\/\/www.fedaiisf.it\/en\/wp-json\/wp\/v2\/posts\/84468","targetHints":{"allow":["GET"]}}],"collection":[{"href":"https:\/\/www.fedaiisf.it\/en\/wp-json\/wp\/v2\/posts"}],"about":[{"href":"https:\/\/www.fedaiisf.it\/en\/wp-json\/wp\/v2\/types\/post"}],"author":[{"embeddable":true,"href":"https:\/\/www.fedaiisf.it\/en\/wp-json\/wp\/v2\/users\/4"}],"replies":[{"embeddable":true,"href":"https:\/\/www.fedaiisf.it\/en\/wp-json\/wp\/v2\/comments?post=84468"}],"version-history":[{"count":8,"href":"https:\/\/www.fedaiisf.it\/en\/wp-json\/wp\/v2\/posts\/84468\/revisions"}],"predecessor-version":[{"id":84482,"href":"https:\/\/www.fedaiisf.it\/en\/wp-json\/wp\/v2\/posts\/84468\/revisions\/84482"}],"wp:featuredmedia":[{"embeddable":true,"href":"https:\/\/www.fedaiisf.it\/en\/wp-json\/wp\/v2\/media\/84476"}],"wp:attachment":[{"href":"https:\/\/www.fedaiisf.it\/en\/wp-json\/wp\/v2\/media?parent=84468"}],"wp:term":[{"taxonomy":"category","embeddable":true,"href":"https:\/\/www.fedaiisf.it\/en\/wp-json\/wp\/v2\/categories?post=84468"},{"taxonomy":"post_tag","embeddable":true,"href":"https:\/\/www.fedaiisf.it\/en\/wp-json\/wp\/v2\/tags?post=84468"}],"curies":[{"name":"wp","href":"https:\/\/api.w.org\/{rel}","templated":true}]}}