{"id":84543,"date":"2025-10-23T06:55:49","date_gmt":"2025-10-23T04:55:49","guid":{"rendered":"https:\/\/www.fedaiisf.it\/?p=84543"},"modified":"2025-10-22T19:01:05","modified_gmt":"2025-10-22T17:01:05","slug":"e-nata-la-laurea-magistrale-in-ingegneria-gestionale-della-filiera-farmaceutica","status":"publish","type":"post","link":"https:\/\/www.fedaiisf.it\/en\/e-nata-la-laurea-magistrale-in-ingegneria-gestionale-della-filiera-farmaceutica\/","title":{"rendered":"E&#8217; nata la laurea magistrale in Ingegneria Gestionale della Filiera Farmaceutica"},"content":{"rendered":"<p>La Fondazione Domp\u00e8 ha avviato quest&#8217;anno presso il polo produttivo a L&#8217;Aquila, il progetto &#8220;Industria del Talento&#8221;. L&#8217;obiettivo \u00e8 formare nuove generazioni di tecnici specializzati nel settore farmaceutico, creando un ponte tra scuola superiore, universit\u00e0 e industria. Un altro tassello strategico \u00e8 rappresentato dalla collaborazione <img loading=\"lazy\" decoding=\"async\" class=\"wp-image-84544 alignright\" src=\"https:\/\/www.fedaiisf.it\/wp-content\/uploads\/2025\/10\/Universita-de-LAquila.png\" alt=\"\" width=\"210\" height=\"116\" srcset=\"https:\/\/www.fedaiisf.it\/wp-content\/uploads\/2025\/10\/Universita-de-LAquila.png 536w, https:\/\/www.fedaiisf.it\/wp-content\/uploads\/2025\/10\/Universita-de-LAquila-300x166.png 300w, https:\/\/www.fedaiisf.it\/wp-content\/uploads\/2025\/10\/Universita-de-LAquila-18x10.png 18w\" sizes=\"auto, (max-width: 210px) 100vw, 210px\" \/>tra Domp\u00e9 farmaceutici e l&#8217;Universit\u00e0 dell&#8217;Aquila, che da settembre ha visto la nascita del nuovo percorso di laurea magistrale in Ingegneria Gestionale della Filiera Farmaceutica. Il nuovo Percorso formativo \u00e8 all\u2019interno del Corso di Laurea Magistrale in Ingegneria Gestionale (LM31, 120CFU).<\/p>\n<p>Questa nuova collaborazione pubblico-privato rafforza il legame tra il mondo accademico e l\u2019industria in un settore strategico per l\u2019Italia e l\u2019Abruzzo. Con un valore di 56 miliardi di euro di produzione nel 2024 e oltre 68.500 addetti diretti (90% laureati e diplomati (per il 44% donne), l\u2019industria delle Life Sciences italiana rappresenta uno dei settori a pi\u00f9 forte crescita occupazionale (+9% nell\u2019ultimo quinquennio).<\/p>\n<p>A livello regionale, L\u2019Abruzzo conta 1300 addetti diretti che raggiungono i 3mila con i settori fornitori. A L&#8217;Aquila l&#8217;export della farmaceutica \u00e8 cresciuto del 58% e il settore \u00e8 primo con il 53% dell&#8217;export manifatturiero nel 2023 (44% nel 2021).<\/p>\n<p>L\u2019accordo tratta di un ponte fondamentale per formare professionisti pronti a rispondere alle esigenze di un settore in forte crescita, grazie al sostegno di Domp\u00e9 farmaceutici e di altre realt\u00e0 aziendali del territorio.<\/p>\n<p>Il nuovo Percorso formativo in Gestione della Filiera Farmaceutica \u00e8 al centro di una partnership strategica mira a favorire l\u2019inserimento qualificato di giovani talenti nella filiera delle Life Sciences.<\/p>\n<p>Al centro dell\u2019accordo, un fondo di 120mila euro per erogare fino al 2030, 18 borse di studio biennali del valore di 6.000 euro ciascuna. Inoltre, a partire dal secondo anno, gli studenti pi\u00f9 meritevoli potranno concorrere a due premi universitari annuali da 1.500 euro ciascuno, riconoscimenti assegnati in base al merito accademico e al reddito familiare.<\/p>\n<p>L\u2019esperienza formativa si completa con la possibilit\u00e0 di effettuare tirocini curriculari e <img loading=\"lazy\" decoding=\"async\" class=\"wp-image-84545 alignleft\" src=\"https:\/\/www.fedaiisf.it\/wp-content\/uploads\/2025\/10\/Dompe-LAquila.png\" alt=\"\" width=\"310\" height=\"172\" srcset=\"https:\/\/www.fedaiisf.it\/wp-content\/uploads\/2025\/10\/Dompe-LAquila.png 1472w, https:\/\/www.fedaiisf.it\/wp-content\/uploads\/2025\/10\/Dompe-LAquila-300x167.png 300w, https:\/\/www.fedaiisf.it\/wp-content\/uploads\/2025\/10\/Dompe-LAquila-1024x569.png 1024w, https:\/\/www.fedaiisf.it\/wp-content\/uploads\/2025\/10\/Dompe-LAquila-768x427.png 768w, https:\/\/www.fedaiisf.it\/wp-content\/uploads\/2025\/10\/Dompe-LAquila-18x10.png 18w\" sizes=\"auto, (max-width: 310px) 100vw, 310px\" \/>sviluppare tesi di laurea direttamente presso lo stabilimento Domp\u00e9 di Campo di Pile a L\u2019Aquila.<\/p>\n<p>A rafforzare questo legame tra universit\u00e0 e impresa, ricercatori e tecnici di Domp\u00e9 saranno coinvolti in laboratori didattici e seminari specialistici, offrendo agli studenti testimonianze e approfondimenti che arricchiscono il percorso formativo e preparano i futuri professionisti ad affrontare le sfide di un settore in continua evoluzione.<\/p>\n<p>&#8220;<i>Il nuovo percorso formativo in \u2018Gestione della Filiera Farmaceutica\u2019 nasce dall\u2019esigenza di fornire una formazione specialistica e integrata, in grado di rispondere alle sfide dell\u2019intera filiera \u201c <\/i>explains<i> <\/i>il Professor Paolo Salini, Presidente del corso di Laure Magistrale in Ingegneria Gestionale, \u201c<i>La partnership con Domp\u00e9 e le altre imprese presenti a livello locale e operanti a livello internazionale, rappresenta un valore aggiunto che avvicina gli studenti al mondo del lavoro e favorisce lo sviluppo di competenze concrete\u201d. (Fonte: <a href=\"https:\/\/www.dompe.com\/it\/media\/comunicati-stampa\/univaq-e-dompe-insieme-per-la-formazione-dei-talenti-nell-industria-delle-life-sciences\/\" target=\"_blank\" rel=\"noopener\">Comunicato Domp\u00e8<\/a>, estratto)<\/i><\/p>\n<p><a href=\"https:\/\/univaq.coursecatalogue.cineca.it\/corsi\/2025\/10064\/insegnamenti\/3?annoOfferta=2025&amp;schemaId=11747\" target=\"_blank\" rel=\"noopener\">Piano di studio e insegnamenti<\/a><\/p>\n<hr \/>\n<p>Related news: <a href=\"https:\/\/pisanews.net\/universita-di-pisa-e-farmigea-insieme-per-ricerca-formazione-e-innovazione-nel-settore-farmaceutico\/\" target=\"_blank\" rel=\"noopener\">Universit\u00e0 di Pisa e Farmigea insieme per ricerca, formazione e innovazione nel settore farmaceutico<\/a><\/p>\n<p><a href=\"https:\/\/fiscomania.com\/false-partite-iva-lavoro-subordinato\/\" target=\"_blank\" rel=\"noopener\">False partite Iva e presunzione di lavoro subordinato<\/a><\/p>\n<p>&nbsp;<\/p>","protected":false},"excerpt":{"rendered":"<p>La Fondazione Domp\u00e8 ha avviato quest&#8217;anno presso il polo produttivo a L&#8217;Aquila, il progetto &#8220;Industria del Talento&#8221;. L&#8217;obiettivo \u00e8 formare nuove generazioni di tecnici specializzati nel settore farmaceutico, creando un ponte tra scuola superiore, universit\u00e0 e industria. Un altro tassello strategico \u00e8 rappresentato dalla collaborazione tra Domp\u00e9 farmaceutici e l&#8217;Universit\u00e0 dell&#8217;Aquila, che da settembre ha &hellip;<\/p>","protected":false},"author":4,"featured_media":84548,"comment_status":"closed","ping_status":"closed","sticky":false,"template":"","format":"standard","meta":{"footnotes":""},"categories":[1],"tags":[],"class_list":["post-84543","post","type-post","status-publish","format-standard","has-post-thumbnail","hentry","category-notizie"],"amp_enabled":true,"_links":{"self":[{"href":"https:\/\/www.fedaiisf.it\/en\/wp-json\/wp\/v2\/posts\/84543","targetHints":{"allow":["GET"]}}],"collection":[{"href":"https:\/\/www.fedaiisf.it\/en\/wp-json\/wp\/v2\/posts"}],"about":[{"href":"https:\/\/www.fedaiisf.it\/en\/wp-json\/wp\/v2\/types\/post"}],"author":[{"embeddable":true,"href":"https:\/\/www.fedaiisf.it\/en\/wp-json\/wp\/v2\/users\/4"}],"replies":[{"embeddable":true,"href":"https:\/\/www.fedaiisf.it\/en\/wp-json\/wp\/v2\/comments?post=84543"}],"version-history":[{"count":6,"href":"https:\/\/www.fedaiisf.it\/en\/wp-json\/wp\/v2\/posts\/84543\/revisions"}],"predecessor-version":[{"id":84552,"href":"https:\/\/www.fedaiisf.it\/en\/wp-json\/wp\/v2\/posts\/84543\/revisions\/84552"}],"wp:featuredmedia":[{"embeddable":true,"href":"https:\/\/www.fedaiisf.it\/en\/wp-json\/wp\/v2\/media\/84548"}],"wp:attachment":[{"href":"https:\/\/www.fedaiisf.it\/en\/wp-json\/wp\/v2\/media?parent=84543"}],"wp:term":[{"taxonomy":"category","embeddable":true,"href":"https:\/\/www.fedaiisf.it\/en\/wp-json\/wp\/v2\/categories?post=84543"},{"taxonomy":"post_tag","embeddable":true,"href":"https:\/\/www.fedaiisf.it\/en\/wp-json\/wp\/v2\/tags?post=84543"}],"curies":[{"name":"wp","href":"https:\/\/api.w.org\/{rel}","templated":true}]}}