{"id":84582,"date":"2025-10-27T12:51:20","date_gmt":"2025-10-27T11:51:20","guid":{"rendered":"https:\/\/www.fedaiisf.it\/?p=84582"},"modified":"2025-10-27T12:51:20","modified_gmt":"2025-10-27T11:51:20","slug":"il-coordinamento-regionale-della-sicilia-ringrazia-i-partecipanti-allevento-fedaiisf-a-pharmevolution","status":"publish","type":"post","link":"https:\/\/www.fedaiisf.it\/en\/il-coordinamento-regionale-della-sicilia-ringrazia-i-partecipanti-allevento-fedaiisf-a-pharmevolution\/","title":{"rendered":"Il Coordinamento Regionale della Sicilia ringrazia i partecipanti all&#8217;evento Fedaiisf a PharmEvolution."},"content":{"rendered":"<p class=\"p1\">Desideriamo esprimere un sentito ringraziamento al Consiglio Direttivo AIISF Nazionale per la partecipazione al convegno regionale Fedaiisf tenutosi il 10 ottobre <img loading=\"lazy\" decoding=\"async\" class=\"wp-image-84585 alignright\" src=\"https:\/\/www.fedaiisf.it\/wp-content\/uploads\/2025\/10\/catania-1.png\" alt=\"\" width=\"343\" height=\"565\" srcset=\"https:\/\/www.fedaiisf.it\/wp-content\/uploads\/2025\/10\/catania-1.png 598w, https:\/\/www.fedaiisf.it\/wp-content\/uploads\/2025\/10\/catania-1-182x300.png 182w, https:\/\/www.fedaiisf.it\/wp-content\/uploads\/2025\/10\/catania-1-7x12.png 7w\" sizes=\"auto, (max-width: 343px) 100vw, 343px\" \/>2025 nell\u2019ambito della manifestazione fieristica di rilievo nazionale <strong>PharmEvolution.<\/strong><\/p>\n<p class=\"p1\">In particolare, si ringrazia per aver consegnato personalmente ai relatori l\u2019opera fotografica &#8216;<strong>L\u2019Anima dei pupi<\/strong>&#8216;, sostenendo, anche economicamente, l\u2019iniziativa promossa dall\u2019associazione Cambiamenti <strong>in memoria del collega Angelo Passini.<\/strong><\/p>\n<p class=\"p1\">Durante il convegno regionale Fedaiisf, l\u2019opera fotografica \u00e8 stata consegnata dal vicepresidente Silvia Brega ai seguenti esponenti:<\/p>\n<p class=\"p2\"><b>1) <\/b>Dott. Marco Cossolo Presidente Federfarma<\/p>\n<p class=\"p2\"><b>2) <\/b>Dott. Gioacchino Nicolosi &#8211; Presidente Federfarma Sicilia<\/p>\n<p class=\"p2\"><b>3) <\/b>Prof.Giovanni Puglisi &#8211; Presidente Ordine dei farmacisti della provincia di Catania<\/p>\n<p class=\"p2\"><b>4) <\/b>Dott. Giuseppe Distefano &#8211; Segretario ordine dei medici chirurghi ed odontoiatri della provincia di Catania<\/p>\n<p class=\"p2\"><b>5) <\/b>Dott. Antonino Campisi in rappresentanza del Dott. Giacomo Caudo \u2013 Presidente ordine dei medici chirurghi ed odontoiatri della provincia di Messina<\/p>\n<p class=\"p2\"><b><img loading=\"lazy\" decoding=\"async\" class=\"wp-image-84586 alignright\" src=\"https:\/\/www.fedaiisf.it\/wp-content\/uploads\/2025\/10\/Catania-2.png\" alt=\"\" width=\"409\" height=\"307\" srcset=\"https:\/\/www.fedaiisf.it\/wp-content\/uploads\/2025\/10\/Catania-2.png 884w, https:\/\/www.fedaiisf.it\/wp-content\/uploads\/2025\/10\/Catania-2-300x225.png 300w, https:\/\/www.fedaiisf.it\/wp-content\/uploads\/2025\/10\/Catania-2-768x577.png 768w, https:\/\/www.fedaiisf.it\/wp-content\/uploads\/2025\/10\/Catania-2-16x12.png 16w\" sizes=\"auto, (max-width: 409px) 100vw, 409px\" \/>6) <\/b>Dott. Giovanni Crimi \u2013Presidente Federfarma Messina<\/p>\n<p class=\"p2\"><b>7) <\/b>Prof. Rosario Pignatello direttore dipartimento di Scienze del farmaco e della salute Universit\u00e0 degli studi di Catania.<\/p>\n<p class=\"p2\">8) Prof.ssa Simona Gozzo Docente di Sociologia Generale, Dipartimento di Scienze Politiche e Sociali, Universit\u00e0 di Catania<\/p>\n<p class=\"p2\"><b>9) <\/b>Dott. Salvatore Condorelli medico di medicina generale consigliere Sismed<\/p>\n<p class=\"p1\">Il testo dovr\u00e0 ancora essere consegnato alle seguenti autorit\u00e0 che non hanno potuto essere presenti al convegno regionale Fedaiisf ma alle quali \u00e8 stato chiesto di incontrare una nostra delegazione.<\/p>\n<p class=\"p1\">1) On. Gaetano Galvagno Presidente Assemblea Regionale siciliana<\/p>\n<p class=\"p1\"><b>2) <\/b>Prof. Michele Navarra \u2013 Professore Ordinario di Farmacologia e Coordinatore del Corso di Laurea in Farmacia, Universit\u00e0 degli Studi di Messina<\/p>\n<p class=\"p1\">3) On. Daniela Faraoni Assessore regionale sanit\u00e0<\/p>\n<h4 class=\"p1\">Comunicato stampa:<\/h4>\n<p class=\"p3\">In occasione del convegno regionale Fedaiisf tenutosi il 10 ottobre 2025 a SiciliaFiera, nell\u2019ambito della manifestazione fieristica PharmEvolution, AIISF Nazionale ha <img loading=\"lazy\" decoding=\"async\" class=\"wp-image-84587 alignleft\" src=\"https:\/\/www.fedaiisf.it\/wp-content\/uploads\/2025\/10\/Catania-3.png\" alt=\"\" width=\"255\" height=\"352\" srcset=\"https:\/\/www.fedaiisf.it\/wp-content\/uploads\/2025\/10\/Catania-3.png 580w, https:\/\/www.fedaiisf.it\/wp-content\/uploads\/2025\/10\/Catania-3-217x300.png 217w, https:\/\/www.fedaiisf.it\/wp-content\/uploads\/2025\/10\/Catania-3-9x12.png 9w\" sizes=\"auto, (max-width: 255px) 100vw, 255px\" \/>omaggiato tutti i relatori con una copia dell\u2019opera fotografica &#8216;L\u2019Anima dei pupi&#8217;, realizzata da Alessandro Ingoglia.<\/p>\n<p class=\"p3\">Il volume \u00e8 stato distribuito dall\u2019associazione Cambiamenti, promotrice dell\u2019iniziativa che prevede la raccolta fondi a favore delle famiglie dei malati di SLA, attraverso la distribuzione del volume fotografico &#8216;L\u2019Anima dei pupi&#8217;.<\/p>\n<p class=\"p3\">Le iniziative umanitarie saranno dedicate alla memoria di Angelo Passini.<\/p>\n<p class=\"p3\">Con questo gesto, AIISF ha voluto valorizzare il contributo dei relatori e rafforzare il legame tra cultura, professione e solidariet\u00e0, nel ricordo di una figura che ha lasciato un segno profondo sia nella comunit\u00e0 degli informatori scientifici che delle organizzazioni solidaristiche e di utilit\u00e0 sociale.<\/p>\n<h5 class=\"p2\"><img loading=\"lazy\" decoding=\"async\" class=\"wp-image-84588 aligncenter\" src=\"https:\/\/www.fedaiisf.it\/wp-content\/uploads\/2025\/10\/Catania-4.png\" alt=\"\" width=\"556\" height=\"624\" srcset=\"https:\/\/www.fedaiisf.it\/wp-content\/uploads\/2025\/10\/Catania-4.png 864w, https:\/\/www.fedaiisf.it\/wp-content\/uploads\/2025\/10\/Catania-4-267x300.png 267w, https:\/\/www.fedaiisf.it\/wp-content\/uploads\/2025\/10\/Catania-4-768x862.png 768w, https:\/\/www.fedaiisf.it\/wp-content\/uploads\/2025\/10\/Catania-4-11x12.png 11w\" sizes=\"auto, (max-width: 556px) 100vw, 556px\" \/>L\u2019iniziativa dell\u2019associazione Cambiamenti<\/h5>\n<p class=\"p3\">L\u2019associazione Cambiamenti, attiva nel campo della solidariet\u00e0 sociale, ha promosso un progetto in memoria di Angelo Passini, gi\u00e0 vicepresidente Aiisf nazionale e Vicepresidente della stessa Cambiamenti.<\/p>\n<p class=\"p3\">Il progetto prevede la raccolta fondi a favore delle famiglie dei malati di SLA, attraverso la distribuzione del volume fotografico &#8216;L\u2019Anima dei pupi&#8217;. Le iniziative umanitarie saranno dedicate alla memoria di Angelo Passini.<\/p>\n<h5 class=\"p2\">L&#8217;opera fotografica &#8216;L\u2019Anima dei pupi&#8217;<\/h5>\n<p class=\"p3\"><img loading=\"lazy\" decoding=\"async\" class=\"wp-image-83864 alignleft\" src=\"https:\/\/www.fedaiisf.it\/wp-content\/uploads\/2025\/09\/anima-dei-lupi.png\" alt=\"\" width=\"225\" height=\"226\" srcset=\"https:\/\/www.fedaiisf.it\/wp-content\/uploads\/2025\/09\/anima-dei-lupi.png 808w, https:\/\/www.fedaiisf.it\/wp-content\/uploads\/2025\/09\/anima-dei-lupi-300x300.png 300w, https:\/\/www.fedaiisf.it\/wp-content\/uploads\/2025\/09\/anima-dei-lupi-150x150.png 150w, https:\/\/www.fedaiisf.it\/wp-content\/uploads\/2025\/09\/anima-dei-lupi-768x770.png 768w, https:\/\/www.fedaiisf.it\/wp-content\/uploads\/2025\/09\/anima-dei-lupi-12x12.png 12w\" sizes=\"auto, (max-width: 225px) 100vw, 225px\" \/>Il libro &#8216;L\u2019Anima dei pupi&#8217;, edito da Edizioni Museo Pasqualino, \u00e8 stato realizzato da Alessandro Ingoglia, informatore scientifico del farmaco, gi\u00e0 presidente AIISF TRAPANI e fotografo per passione.<\/p>\n<p class=\"p3\">Alla prefazione dello scrittore Fabio Stasi segue un racconto fotografico che esplora poeticamente l\u2019arte del puparo siciliano Salvatore Bumbello.<\/p>\n<p class=\"p3\">Attraverso immagini in bianco e nero e a colori, l\u2019autore indaga il legame affettivo tra il puparo e i suoi pupi, rievocando memorie personali legate alla propria infanzia e alla tradizione artigianale siciliana.<\/p>\n<p class=\"p3\">L\u2019opera ha ottenuto il patrocinio sia del Ministero della Cultura che della Regione Sicilia.<\/p>\n<p class=\"p4\"><i>Il Coordinatore Regionale Fedaiisf per la Sicilia<br \/>\n<\/i><i>Dott. Salvatore Messina<\/i><\/p>\n<p>&nbsp;<\/p>","protected":false},"excerpt":{"rendered":"<p>Desideriamo esprimere un sentito ringraziamento al Consiglio Direttivo AIISF Nazionale per la partecipazione al convegno regionale Fedaiisf tenutosi il 10 ottobre 2025 nell\u2019ambito della manifestazione fieristica di rilievo nazionale PharmEvolution. In particolare, si ringrazia per aver consegnato personalmente ai relatori l\u2019opera fotografica &#8216;L\u2019Anima dei pupi&#8216;, sostenendo, anche economicamente, l\u2019iniziativa promossa dall\u2019associazione Cambiamenti in memoria del &hellip;<\/p>","protected":false},"author":4,"featured_media":84594,"comment_status":"closed","ping_status":"closed","sticky":false,"template":"","format":"standard","meta":{"footnotes":""},"categories":[1],"tags":[45],"class_list":["post-84582","post","type-post","status-publish","format-standard","has-post-thumbnail","hentry","category-notizie","tag-fedaiisf"],"amp_enabled":true,"_links":{"self":[{"href":"https:\/\/www.fedaiisf.it\/en\/wp-json\/wp\/v2\/posts\/84582","targetHints":{"allow":["GET"]}}],"collection":[{"href":"https:\/\/www.fedaiisf.it\/en\/wp-json\/wp\/v2\/posts"}],"about":[{"href":"https:\/\/www.fedaiisf.it\/en\/wp-json\/wp\/v2\/types\/post"}],"author":[{"embeddable":true,"href":"https:\/\/www.fedaiisf.it\/en\/wp-json\/wp\/v2\/users\/4"}],"replies":[{"embeddable":true,"href":"https:\/\/www.fedaiisf.it\/en\/wp-json\/wp\/v2\/comments?post=84582"}],"version-history":[{"count":5,"href":"https:\/\/www.fedaiisf.it\/en\/wp-json\/wp\/v2\/posts\/84582\/revisions"}],"predecessor-version":[{"id":84595,"href":"https:\/\/www.fedaiisf.it\/en\/wp-json\/wp\/v2\/posts\/84582\/revisions\/84595"}],"wp:featuredmedia":[{"embeddable":true,"href":"https:\/\/www.fedaiisf.it\/en\/wp-json\/wp\/v2\/media\/84594"}],"wp:attachment":[{"href":"https:\/\/www.fedaiisf.it\/en\/wp-json\/wp\/v2\/media?parent=84582"}],"wp:term":[{"taxonomy":"category","embeddable":true,"href":"https:\/\/www.fedaiisf.it\/en\/wp-json\/wp\/v2\/categories?post=84582"},{"taxonomy":"post_tag","embeddable":true,"href":"https:\/\/www.fedaiisf.it\/en\/wp-json\/wp\/v2\/tags?post=84582"}],"curies":[{"name":"wp","href":"https:\/\/api.w.org\/{rel}","templated":true}]}}