{"id":84645,"date":"2025-10-29T19:06:57","date_gmt":"2025-10-29T18:06:57","guid":{"rendered":"https:\/\/www.fedaiisf.it\/?p=84645"},"modified":"2025-11-04T12:55:57","modified_gmt":"2025-11-04T11:55:57","slug":"piemonte-medico-di-medicina-generale-non-riceve-isf-per-non-essere-indotto-a-prescrivere-antibiotici-peccato-che-nessun-isf-parli-di-antibiotici","status":"publish","type":"post","link":"https:\/\/www.fedaiisf.it\/en\/piemonte-medico-di-medicina-generale-non-riceve-isf-per-non-essere-indotto-a-prescrivere-antibiotici-peccato-che-nessun-isf-parli-di-antibiotici\/","title":{"rendered":"Piemonte. Medico di medicina generale non riceve ISF per non essere indotto a prescrivere antibiotici! Peccato che nessun ISF parli di antibiotici."},"content":{"rendered":"<p>Su &#8220;La Stampa&#8221; di Torino del 29 ottobre compare un&#8217;intervista al Dr. Diego Pavesio della ASL Torino 5 dal titolo &#8220;<strong>Informatori farmaceutici e medicina difensiva alla base degli abusi<\/strong>&#8220;.<\/p>\n<p>In un passo dell&#8217;intervista il Dr. Pavesio a proposito della prescrizione di antibiotici dice che valuta i singoli casi e che la prescrizione &#8220;sia per terapia secondo linee guida e non per una forma di medicina difensiva&#8221;<\/p>\n<p><img loading=\"lazy\" decoding=\"async\" class=\"wp-image-84646 alignright\" src=\"https:\/\/www.fedaiisf.it\/wp-content\/uploads\/2025\/10\/La-Stampa-29.10.25.png\" alt=\"\" width=\"386\" height=\"282\" srcset=\"https:\/\/www.fedaiisf.it\/wp-content\/uploads\/2025\/10\/La-Stampa-29.10.25.png 1614w, https:\/\/www.fedaiisf.it\/wp-content\/uploads\/2025\/10\/La-Stampa-29.10.25-300x219.png 300w, https:\/\/www.fedaiisf.it\/wp-content\/uploads\/2025\/10\/La-Stampa-29.10.25-1024x749.png 1024w, https:\/\/www.fedaiisf.it\/wp-content\/uploads\/2025\/10\/La-Stampa-29.10.25-768x561.png 768w, https:\/\/www.fedaiisf.it\/wp-content\/uploads\/2025\/10\/La-Stampa-29.10.25-1536x1123.png 1536w, https:\/\/www.fedaiisf.it\/wp-content\/uploads\/2025\/10\/La-Stampa-29.10.25-16x12.png 16w\" sizes=\"auto, (max-width: 386px) 100vw, 386px\" \/>Medicina difensiva? chiede l&#8217;intervistatore<\/p>\n<p>\u00ab<em>S\u00ec. Tengo anche a precisare che sono uno dei pochissimi medici che non accetta le visite degli informatori farmaceutici. I quali, ovviamente, tendono a dare indicazioni per la prescrizione di antibiotici protetti da brevetto e che non hanno generico. Questo incide parecchio sulla spesa farmaceutica<\/em>\u00bb.<\/p>\n<p>Ha riscontri che in altri casi non accada? prosegue l&#8217;intervistatore<\/p>\n<p>\u00ab<em>Purtroppo noto che diversi specialisti privati subiscono questa influenza e prescrivono uno o due farmaci privi di relativo generico, con un costo di 35 euro a confezione contro i normali 3-4 di un antibiotico generico, che quasi sempre ha la stessa efficacia in quel quadro clinico<\/em>\u00bb.<\/p>\n<p>Meraviglioso! Non riceve gli ISF, Informatori Scientifici del Farmaco (non piacer\u00e0 ma cos\u00ec sono definiti dalla legge che ne regola l&#8217;attivit\u00e0), ma sa che se li ricevesse sarebbe indotto a prescrivere costosi antibiotici. Il Dottore evidentemente \u00e8 troppo modesto ritenendosi non in grado di resistere alle doti persuasive degli ISF. Peccato che difficilmente un ISF gli parler\u00e0 di antibiotici per il semplice motivo che \u00e8 un tipo di farmaco non remunerativo per le aziende farmaceutiche. &#8230; e di nuovi antibiotici ce ne sarebbe bisogno proprio per contrastare la resistenza batterica (quando presente).<\/p>\n<p>Comunque sappia il dottore che l<em>And<\/em> molecole ancora coperte da brevetto costituiscono solo il 7,2% dei consumi di antibiotici (AIFA).<\/p>\n<p>Difficilmente i nuovi antibiotici sono da usare come prima scelta e solo dopo trent&#8217;anni di vuoto si sta arrivando a una nuova classe di antibiotici. E il &#8220;vuoto&#8221; della ricerca \u00e8 dato proprio dalla mancanza di remunerazione. Il processo di ricerca e sviluppo di nuovi antibiotici \u00e8 impegnativo e scarsamente finanziato.<\/p>\n<p>Stia tranquillo, Dr. Pavesio, lei \u00e8 libero di ricevere, o non ricevere, chi vuole e nessuno attenter\u00e0 alla sua &#8220;purezza&#8221; prescrittiva.<\/p>\n<hr \/>\n<p>Note:<\/p>\n<p class=\"p1\"><em>Nel 2023 (dato pubblicato a <a href=\"https:\/\/www.aifa.gov.it\/documents\/20142\/2766777\/Rapporto_Antibiotici_2023.pdf\" target=\"_blank\" rel=\"noopener\">marzo 2025 da AIFA<\/a>) il consumo di antibiotici per uso sistemico in ambito di assistenza convenzionata \u00e8 stato pari a 15,3 DDD\/1000 abitanti die, con una spesa pro capite di 9,88 euro (circa 583 milioni di euro in termini assoluti). Entrambi i valori sono aumentati rispettivamente del 6,3% e del 7,0% rispetto all\u2019anno precedente, avvicinandosi a valori pre-pandemici. <\/em><\/p>\n<p class=\"p1\"><em>A livello regionale si osserva un\u2019importante variabilit\u00e0: nelle Regioni del Sud il consumo \u00e8 superiore del 52,2% rispetto a quelle del Nord (18,9 vs 12,4 DDD) e del 15,5% rispetto al Centro (16,4 DDD). Le regioni del Nord hanno per\u00f2 registrato aumenti pi\u00f9 marcati sia nella spesa (+9,2%) sia nei consumi (+9,7%). L\u2019uso inappropriato di antibiotici risulta ancora elevato rispetto alla media dei paesi europei. Le categorie a maggior spesa sono state: penicilline associate a inibitori delle beta-lattamasi (3,79 euro pro capite), <img loading=\"lazy\" decoding=\"async\" class=\"wp-image-80498 alignleft\" src=\"https:\/\/www.fedaiisf.it\/wp-content\/uploads\/2025\/03\/Titolo-uso-antibiotici-2023.png\" alt=\"\" width=\"259\" height=\"166\" srcset=\"https:\/\/www.fedaiisf.it\/wp-content\/uploads\/2025\/03\/Titolo-uso-antibiotici-2023.png 1385w, https:\/\/www.fedaiisf.it\/wp-content\/uploads\/2025\/03\/Titolo-uso-antibiotici-2023-300x192.png 300w, https:\/\/www.fedaiisf.it\/wp-content\/uploads\/2025\/03\/Titolo-uso-antibiotici-2023-1024x655.png 1024w, https:\/\/www.fedaiisf.it\/wp-content\/uploads\/2025\/03\/Titolo-uso-antibiotici-2023-768x491.png 768w, https:\/\/www.fedaiisf.it\/wp-content\/uploads\/2025\/03\/Titolo-uso-antibiotici-2023-18x12.png 18w\" sizes=\"auto, (max-width: 259px) 100vw, 259px\" \/>cefalosporine di terza generazione (3,37 euro), macrolidi e fluorochinoloni (1,46 e 1,22 euro, rispettivamente).\u00a0<\/em><\/p>\n<p class=\"p1\"><em>Nel 2023 gli antibiotici a brevetto scaduto, comprendenti sia gli ex-originator (branded) sia i farmaci equivalenti, hanno rappresentato il 92,8% dei consumi in regime di assistenza convenzionata; in particolare il 24,7% era rappresentato da antibiotici equivalenti (unbranded) e 68,1% da ex-originator. Le molecole ancora coperte da brevetto costituiscono il restante 7,2% dei consumi. I dati evidenziano un maggior utilizzo di equivalenti al Nord (33,9%) rispetto al Centro (24,3%) e al Sud (16,2%), con valori massimi del 39,9% nella PA di Trento e pi\u00f9 bassi nel Lazio (13,5%). <\/em><\/p>\n<p class=\"p1\"><em>La spesa pro capite in ambito ospedaliero rappresenta poco meno di un quarto della spesa totale degli antibiotici per uso sistemico (22,1%). DDD\/1000 abitanti die: numero medio di dosi di farmaco consumate giornalmente da 1000 abitanti. DDD (o dosi) per utilizzatore: \u00e8 un indicatore del numero medio di giorni di terapia. \u00c8 calcolato come rapporto tra il totale delle DDD consumate e il totale dei soggetti che hanno ricevuto almeno una prescrizione durante un periodo di tempo (utilizzatori nel periodo).<\/em><\/p>\n<p><em>(Source: <a href=\"https:\/\/www.aifa.gov.it\/documents\/20142\/2766777\/Rapporto_Antibiotici_2023.pdf\" target=\"_blank\" rel=\"noopener\">Uso degli Antibiotici in Italia. Report AIFA<\/a>)<\/em><\/p>\n<p>&nbsp;<\/p>","protected":false},"excerpt":{"rendered":"<p>Su &#8220;La Stampa&#8221; di Torino del 29 ottobre compare un&#8217;intervista al Dr. Diego Pavesio della ASL Torino 5 dal titolo &#8220;Informatori farmaceutici e medicina difensiva alla base degli abusi&#8220;. In un passo dell&#8217;intervista il Dr. Pavesio a proposito della prescrizione di antibiotici dice che valuta i singoli casi e che la prescrizione &#8220;sia per terapia &hellip;<\/p>","protected":false},"author":4,"featured_media":23800,"comment_status":"closed","ping_status":"closed","sticky":false,"template":"","format":"standard","meta":{"footnotes":""},"categories":[16],"tags":[21,26],"class_list":["post-84645","post","type-post","status-publish","format-standard","has-post-thumbnail","hentry","category-primo-piano","tag-informatori-scientifici","tag-spesa-farmaceutica"],"amp_enabled":true,"_links":{"self":[{"href":"https:\/\/www.fedaiisf.it\/en\/wp-json\/wp\/v2\/posts\/84645","targetHints":{"allow":["GET"]}}],"collection":[{"href":"https:\/\/www.fedaiisf.it\/en\/wp-json\/wp\/v2\/posts"}],"about":[{"href":"https:\/\/www.fedaiisf.it\/en\/wp-json\/wp\/v2\/types\/post"}],"author":[{"embeddable":true,"href":"https:\/\/www.fedaiisf.it\/en\/wp-json\/wp\/v2\/users\/4"}],"replies":[{"embeddable":true,"href":"https:\/\/www.fedaiisf.it\/en\/wp-json\/wp\/v2\/comments?post=84645"}],"version-history":[{"count":6,"href":"https:\/\/www.fedaiisf.it\/en\/wp-json\/wp\/v2\/posts\/84645\/revisions"}],"predecessor-version":[{"id":84652,"href":"https:\/\/www.fedaiisf.it\/en\/wp-json\/wp\/v2\/posts\/84645\/revisions\/84652"}],"wp:featuredmedia":[{"embeddable":true,"href":"https:\/\/www.fedaiisf.it\/en\/wp-json\/wp\/v2\/media\/23800"}],"wp:attachment":[{"href":"https:\/\/www.fedaiisf.it\/en\/wp-json\/wp\/v2\/media?parent=84645"}],"wp:term":[{"taxonomy":"category","embeddable":true,"href":"https:\/\/www.fedaiisf.it\/en\/wp-json\/wp\/v2\/categories?post=84645"},{"taxonomy":"post_tag","embeddable":true,"href":"https:\/\/www.fedaiisf.it\/en\/wp-json\/wp\/v2\/tags?post=84645"}],"curies":[{"name":"wp","href":"https:\/\/api.w.org\/{rel}","templated":true}]}}