{"id":8487,"date":"2015-02-27T14:05:18","date_gmt":"2015-02-27T13:05:18","guid":{"rendered":"http:\/\/www.fedaiisf.it\/?p=8487"},"modified":"2015-02-27T19:13:53","modified_gmt":"2015-02-27T18:13:53","slug":"fonchim-fondi-pensione-negoziali-contro-ddl-concorrenza","status":"publish","type":"post","link":"https:\/\/www.fedaiisf.it\/en\/fonchim-fondi-pensione-negoziali-contro-ddl-concorrenza\/","title":{"rendered":"Fonchim. Negotiated pension funds against the competition law"},"content":{"rendered":"<p>The world of trade unions and category sectors in revolt over the government&#039;s proposals on portability. The presidents of Cometa and Fonchim: it is an unfair rivalry.<\/p>\n<p><a href=\"http:\/\/www.morningstar.it\/it\/news\/134962\/fondi-pensione-negoziali-contro-ddl-concorrenza.aspx\" target=\"_blank\" rel=\"noopener\">Valerio Baselli 02\/27\/2015 | MORNINGSTAR<\/a><\/p>\n<p>\u201cAfter the blows that came from the Stability Law (<a href=\"http:\/\/www.fedaiisf.it\/en\/legge-di-stabilita-aumentano-le-tasse-su-pensioni-e-tfr\/\" target=\"_blank\">plus taxes and severance in payroll<\/a>,\u00a0<em>Ed<\/em>), here is another blow to supplementary pensions\u201d. To say it is Anna Trov\u00f2, ex Cisl now president of the Cometa fund (dedicated to metalworkers and related workers; 416,000 members and 8.1 billion euros under management at the end of 2013).<\/p>\n<p><img loading=\"lazy\" decoding=\"async\" class=\"alignleft\" alt=\"\" src=\"http:\/\/www.adnkronos.com\/rf\/image_size_400x300\/Pub\/AdnKronos\/Assets\/Immagini\/Redazionale\/lavoro\/Personaggi\/ortolani_fonchim.jpg\" width=\"334\" height=\"250\" \/>\u201cThe proposals on the table leave me perplexed. I&#039;m not against competition, but these rules introduce an unfair rivalry,\u201d she echoes <strong>Fabio Ortolani<\/strong>, president of <a href=\"http:\/\/www.fonchim.it\/index.php?lang=it\" target=\"_blank\" rel=\"noopener\"><strong>Fonchim<\/strong><\/a> (negotiated pension fund for workers in the chemical and pharmaceutical industry, with 147,000 members and 4.3 billion euros under management at the end of 2013).<\/p>\n<p>The subject of discussion is the <a href=\"http:\/\/www.governo.it\/backoffice\/allegati\/77929-10028.pdf\" target=\"_blank\" rel=\"noopener\">Competition bill<\/a> approved on 21 February by the Council of Ministers, which, among other things, introduces the full right of portability for workers (art. 15) of their pension contributions, eliminating the possibility for national employment contracts to include constraints and conditions also in relation to the employer&#039;s share. The obligation for the fund to find subscribers only within the reference professional category has also been removed.<\/p>\n<p><strong>For now only offers<\/strong><br \/>\nIt must be said that, since it is a draft law, it will have to be approved by Parliament following a legislative process that is also quite long.<\/p>\n<p>\u201cI hope that whoever promoted these innovations will reflect on the consequences and retrace their steps\u201d, continues Trov\u00f2. &quot;This bill is wrong and contradictory, because it seeks to treat profoundly different instruments in the same way, such as trade funds and PIPs, and above all it nullifies the power and contractual will of the social partners&quot;. In essence, the accusation that comes from the world of negotiating funds and trade unions and that these proposals serve the interests of banks and insurance companies, rather than workers.<\/p>\n<p><strong><img loading=\"lazy\" decoding=\"async\" class=\"alignright\" alt=\"Risultati immagini per fabio ortolani fonchim\" src=\"https:\/\/encrypted-tbn1.gstatic.com\/images?q=tbn:ANd9GcR4wtFSl5T0Hm9JjCXQwofGTvTgEOpMjJgAT3yNQ05H6R6fiW2M\" width=\"267\" height=\"189\" \/>An army of PF ready to go?<\/strong><br \/>\nThe most discussed point is undoubtedly the portability of the employer&#039;s contribution. \u201cThe contribution is a voluntary act that derives from the negotiation between the employer and the union, and which is therefore based on precise conditions also for managing the fund; with this law the employer would be obliged to give it regardless, thus undermining the role of collective bargaining\u201d, comments Ortolani. The danger for category funds is not in their convenience, given that they generally have lower costs as they are not for profit; the danger is a possible haemorrhage of subscribers to types of instruments offered by banks and insurance companies that can count on strong marketing levers and a dense network of operators. &quot;If this rule is approved, the race for financial advisors will start, not towards those who do not have a spare pension today, but paradoxically towards those who already have one and can count on employer contributions&quot;.<\/p>\n<p>But isn&#039;t having more choice good for workers? \u201cYes, but before liberalizing it is necessary to give workers the tools to understand and inform themselves and this has never been done. Today the ability to choose is not widespread\u201d, replies Trov\u00f2.<\/p>\n<p><strong>Better to refer to a specific category<\/strong><br \/>\nThe elimination of the constraint on negotiating funds to find members only within certain categories of workers also does not seem to excite the industry. \u201cIt is more useful for us to have a defined reference population, it creates less confusion and makes the negotiation clearer\u201d, says Trov\u00f2. \u201cIn Italy there is the case of a sector to which different categories of workers belong, the Fondo Solidariet\u00e0 Veneto, but in this case there are separate sections\u201d, explains Ortolani. &quot;Then it might make sense, otherwise it wouldn&#039;t.&quot;<\/p>\n<p>\u2013 See more at: <a href=\"http:\/\/www.morningstar.it\/it\/news\/134962\/fondi-pensione-negoziali-contro-ddl-concorrenza.aspx#sthash.LhrAkrDF.dpuf\" target=\"_blank\" rel=\"noopener\">http:\/\/www.morningstar.it\/it\/news\/134962\/fondi-pensione-negoziali-contro-ddl-concorrenza.aspx#sthash.LhrAkrDF.dpuf<\/a><\/p>\n<p>Related news: <a href=\"http:\/\/www.fedaiisf.it\/en\/stabilita-governo-aumenta-tasse-sui-fondi-pensione\/\" target=\"_blank\">Stability, the Government raises taxes on pension funds<\/a><\/p>","protected":false},"excerpt":{"rendered":"<p>Il mondo sindacale e dei comparti di categoria in rivolta per le proposte del governo sulla portabilit\u00e0. I presidenti di Cometa e Fonchim: \u00e8 rivalit\u00e0 sleale. Valerio Baselli\u00a027\/02\/2015 | MORNINGSTAR \u201cDopo le batoste arrivate dalla Legge di Stabilit\u00e0 (pi\u00f9 tasse e Tfr in busta paga,\u00a0Ndr) , ecco un altro duro colpo alla previdenza complementare\u201d. A &hellip;<\/p>","protected":false},"author":4,"featured_media":8492,"comment_status":"closed","ping_status":"closed","sticky":false,"template":"","format":"standard","meta":{"footnotes":""},"categories":[1],"tags":[82],"class_list":["post-8487","post","type-post","status-publish","format-standard","has-post-thumbnail","hentry","category-notizie","tag-fonchimfaschim"],"amp_enabled":true,"_links":{"self":[{"href":"https:\/\/www.fedaiisf.it\/en\/wp-json\/wp\/v2\/posts\/8487","targetHints":{"allow":["GET"]}}],"collection":[{"href":"https:\/\/www.fedaiisf.it\/en\/wp-json\/wp\/v2\/posts"}],"about":[{"href":"https:\/\/www.fedaiisf.it\/en\/wp-json\/wp\/v2\/types\/post"}],"author":[{"embeddable":true,"href":"https:\/\/www.fedaiisf.it\/en\/wp-json\/wp\/v2\/users\/4"}],"replies":[{"embeddable":true,"href":"https:\/\/www.fedaiisf.it\/en\/wp-json\/wp\/v2\/comments?post=8487"}],"version-history":[{"count":0,"href":"https:\/\/www.fedaiisf.it\/en\/wp-json\/wp\/v2\/posts\/8487\/revisions"}],"wp:featuredmedia":[{"embeddable":true,"href":"https:\/\/www.fedaiisf.it\/en\/wp-json\/wp\/v2\/media\/8492"}],"wp:attachment":[{"href":"https:\/\/www.fedaiisf.it\/en\/wp-json\/wp\/v2\/media?parent=8487"}],"wp:term":[{"taxonomy":"category","embeddable":true,"href":"https:\/\/www.fedaiisf.it\/en\/wp-json\/wp\/v2\/categories?post=8487"},{"taxonomy":"post_tag","embeddable":true,"href":"https:\/\/www.fedaiisf.it\/en\/wp-json\/wp\/v2\/tags?post=8487"}],"curies":[{"name":"wp","href":"https:\/\/api.w.org\/{rel}","templated":true}]}}