{"id":84895,"date":"2025-11-14T06:50:16","date_gmt":"2025-11-14T05:50:16","guid":{"rendered":"https:\/\/www.fedaiisf.it\/?p=84895"},"modified":"2025-11-13T19:27:44","modified_gmt":"2025-11-13T18:27:44","slug":"poverta-farmaceutica-in-lombardia-una-legge-regionale-per-contrastarla","status":"publish","type":"post","link":"https:\/\/www.fedaiisf.it\/en\/poverta-farmaceutica-in-lombardia-una-legge-regionale-per-contrastarla\/","title":{"rendered":"Povert\u00e0 farmaceutica. In Lombardia una legge regionale per contrastarla"},"content":{"rendered":"<h3 class=\"w-post-elm post_title entry-title color_link_inherit\">In Lombardia verso una legge contro la povert\u00e0 farmaceutica<\/h3>\n<p><a href=\"https:\/\/myvalley.it\/2025\/11\/in-lombardia-verso-una-legge-contro-la-poverta-farmaceutica\/\" target=\"_blank\" rel=\"noopener\">My Valley &#8211; 13 novembre 2025<\/a><\/p>\n<p>Recuperare i farmaci inutilizzati o invenduti per destinarli, secondo standard di sicurezza e tracciabilit\u00e0, a chi non pu\u00f2 permetterseli: \u00e8 questo l\u2019obiettivo del progetto di legge per contrastare la povert\u00e0 farmaceutica\u00a0approvato oggi a maggioranza (con la sola astensione del Movimento 5 Stelle) dalle Commissioni Sanit\u00e0\u00a0e\u00a0Sostenibilit\u00e0 Sociale del Consiglio regionale, riunite in seduta congiunta.<\/p>\n<p><img loading=\"lazy\" decoding=\"async\" class=\"size-full wp-image-84897 alignright\" src=\"https:\/\/www.fedaiisf.it\/wp-content\/uploads\/2025\/11\/Garavaglia-Lombardia.png\" alt=\"\" width=\"304\" height=\"179\" srcset=\"https:\/\/www.fedaiisf.it\/wp-content\/uploads\/2025\/11\/Garavaglia-Lombardia.png 304w, https:\/\/www.fedaiisf.it\/wp-content\/uploads\/2025\/11\/Garavaglia-Lombardia-300x177.png 300w, https:\/\/www.fedaiisf.it\/wp-content\/uploads\/2025\/11\/Garavaglia-Lombardia-18x12.png 18w\" sizes=\"auto, (max-width: 304px) 100vw, 304px\" \/>\u00abIl voto di oggi\u00a0\u2013 ha sottolineato Christian Garavaglia\u00a0(Fratelli d\u2019Italia), promotore del provvedimento \u2013\u00a0rappresenta un passo concreto in avanti per chi ogni giorno deve scegliere se curarsi o rinunciare a un farmaco. Con questa legge la Lombardia diventa la prima Regione a dare un quadro normativo chiaro al recupero e alla donazione dei medicinali, trasformando il recupero dei farmaci invenduti o inutilizzati da problema di smaltimento a risorsa per i pi\u00f9 fragili. \u00c8 un modo intelligente per trasformare ci\u00f2 che era spreco in un gesto di cura e solidariet\u00e0. Un piccolo atto, ma di grande valore umano e sociale\u00bb.<\/p>\n<p>La proposta di legge (n. 120) si basa su due misure con l\u2019obiettivo di sviluppare un sistema efficiente ed efficace di contrasto alla povert\u00e0 sanitaria e di limitazione degli sprechi farmaceutici che hanno un impatto negativo sull\u2019ambiente ed elevati costi per lo smaltimento.<\/p>\n<p>La prima azione\u00a0consiste nell\u2019attivazione di una\u00a0fase transitoria e sperimentale, della durata di un anno, attraverso un programma di interventi proposto da Banco Farmaceutico. Durante questa prima fase saranno definiti modelli di intervento in grado di sostenere l\u2019attivit\u00e0 di tutti gli enti che si occupano di raccolta, recupero e distribuzione di farmaci. I dati e le informazioni ottenute durante la fase sperimentale costituiranno un data set informativo\u00a0utile per la definizione e il potenziamento della rete di raccolta e recupero farmaci.<\/p>\n<p>La seconda misura\u00a0prevede l\u2019istituzione di un\u00a0Osservatorio regionale sulla povert\u00e0 sanitaria\u00a0che svolger\u00e0 attivit\u00e0 di monitoraggio\u00a0delle eccedenze e degli sprechi farmaceutici e fornir\u00e0 dati e informazioni\u00a0sullo stato della povert\u00e0 sanitaria in Lombardia attraverso un report\u00a0annuale. Il\u00a0controllo sulle modalit\u00e0 di recupero, restituzione e donazione\u00a0delle confezioni di medicinali sar\u00e0 affidato alle Agenzie di tutela della salute.<\/p>\n<p><img loading=\"lazy\" decoding=\"async\" class=\"wp-image-84898 alignleft\" src=\"https:\/\/www.fedaiisf.it\/wp-content\/uploads\/2025\/11\/poverta-farmaceutica.png\" alt=\"\" width=\"343\" height=\"294\" srcset=\"https:\/\/www.fedaiisf.it\/wp-content\/uploads\/2025\/11\/poverta-farmaceutica.png 487w, https:\/\/www.fedaiisf.it\/wp-content\/uploads\/2025\/11\/poverta-farmaceutica-300x257.png 300w, https:\/\/www.fedaiisf.it\/wp-content\/uploads\/2025\/11\/poverta-farmaceutica-14x12.png 14w\" sizes=\"auto, (max-width: 343px) 100vw, 343px\" \/>\u00abAbbiamo dato forma a un testo innovativo che nasce dall\u2019ascolto del territorio e dal confronto con il Terzo Settore\u00a0\u2013 ha precisato la presidente della Commissione Sanit\u00e0 Patrizia Baffi\u00a0(Fratelli d\u2019Italia) -.\u00a0Oggi con la votazione in Commissione si compie un passo decisivo verso una legge capace di rendere stabile e organizzata la solidariet\u00e0 sanitaria. \u00c8 una scelta che unisce concretezza e attenzione verso i pi\u00f9 deboli e i pi\u00f9 fragili, coerente con la tradizione lombarda di efficienza e umanit\u00e0\u00bb.<\/p>\n<p>Il presidente della Commissione Sostenibilit\u00e0 Sociale Emanuele Monti\u00a0(Lega) ha evidenziato come il provvedimento sia \u00abun esempio di coesione sociale che favorisce percorsi solidariet\u00e0 all\u2019interno delle comunit\u00e0 e di valorizzazione del terzo settore lombardo\u00bb.<\/p>\n<p>Il testo, composto da otto articoli, prevede inoltre il sostegno agli\u00a0enti del Terzo settore, con contributi economici e strumenti di coprogettazione; la valorizzazione delle reti territoriali\u00a0tra farmacie, industrie farmaceutiche, enti assistenziali e volontari; campagne informative\u00a0e\u00a0giornate regionali di raccolta del farmaco; l\u2019empowerment delle strutture assistenziali attraverso un pi\u00f9 efficace approvvigionamento dei farmaci da donare ai fragili e un sistema di recupero, raccolta e consegna dei farmaci informatizzato.<\/p>\n<p>L\u2019investimento nel 2026 \u00e8 di 200 mila euro, con possibilit\u00e0 di incremento negli anni successivi sulla base delle risorse che saranno individuate in sede di Bilancio.<\/p>\n<p>Nel 2010, la percentuale di persone che in Lombardia si trovava in stato di povert\u00e0\u00a0relativa\u00a0ammontava al 2,6%, mentre nel 2025 ha raggiunto il 5,9%, oltre il doppio, ovvero a\u00a0580 mila persone. Sono, invece,\u00a0820 mila\u00a0i lombardi che si trovano in uno stato di\u00a0povert\u00e0 assoluta.<\/p>\n<p>In questo contesto sono sempre di pi\u00f9 le famiglie lombarde, anche quelle con un reddito, che non riescono a sostenere le spese per cure e medicinali: \u00e8 il fenomeno dei cosiddetti working poor, ovvero di coloro che, nonostante abbiano un lavoro, rischiano la povert\u00e0 a causa della situazione economica familiare e che contengono la spesa sanitaria limitando il numero di visite e accertamenti o rinviando e rinunciando a una parte delle cure necessarie.<\/p>\n<p><img loading=\"lazy\" decoding=\"async\" class=\"wp-image-39429 alignright\" src=\"https:\/\/www.fedaiisf.it\/wp-content\/uploads\/2018\/11\/Banco-farmaceutico.png\" alt=\"\" width=\"372\" height=\"126\" srcset=\"https:\/\/www.fedaiisf.it\/wp-content\/uploads\/2018\/11\/Banco-farmaceutico.png 1035w, https:\/\/www.fedaiisf.it\/wp-content\/uploads\/2018\/11\/Banco-farmaceutico-300x101.png 300w, https:\/\/www.fedaiisf.it\/wp-content\/uploads\/2018\/11\/Banco-farmaceutico-1024x346.png 1024w, https:\/\/www.fedaiisf.it\/wp-content\/uploads\/2018\/11\/Banco-farmaceutico-768x260.png 768w\" sizes=\"auto, (max-width: 372px) 100vw, 372px\" \/>Nel 2024 nella nostra regione 463.176 persone\u00a0(7 ogni 1.000 residenti) hanno dovuto chiedere aiuto a enti e associazioni per ricevere farmaci gratuitamente con un aumento dell\u20198,43%\u00a0rispetto al 2023 quando erano 427.177<\/p>\n<p>In Lombardia, nel 2022,401 enti convenzionati con Banco Farmaceutico hanno assistito quasi 89 mila persone, richiedendo oltre 196 mila farmaci. Nella sola \u201cGiornata di Raccolta del Farmaco\u201d dell\u2019anno scorso sono state donate144.046 confezioni, per un valore di 1,3 milioni di euro, sufficienti a curare oltre109 mila persone supportate da 443 realt\u00e0 del territorio.<\/p>\n<p>Il progetto di legge (\u201cDisposizioni regionali per il contrasto alla povert\u00e0 sanitaria e la promozione e il sostegno delle attivit\u00e0 solidali di recupero e donazione di medicinali e altri prodotti farmaceutici invenduti o inutilizzati\u201d) approder\u00e0 in Aula per il dibattito e la votazione finale marted\u00ec 25 novembre.<\/p>\n<p><a href=\"https:\/\/www.consiglio.regione.lombardia.it\/wps\/RLCRLServiceIntegrator\/jsp\/gea\/AllegatoGEA.jsp?url=\/d\/a\/workspace\/SpacesStore\/49503c2d-c153-4611-9ef5-4f5006e5aa9d\/PDL%20120.pdf\" target=\"_blank\" rel=\"noopener\"><span style=\"font-size: 14pt;\"><strong>PDL 120<\/strong><\/span><\/a><span class=\"font-weight-600 generali-oggetto-label\">\u00a0<em>Object: <\/em><\/span><em><span class=\"generali-oggetto\">&#8220;Disposizioni regionali per il contrasto alla povert\u00e0 sanitaria e la promozione e il sostegno delle attivit\u00e0 solidali di recupero e donazione di medicinali e altri prodotti farmaceutici invenduti o inutilizzati&#8221;<\/span><\/em><\/p>\n<p>&nbsp;<\/p>","protected":false},"excerpt":{"rendered":"<p>In Lombardia verso una legge contro la povert\u00e0 farmaceutica My Valley &#8211; 13 novembre 2025 Recuperare i farmaci inutilizzati o invenduti per destinarli, secondo standard di sicurezza e tracciabilit\u00e0, a chi non pu\u00f2 permetterseli: \u00e8 questo l\u2019obiettivo del progetto di legge per contrastare la povert\u00e0 farmaceutica\u00a0approvato oggi a maggioranza (con la sola astensione del Movimento &hellip;<\/p>","protected":false},"author":4,"featured_media":79321,"comment_status":"closed","ping_status":"closed","sticky":false,"template":"","format":"standard","meta":{"footnotes":""},"categories":[1],"tags":[41,29],"class_list":["post-84895","post","type-post","status-publish","format-standard","has-post-thumbnail","hentry","category-notizie","tag-leggisentenze","tag-prezzo-farmaci"],"amp_enabled":true,"_links":{"self":[{"href":"https:\/\/www.fedaiisf.it\/en\/wp-json\/wp\/v2\/posts\/84895","targetHints":{"allow":["GET"]}}],"collection":[{"href":"https:\/\/www.fedaiisf.it\/en\/wp-json\/wp\/v2\/posts"}],"about":[{"href":"https:\/\/www.fedaiisf.it\/en\/wp-json\/wp\/v2\/types\/post"}],"author":[{"embeddable":true,"href":"https:\/\/www.fedaiisf.it\/en\/wp-json\/wp\/v2\/users\/4"}],"replies":[{"embeddable":true,"href":"https:\/\/www.fedaiisf.it\/en\/wp-json\/wp\/v2\/comments?post=84895"}],"version-history":[{"count":4,"href":"https:\/\/www.fedaiisf.it\/en\/wp-json\/wp\/v2\/posts\/84895\/revisions"}],"predecessor-version":[{"id":84902,"href":"https:\/\/www.fedaiisf.it\/en\/wp-json\/wp\/v2\/posts\/84895\/revisions\/84902"}],"wp:featuredmedia":[{"embeddable":true,"href":"https:\/\/www.fedaiisf.it\/en\/wp-json\/wp\/v2\/media\/79321"}],"wp:attachment":[{"href":"https:\/\/www.fedaiisf.it\/en\/wp-json\/wp\/v2\/media?parent=84895"}],"wp:term":[{"taxonomy":"category","embeddable":true,"href":"https:\/\/www.fedaiisf.it\/en\/wp-json\/wp\/v2\/categories?post=84895"},{"taxonomy":"post_tag","embeddable":true,"href":"https:\/\/www.fedaiisf.it\/en\/wp-json\/wp\/v2\/tags?post=84895"}],"curies":[{"name":"wp","href":"https:\/\/api.w.org\/{rel}","templated":true}]}}