{"id":84954,"date":"2025-11-19T10:59:58","date_gmt":"2025-11-19T09:59:58","guid":{"rendered":"https:\/\/www.fedaiisf.it\/?p=84954"},"modified":"2025-11-19T11:27:59","modified_gmt":"2025-11-19T10:27:59","slug":"giornata-europea-degli-antibiotici","status":"publish","type":"post","link":"https:\/\/www.fedaiisf.it\/en\/giornata-europea-degli-antibiotici\/","title":{"rendered":"Giornata Europea degli Antibiotici."},"content":{"rendered":"<p><strong><span style=\"font-size: 14pt;\">Una iniziativa europea<\/span><\/strong><\/p>\n<p>Necessarie azioni pi\u00f9 incisive e rapide per contrastare il fenomeno globale dell\u2019antimicrobico-resistenza.<\/p>\n<ul>\n<li><em><img loading=\"lazy\" decoding=\"async\" class=\"size-full wp-image-84956 alignright\" src=\"https:\/\/www.fedaiisf.it\/wp-content\/uploads\/2025\/11\/antibiotici-approvato-in-15-anni.png\" alt=\"\" width=\"292\" height=\"207\" srcset=\"https:\/\/www.fedaiisf.it\/wp-content\/uploads\/2025\/11\/antibiotici-approvato-in-15-anni.png 292w, https:\/\/www.fedaiisf.it\/wp-content\/uploads\/2025\/11\/antibiotici-approvato-in-15-anni-18x12.png 18w\" sizes=\"auto, (max-width: 292px) 100vw, 292px\" \/>Europa e Italia ancora lontani dagli obiettivi 2030 per la riduzione dei consumi e il contenimento delle resistenze<\/em><\/li>\n<li><em>In Europa un\u2019infezione ospedaliera su 3 \u00e8 multiresistente, riducendo le opzioni terapeutiche a disposizione di medici e pazienti<\/em><\/li>\n<li><em>Resta elevato il consumo in Italia, +10% rispetto alla media europea nel 2024, e si utilizzano pi\u00f9 antibiotici ad ampio spettro e di ultima linea (\u201cReserve\u201d)<\/em><\/li>\n<li><em>Le Regioni del Sud mantengono il primo posto per consumi, rispetto al Centro e al Nord, nonostante una riduzione del 5,1% nel 2024<\/em><\/li>\n<li><em>Nel 2025 nove antibiotici attivi contro le infezioni multiresistenti inseriti nel Fondo dei farmaci innovativi<\/em><\/li>\n<li><em>Il 18 novembre AIFA accende un faro sull\u2019antibiotico-resistenza. La sede si illumina di blu<\/em><\/li>\n<\/ul>\n<p>Ogni anno nell&#8217;Unione Europea oltre 35.000 persone muoiono a causa di infezioni provocate da microrganismi resistenti agli antimicrobici, un numero superiore alla somma dei decessi per influenza, tubercolosi e HIV\/AIDS.<\/p>\n<p>Sono 4,3 milioni l\u2019anno i pazienti, nell&#8217;UE\/Spazio Economico Europeo (SEE), che contraggono almeno un&#8217;infezione correlata all&#8217;assistenza sanitaria durante la degenza in ospedale, ogni giorno un paziente <img loading=\"lazy\" decoding=\"async\" class=\"size-full wp-image-84957 alignleft\" src=\"https:\/\/www.fedaiisf.it\/wp-content\/uploads\/2025\/11\/resistenza-1-su-5.png\" alt=\"\" width=\"276\" height=\"168\" srcset=\"https:\/\/www.fedaiisf.it\/wp-content\/uploads\/2025\/11\/resistenza-1-su-5.png 276w, https:\/\/www.fedaiisf.it\/wp-content\/uploads\/2025\/11\/resistenza-1-su-5-18x12.png 18w\" sizes=\"auto, (max-width: 276px) 100vw, 276px\" \/>ricoverato su 14. Molte di queste infezioni sono sempre pi\u00f9 difficili da curare: 1 microrganismo su 3 \u00e8 ormai resistente a importanti antibiotici, limitando cos\u00ec le opzioni di trattamento.<\/p>\n<p>Inoltre, il 3% dei residenti nelle strutture di assistenza a lungo termine nell&#8217;UE\/SEE va incontro ad almeno un&#8217;infezione legata all&#8217;assistenza sanitaria. Questi i dati del Centro europeo per la prevenzione e il controllo delle malattie (ECDC), pubblicati oggi in occasione della Giornata europea per l&#8217;uso consapevole degli antibiotici 2025.<\/p>\n<p>Per richiamare l\u2019attenzione e sensibilizzare sull\u2019antibiotico-resistenza, il 18 novembre la sede dell\u2019Agenzia italiana del farmaco si illumina di blu.<\/p>\n<p><em>Leggi il comunicato integrale con i dati ECDC e OsMed e le iniziative AIFA contro l&#8217;antimicrobico-resistenza.<\/em><\/p>\n<p><a href=\"https:\/\/www.aifa.gov.it\/documents\/20142\/0\/Comunicato_AIFA_52-2025.pdf\" target=\"_blank\" rel=\"noopener\"><small>AIFA -Pubblicato il: 18 novembre 2025<\/small><\/a><\/p>\n<p>Related news:<a href=\"https:\/\/www.ecdc.europa.eu\/en\/news-events\/time-act-and-not-react-how-can-european-union-turn-tide-antimicrobial-resistance\" target=\"_blank\" rel=\"noopener\"> ECDC. Time to act and not react: how can the European Union turn the tide of antimicrobial resistance?<\/a><\/p>\n<p class=\"h1\"><a href=\"https:\/\/www.ecdc.europa.eu\/en\/publications-data\/antimicrobial-resistance-eueea-ears-net-annual-epidemiological-report-2024\" target=\"_blank\" rel=\"noopener\">Antimicrobial resistance in the EU\/EEA (EARS-Net) &#8211; Annual Epidemiological Report for 2024<\/a><\/p>\n<p><a href=\"https:\/\/www.ema.europa.eu\/en\/news\/improved-scientific-advice-medicines-public-health-threats-including-antimicrobial-resistance\" target=\"_blank\" rel=\"noopener\">EMA. Improved scientific advice for medicines for public health threats including antimicrobial resistance<\/a><\/p>\n<p>AIFA \u201c<a id=\"\" class=\"\" title=\"Link esterno su nuova finestra\" href=\"https:\/\/www.aifa.gov.it\/documents\/20142\/2766777\/Rapporto_Antibiotici_2023.pdf\" target=\"_blank\" rel=\"noopener\" aria-label=\"L\u2019uso degli antibiotici in Italia - Rapporto Nazionale anno 2023 - Sito esterno - Apertura in una nuova finestra\">L\u2019uso degli antibiotici in Italia &#8211; Rapporto Nazionale anno 2023<\/a>\u201d pubblicato a marzo 2025<\/p>\n<p><a href=\"https:\/\/www.salute.gov.it\/new\/it\/news-e-media\/notizie\/settimana-mondiale-2025-sulluso-consapevole-degli-antibiotici\/\" target=\"_blank\" rel=\"noopener\">Ministero della Salute. Settimana mondiale 2025 sull\u2019uso consapevole degli antibiotici<\/a><\/p>\n<p><a href=\"https:\/\/www.epicentro.iss.it\/antibiotico-resistenza\/\" target=\"_blank\" rel=\"noopener\">ISS. Antibioticoresistenza<\/a><\/p>\n<p><a href=\"https:\/\/www.pharmastar.it\/news\/\/infettivologia\/una-infezione-su-sei-resiste-agli-antibiotici-nuova-combinazione-apre-a-svolta-terapeutica-49059\" target=\"_blank\" rel=\"noopener\">Pfizer\u00a0annuncia la disponibilit\u00e0 in Italia di <strong>aztreonam\/avibactam<\/strong><\/a><\/p>\n<p><a href=\"https:\/\/www.fimmg.org\/it\/Comunicati_Stampa\/art\/6125-antibioticoresistenza-venesia-fimmg-area-farmaco\/\" target=\"_blank\" rel=\"noopener\">Antibioticoresistenza, Venesia (Fimmg Area farmaco)<\/a><\/p>\n<p><a href=\"https:\/\/portale.fnomceo.it\/verso-il-convegno-la-scienza-medica-al-servizio-dellumanita-antibioticoresistenza-avremo-nuove-armi-contro-i-batteri-colloquio-con-rino-rappuoli-direttore-scientifico-de\/\" target=\"_blank\" rel=\"noopener\">FNONCeO. Convegno \u201cLa Scienza medica al servizio dell\u2019umanit\u00e0\u201d. Antibioticoresistenza: avremo nuove armi contro i batteri? Colloquio con Rino Rappuoli, Direttore Scientifico della Fondazione Biotecnopolo di Siena<\/a><\/p>\n<p><a href=\"https:\/\/www.who.int\/news\/item\/19-11-2025-more-countries-report-rising-levels-of-drug-resistant-gonorrhoea--warns-who\" target=\"_blank\" rel=\"noopener\">OMS. Pi\u00f9 paesi segnalano livelli crescenti di gonorrea resistente ai farmaci<\/a><\/p>","protected":false},"excerpt":{"rendered":"<p>Una iniziativa europea Necessarie azioni pi\u00f9 incisive e rapide per contrastare il fenomeno globale dell\u2019antimicrobico-resistenza. Europa e Italia ancora lontani dagli obiettivi 2030 per la riduzione dei consumi e il contenimento delle resistenze In Europa un\u2019infezione ospedaliera su 3 \u00e8 multiresistente, riducendo le opzioni terapeutiche a disposizione di medici e pazienti Resta elevato il consumo &hellip;<\/p>","protected":false},"author":4,"featured_media":84958,"comment_status":"closed","ping_status":"closed","sticky":false,"template":"","format":"standard","meta":{"footnotes":""},"categories":[1],"tags":[73],"class_list":["post-84954","post","type-post","status-publish","format-standard","has-post-thumbnail","hentry","category-notizie","tag-batteri-farmacoresistenza"],"amp_enabled":true,"_links":{"self":[{"href":"https:\/\/www.fedaiisf.it\/en\/wp-json\/wp\/v2\/posts\/84954","targetHints":{"allow":["GET"]}}],"collection":[{"href":"https:\/\/www.fedaiisf.it\/en\/wp-json\/wp\/v2\/posts"}],"about":[{"href":"https:\/\/www.fedaiisf.it\/en\/wp-json\/wp\/v2\/types\/post"}],"author":[{"embeddable":true,"href":"https:\/\/www.fedaiisf.it\/en\/wp-json\/wp\/v2\/users\/4"}],"replies":[{"embeddable":true,"href":"https:\/\/www.fedaiisf.it\/en\/wp-json\/wp\/v2\/comments?post=84954"}],"version-history":[{"count":6,"href":"https:\/\/www.fedaiisf.it\/en\/wp-json\/wp\/v2\/posts\/84954\/revisions"}],"predecessor-version":[{"id":84963,"href":"https:\/\/www.fedaiisf.it\/en\/wp-json\/wp\/v2\/posts\/84954\/revisions\/84963"}],"wp:featuredmedia":[{"embeddable":true,"href":"https:\/\/www.fedaiisf.it\/en\/wp-json\/wp\/v2\/media\/84958"}],"wp:attachment":[{"href":"https:\/\/www.fedaiisf.it\/en\/wp-json\/wp\/v2\/media?parent=84954"}],"wp:term":[{"taxonomy":"category","embeddable":true,"href":"https:\/\/www.fedaiisf.it\/en\/wp-json\/wp\/v2\/categories?post=84954"},{"taxonomy":"post_tag","embeddable":true,"href":"https:\/\/www.fedaiisf.it\/en\/wp-json\/wp\/v2\/tags?post=84954"}],"curies":[{"name":"wp","href":"https:\/\/api.w.org\/{rel}","templated":true}]}}